{"id":14198,"date":"2026-02-04T00:00:09","date_gmt":"2026-02-04T00:00:09","guid":{"rendered":"https:\/\/bihavadis.com\/?p=14198"},"modified":"2026-02-04T00:00:09","modified_gmt":"2026-02-04T00:00:09","slug":"cumhurbaskanligi-iletisim-baskanligi-379-feto-ve-feto-iltisakli-sosyal-medya-hesabi-tespit-edildi","status":"publish","type":"post","link":"https:\/\/bihavadis.com\/index.php\/2026\/02\/04\/cumhurbaskanligi-iletisim-baskanligi-379-feto-ve-feto-iltisakli-sosyal-medya-hesabi-tespit-edildi\/","title":{"rendered":"Cumhurba\u015fkanl\u0131\u011f\u0131 \u0130leti\u015fim Ba\u015fkanl\u0131\u011f\u0131: 379 FET\u00d6 ve FET\u00d6 iltisakl\u0131 sosyal medya hesab\u0131 tespit edildi"},"content":{"rendered":"<p>\n<p>\u0130LET\u0130\u015e\u0130M Ba\u015fkan\u0131 Burhanettin Duran, &#8220;Cumhurba\u015fkanl\u0131\u011f\u0131 \u0130leti\u015fim Ba\u015fkanl\u0131\u011f\u0131m\u0131z taraf\u0131ndan y\u00fcr\u00fct\u00fclen kapsaml\u0131 dijital izleme ve analiz \u00e7al\u0131\u015fmalar\u0131 neticesinde, 379 FET\u00d6 ve FET\u00d6 iltisakl\u0131 sosyal medya hesab\u0131 tespit edilmi\u015ftir&#8221; dedi.<\/p>\n<p>\u0130leti\u015fim Ba\u015fkan\u0131 Burhanettin Duran, sanal medya hesab\u0131ndan yapt\u0131\u011f\u0131 payla\u015f\u0131mda, &#8220;Cumhurba\u015fkanl\u0131\u011f\u0131 \u0130leti\u015fim Ba\u015fkanl\u0131\u011f\u0131m\u0131z taraf\u0131ndan y\u00fcr\u00fct\u00fclen kapsaml\u0131 dijital izleme ve analiz \u00e7al\u0131\u015fmalar\u0131 neticesinde, 379 FET\u00d6 ve FET\u00d6 iltisakl\u0131 sosyal medya hesab\u0131 tespit edilmi\u015ftir. S\u00f6z konusu hesaplar\u0131n, ter\u00f6r propagandas\u0131 y\u00fcr\u00fctt\u00fckleri ve sistematik bi\u00e7imde dezenformasyon \u00fcrettikleri a\u00e7\u0131k\u00e7a ortaya koyulmu\u015ftur. Bu tespitlerin ard\u0131ndan ilgili kurumlar\u0131m\u0131zla tam bir koordinasyon i\u00e7erisinde derhal harekete ge\u00e7ilmi\u015f, milli g\u00fcvenli\u011fimizi hedef alan bu dijital a\u011flara y\u00f6nelik gerekli eri\u015fim engelleme ve hukuki i\u015flemler uygulanm\u0131\u015ft\u0131r. Cumhurba\u015fkan\u0131m\u0131z Say\u0131n Recep Tayyip Erdo\u011fan&#8217;\u0131n liderli\u011finde T\u00fcrkiye, ter\u00f6rle m\u00fccadelesini yaln\u0131zca sahada de\u011fil, dijital platformlarda da kararl\u0131l\u0131kla s\u00fcrd\u00fcrmektedir. Hi\u00e7bir ter\u00f6r \u00f6rg\u00fct\u00fcne, uzant\u0131lar\u0131na ve alg\u0131 operasyonlar\u0131na dijital alanlar da dahil olmak \u00fczere asla m\u00fcsamaha g\u00f6sterilmeyecektir&#8221; ifadelerini kulland\u0131. <\/p>\n","protected":false},"excerpt":{"rendered":"<p>\u0130LET\u0130\u015e\u0130M Ba\u015fkan\u0131 Burhanettin Duran, &#8220;Cumhurba\u015fkanl\u0131\u011f\u0131 \u0130leti\u015fim Ba\u015fkanl\u0131\u011f\u0131m\u0131z taraf\u0131ndan y\u00fcr\u00fct\u00fclen kapsaml\u0131 dijital izleme ve analiz \u00e7al\u0131\u015fmalar\u0131 neticesinde, 379 FET\u00d6 ve FET\u00d6 iltisakl\u0131 sosyal medya hesab\u0131 tespit edilmi\u015ftir&#8221; dedi.<\/p>\n","protected":false},"author":1,"featured_media":14199,"comment_status":"open","ping_status":"open","sticky":false,"template":"","format":"standard","meta":{"footnotes":""},"categories":[12],"tags":[1046],"class_list":["post-14198","post","type-post","status-publish","format-standard","has-post-thumbnail","hentry","category-siyaset","tag-dijital"],"_links":{"self":[{"href":"https:\/\/bihavadis.com\/index.php\/wp-json\/wp\/v2\/posts\/14198","targetHints":{"allow":["GET"]}}],"collection":[{"href":"https:\/\/bihavadis.com\/index.php\/wp-json\/wp\/v2\/posts"}],"about":[{"href":"https:\/\/bihavadis.com\/index.php\/wp-json\/wp\/v2\/types\/post"}],"author":[{"embeddable":true,"href":"https:\/\/bihavadis.com\/index.php\/wp-json\/wp\/v2\/users\/1"}],"replies":[{"embeddable":true,"href":"https:\/\/bihavadis.com\/index.php\/wp-json\/wp\/v2\/comments?post=14198"}],"version-history":[{"count":1,"href":"https:\/\/bihavadis.com\/index.php\/wp-json\/wp\/v2\/posts\/14198\/revisions"}],"predecessor-version":[{"id":14200,"href":"https:\/\/bihavadis.com\/index.php\/wp-json\/wp\/v2\/posts\/14198\/revisions\/14200"}],"wp:featuredmedia":[{"embeddable":true,"href":"https:\/\/bihavadis.com\/index.php\/wp-json\/wp\/v2\/media\/14199"}],"wp:attachment":[{"href":"https:\/\/bihavadis.com\/index.php\/wp-json\/wp\/v2\/media?parent=14198"}],"wp:term":[{"taxonomy":"category","embeddable":true,"href":"https:\/\/bihavadis.com\/index.php\/wp-json\/wp\/v2\/categories?post=14198"},{"taxonomy":"post_tag","embeddable":true,"href":"https:\/\/bihavadis.com\/index.php\/wp-json\/wp\/v2\/tags?post=14198"}],"curies":[{"name":"wp","href":"https:\/\/api.w.org\/{rel}","templated":true}]}}