{"id":14231,"date":"2026-02-04T00:30:05","date_gmt":"2026-02-04T00:30:05","guid":{"rendered":"https:\/\/bihavadis.com\/?p=14231"},"modified":"2026-02-04T00:30:05","modified_gmt":"2026-02-04T00:30:05","slug":"inegol-belediyesinin-kandil-gelenegi-lazlar-camiinde-devam-etti","status":"publish","type":"post","link":"https:\/\/bihavadis.com\/index.php\/2026\/02\/04\/inegol-belediyesinin-kandil-gelenegi-lazlar-camiinde-devam-etti\/","title":{"rendered":"\u0130neg\u00f6l Belediyesi&#8217;nin Kandil Gelene\u011fi Lazlar Camii&#8217;nde Devam Etti"},"content":{"rendered":"<p><span><span>\u0130neg\u00f6l Belediyesi\u2019nin her kandilde farkl\u0131 bir camide s\u00fcrd\u00fcrd\u00fc\u011f\u00fc helva ikram\u0131 gelene\u011fi, Berat Kandilinde Lazlar Camii\u2019nde ger\u00e7ekle\u015ftirildi.<\/span><\/span><\/p>\n<p><span><span>\u0130neg\u00f6l\u2019de kandil gecelerinin vazge\u00e7ilmezi haline gelen \u0130neg\u00f6l Belediyesi\u2019nin helva ikramlar\u0131, Berat Kandilinde de devam etti. Her kandilde farkl\u0131 bir camide vatanda\u015flara helva ikram\u0131nda bulunan \u0130neg\u00f6l Belediyesi, Berat Kandili dolay\u0131s\u0131yla Lazlar Camii\u2019nde ikramlar ger\u00e7ekle\u015ftirdi.<\/span><\/span><\/p>\n<p><span><span>Berat Kandili vesilesiyle Lazlar Camii\u2019nde k\u0131l\u0131nan yats\u0131 namaz\u0131na; AK Parti Bursa Milletvekili Ayhan Salman, \u0130neg\u00f6l Belediye Ba\u015fkan\u0131 Alper Taban, AK Parti \u0130neg\u00f6l \u0130l\u00e7e Ba\u015fkan\u0131 Mustafa Durmu\u015f ile parti y\u00f6neticileri ve Belediye Meclis \u00dcyeleri de kat\u0131ld\u0131. Protokol \u00fcyeleri, vatanda\u015flarla birlikte yats\u0131 namaz\u0131n\u0131 eda etti. Namaz\u0131n ard\u0131ndan cami cemaatinin ve vatanda\u015flar\u0131n Berat Kandilini tebrik eden protokol \u00fcyeleri, \u0130neg\u00f6l Belediyesi taraf\u0131ndan haz\u0131rlanan helvalar\u0131 vatanda\u015flara ikram etti. Kandil gecesinin manevi atmosferinde ger\u00e7ekle\u015ftirilen ikram, vatanda\u015flar taraf\u0131ndan memnuniyetle kar\u015f\u0131land\u0131. Belediye Ba\u015fkan\u0131 Alper Taban, t\u00fcm il\u00e7e halk\u0131n\u0131n Berat Kandilini tebrik etti.<\/span><\/span><\/p>\n<p>\u00a0<\/p>\n<p>Kaynak: (BYZHA) Beyaz Haber Ajans\u0131<\/p>\n","protected":false},"excerpt":{"rendered":"<p>\u0130neg\u00f6l Belediyesi\u2019nin her kandilde farkl\u0131 bir camide s\u00fcrd\u00fcrd\u00fc\u011f\u00fc helva ikram\u0131 gelene\u011fi, Berat Kandilinde Lazlar Camii\u2019nde ger\u00e7ekle\u015ftirildi.<\/p>\n","protected":false},"author":1,"featured_media":14232,"comment_status":"open","ping_status":"open","sticky":false,"template":"","format":"standard","meta":{"footnotes":""},"categories":[4],"tags":[2390,1172,2895,2896,1135],"class_list":["post-14231","post","type-post","status-publish","format-standard","has-post-thumbnail","hentry","category-gundem","tag-berat-kandili","tag-cami","tag-ikram","tag-inegol-belediye","tag-vatandaslar"],"_links":{"self":[{"href":"https:\/\/bihavadis.com\/index.php\/wp-json\/wp\/v2\/posts\/14231","targetHints":{"allow":["GET"]}}],"collection":[{"href":"https:\/\/bihavadis.com\/index.php\/wp-json\/wp\/v2\/posts"}],"about":[{"href":"https:\/\/bihavadis.com\/index.php\/wp-json\/wp\/v2\/types\/post"}],"author":[{"embeddable":true,"href":"https:\/\/bihavadis.com\/index.php\/wp-json\/wp\/v2\/users\/1"}],"replies":[{"embeddable":true,"href":"https:\/\/bihavadis.com\/index.php\/wp-json\/wp\/v2\/comments?post=14231"}],"version-history":[{"count":1,"href":"https:\/\/bihavadis.com\/index.php\/wp-json\/wp\/v2\/posts\/14231\/revisions"}],"predecessor-version":[{"id":14233,"href":"https:\/\/bihavadis.com\/index.php\/wp-json\/wp\/v2\/posts\/14231\/revisions\/14233"}],"wp:featuredmedia":[{"embeddable":true,"href":"https:\/\/bihavadis.com\/index.php\/wp-json\/wp\/v2\/media\/14232"}],"wp:attachment":[{"href":"https:\/\/bihavadis.com\/index.php\/wp-json\/wp\/v2\/media?parent=14231"}],"wp:term":[{"taxonomy":"category","embeddable":true,"href":"https:\/\/bihavadis.com\/index.php\/wp-json\/wp\/v2\/categories?post=14231"},{"taxonomy":"post_tag","embeddable":true,"href":"https:\/\/bihavadis.com\/index.php\/wp-json\/wp\/v2\/tags?post=14231"}],"curies":[{"name":"wp","href":"https:\/\/api.w.org\/{rel}","templated":true}]}}