{"id":14241,"date":"2026-02-04T00:39:38","date_gmt":"2026-02-04T00:39:38","guid":{"rendered":"https:\/\/bihavadis.com\/?p=14241"},"modified":"2026-02-04T00:39:38","modified_gmt":"2026-02-04T00:39:38","slug":"erzurumun-uretim-vizyonu-istisareleri","status":"publish","type":"post","link":"https:\/\/bihavadis.com\/index.php\/2026\/02\/04\/erzurumun-uretim-vizyonu-istisareleri\/","title":{"rendered":"Erzurum&#8217;un \u00dcretim Vizyonu \u0130sti\u015fareleri"},"content":{"rendered":"<p>Anadolu Aslanlar\u0131 \u0130\u015fadamlar\u0131 Derne\u011fi (ASKON) Erzurum \u015eube Ba\u015fkan\u0131 Yavuz Selim Turan, Y\u00f6netim Kurulu \u00dcyeleri Erzurum Ticaret ve Sanayi Odas\u0131 (ETSO) Y\u00f6netim Kurulu Ba\u015fkan\u0131 Saim \u00d6zakal\u0131n&#8217;\u0131, Erzurum Ticaret Borsas\u0131 Ba\u015fkan Hakan Oral&#8217;\u0131 ziyaret ederek nitelikli \u00fcretim, katma de\u011ferli mahsul ve yerelden g\u00fc\u00e7 alan kalk\u0131nma vizyonu \u00fczerine verimli isti\u015fareler g\u00f6r\u00fc\u015f\u00fcld\u00fc.<\/p>\n<p>T\u00fcrkiye Odalar ve Borsalar Birli\u011fi (TOBB) Y\u00f6netim Kurulu \u00dcyesi ve Erzurum Ticaret ve Sanayi Odas\u0131 (ETSO) Y\u00f6netim Kurulu Ba\u015fkan\u0131 Saim \u00d6zakal\u0131n, Anadolu Aslanlar\u0131 \u0130\u015fadamlar\u0131 Derne\u011fi (ASKON) Erzurum \u015eube Ba\u015fkan\u0131 Yavuz Selim Turan ve Y\u00f6netim Kurulu \u00dcyeleri Ba\u015fkan \u00d6zakal\u0131n&#8217;\u0131 ziyaret kapsam\u0131nda ger\u00e7ekle\u015fen g\u00f6r\u00fc\u015fmede, kentin \u00fcretim vizyonuna ivme kazand\u0131racak stratejik hamleler ele al\u0131nd\u0131. Anadolu Aslanlar\u0131 \u0130\u015fadamlar\u0131 Derne\u011fi (ASKON) Erzurum \u015eube Ba\u015fkan\u0131 Yavuz Selim Turan, kentin \u00fcretim vizyonuna ivme kazand\u0131racak stratejik hamleler ele al\u0131nd\u0131. Nezaket ziyaretinde i\u015f d\u00fcnyas\u0131 temsilcileri aras\u0131ndaki koordinasyonun \u00f6nemine vurgu yap\u0131ld\u0131. Erzurum Ticaret ve Sanayi Odas\u0131&#8217;nda ger\u00e7ekle\u015fen toplant\u0131n\u0131n ana g\u00fcndemini, yat\u0131r\u0131m talepleri ve b\u00f6lgesel kalk\u0131nma projeleri olu\u015fturdu.<\/p>\n<p>&#8220;Sanayi g\u00fc\u00e7lenirse Erzurum b\u00fcy\u00fcr, \u0130stihdam artarsa \u015fehir nefes al\u0131r.&#8221;<\/p>\n<p>Beraberinde ASKON \u015eube Ba\u015fkan Yard\u0131mc\u0131lar\u0131 G\u00fcrb\u00fcz Kele\u015f, Selami Ati\u015f, Ufuk Demir, Yakup \u015eorakl\u0131, Fatih G\u00fcneyin ve Emre Yaz\u0131c\u0131o\u011flu ile birlikte; Erzurum&#8217;un s\u00fcrd\u00fcr\u00fclebilir kalk\u0131nmas\u0131, \u00fcretim g\u00fcc\u00fc, sanayi vizyonu ve istihdam potansiyeli \u00fczerine ufuk a\u00e7\u0131c\u0131 bir isti\u015fare ger\u00e7ekle\u015ftirdiklerini ifade eden ASKON \u015eube Ba\u015fkan\u0131 Yavuz Selim Turan,&#8221;Biz inan\u0131yoruz ki; Sanayi g\u00fc\u00e7lenirse Erzurum b\u00fcy\u00fcr,\u0130stihdam artarsa \u015fehir nefes al\u0131r. ASKON olarak; Bug\u00fcn\u00fc planlayan, yar\u0131n\u0131 in\u015fa eden bir anlay\u0131\u015fla,ortak ak\u0131lla, isti\u015fareyle ve al\u0131n teriyle Erzurum&#8217;un kalk\u0131nma y\u00fcr\u00fcy\u00fc\u015f\u00fcne katk\u0131 sunmaya kararl\u0131y\u0131z.&#8221; Diye konu\u015ftu.<\/p>\n<p>Yap\u0131lan g\u00f6r\u00fc\u015fmede Ba\u015fkan \u00d6zakal\u0131n, ASKON \u015eube Ba\u015fkan\u0131 Yavuz Selim Turan&#8217;a Y\u00f6netim Kurulu \u00dcyelerine Te\u015fekk\u00fcr ederek, Erzurum&#8217;un sanayi altyap\u0131s\u0131ndaki son durum detayl\u0131ca ele al\u0131nd\u0131. \u015eehrin \u00fcretim \u00fcss\u00fc olma hedefine b\u00fcy\u00fck katk\u0131 sa\u011flayan 2. Organize Sanayi B\u00f6lgesi (2. OSB) ile ilgili verileri payla\u015fan Ticaret Odas\u0131 Ba\u015fkan\u0131 Saim \u00d6zakal\u0131n, yat\u0131r\u0131mc\u0131 ilgisinin artarak devam etti\u011fini ifade ederek,2. OSB&#8217;de tahsis s\u00fcreci tamamlanan alanlar\u0131n haricinde, \u015fu an itibar\u0131yla 300&#8217;e yak\u0131n firman\u0131n ve yat\u0131r\u0131mc\u0131n\u0131n ba\u015fvuruda bulundu\u011funu bu yo\u011fun talebin, Erzurum&#8217;un yat\u0131r\u0131m cazibesini kan\u0131tlad\u0131\u011f\u0131na dikkat \u00e7ekti.<\/p>\n<p>ETSO Ba\u015fkan\u0131 Saim \u00d6zakal\u0131n ve ASKON \u015eube Ba\u015fkan\u0131 Yavuz Selim Turan Ba\u015fkanl\u0131\u011f\u0131ndaki heyetlerin yap\u0131lan isti\u015farelerinde Erzurum 2. OSB geni\u015fleme sahalar\u0131 ve altyap\u0131 projeksiyonlar\u0131. Zengezur Koridoru, Lojistik avantajlar ve d\u0131\u015f ticarete sunaca\u011f\u0131 yeni olanaklar, ekonomik geli\u015fim konular\u0131, Erzurum&#8217;un ticari hayat\u0131na ivme kazand\u0131racak stratejileri, \u015fehirde katma de\u011ferli \u00fcretimi art\u0131racak ortak \u00e7al\u0131\u015fma alanlar\u0131, kalk\u0131nma hedefleri do\u011frultusunda kurumlar aras\u0131 i\u015f birli\u011finin g\u00fc\u00e7lenerek devam etmesi temennisinde bulunuldu.<\/p>\n<p>Ba\u015fkan Oral, &#8216;Tar\u0131m ve Hayvanc\u0131l\u0131kta Verimlilik Arts\u0131n&#8217;<\/p>\n<p>\u0130kinci ziyaretini Erzurum Ticaret Borsas\u0131na ger\u00e7ekle\u015ftiren ASKON Heyeti, Erzurum Ticaret Borsas\u0131 Ba\u015fkan Hakan Oral&#8217;\u0131 ziyaret etti. Ziyaretten memnuniyet duydu\u011funu ifade eden Ba\u015fkan Oral, \u015fehrin ekonomik alan\u0131ndaki g\u00f6r\u00fc\u015f al\u0131\u015f veri\u015finde bulundu.<\/p>\n<p>Erzurum&#8217;un sahip oldu\u011fu do\u011fal kaynaklar, co\u011frafi konumu ve k\u00fclt\u00fcrel zenginlikleriyle b\u00f6lgesel bir \u00fcretim ve ticaret merkezi olma potansiyeline dikkat \u00e7ekti. Ba\u015fkan Oral, \u00f6zellikle tar\u0131m ve hayvanc\u0131l\u0131k sekt\u00f6rlerinde verimlili\u011fin art\u0131r\u0131lmas\u0131 gerekti\u011fini ifade ederek, &#8216;Erzurum&#8217;un sahip oldu\u011fu gastronomi k\u00fclt\u00fcr\u00fcn\u00fcn ve turizm de\u011ferlerinin hem ekonomik hem de k\u00fclt\u00fcrel a\u00e7\u0131dan b\u00fcy\u00fck bir f\u0131rsat sundu\u011funu belirten Ba\u015fkan Oral, &#8220;Erzurum, tarihinden ald\u0131\u011f\u0131 g\u00fc\u00e7le bir turizm ve gastronomi kentidir. Bu potansiyelin daha etkin kullan\u0131lmas\u0131 i\u00e7in devlet destekleri ve \u00f6zel sekt\u00f6r yat\u0131r\u0131mlar\u0131 art\u0131r\u0131lmal\u0131d\u0131r.&#8221; diye konu\u015ftu.<\/p>\n<p>Anadolu Aslanlar\u0131 \u0130\u015fadamlar\u0131 Derne\u011fi (ASKON) Erzurum \u015eube Ba\u015fkan\u0131 Yavuz Selim Turan ise \u015fehir ekonomisinin b\u00fcy\u00fcmesi ve s\u00fcrd\u00fcr\u00fclebilir hale gelmesi i\u00e7in kamu, \u00f6zel sekt\u00f6r ve sivil toplum kurulu\u015flar\u0131 aras\u0131nda g\u00fc\u00e7l\u00fc bir i\u015f birli\u011fi yap\u0131lmas\u0131 gerekti\u011fini belirterek,&#8221;ASKON Erzurum \u015eubesi olarak Erzurum&#8217;un gelece\u011fini birlikte in\u015fa etmek i\u00e7in \u00fcretmek, payla\u015fmak ve i\u015f birli\u011fi yapmak ad\u0131na m\u00fccadelemizi s\u00fcrd\u00fcrece\u011fiz.&#8221; ifadelerini kulland\u0131.<\/p>\n<p>Ba\u015fkan Turan, ziyaret an\u0131s\u0131na ETSO Ba\u015fkan\u0131 \u00d6zakal\u0131n ile ETB Ba\u015fkan\u0131 Oral&#8217;a &#8216;ASKON&#8217; tabak hediye etti. &#8211; ERZURUM<\/p>\n","protected":false},"excerpt":{"rendered":"<p>ASKON ve ETSO y\u00f6neticileri, Erzurum&#8217;un kalk\u0131nma stratejilerini g\u00f6r\u00fc\u015fmek \u00fczere bir araya geldi.<\/p>\n","protected":false},"author":1,"featured_media":14242,"comment_status":"open","ping_status":"open","sticky":false,"template":"","format":"standard","meta":{"footnotes":""},"categories":[8],"tags":[2897,516,1378,1476,406],"class_list":["post-14241","post","type-post","status-publish","format-standard","has-post-thumbnail","hentry","category-ekonomi","tag-askon","tag-baskan","tag-erzurum","tag-sube","tag-ticaret"],"_links":{"self":[{"href":"https:\/\/bihavadis.com\/index.php\/wp-json\/wp\/v2\/posts\/14241","targetHints":{"allow":["GET"]}}],"collection":[{"href":"https:\/\/bihavadis.com\/index.php\/wp-json\/wp\/v2\/posts"}],"about":[{"href":"https:\/\/bihavadis.com\/index.php\/wp-json\/wp\/v2\/types\/post"}],"author":[{"embeddable":true,"href":"https:\/\/bihavadis.com\/index.php\/wp-json\/wp\/v2\/users\/1"}],"replies":[{"embeddable":true,"href":"https:\/\/bihavadis.com\/index.php\/wp-json\/wp\/v2\/comments?post=14241"}],"version-history":[{"count":1,"href":"https:\/\/bihavadis.com\/index.php\/wp-json\/wp\/v2\/posts\/14241\/revisions"}],"predecessor-version":[{"id":14243,"href":"https:\/\/bihavadis.com\/index.php\/wp-json\/wp\/v2\/posts\/14241\/revisions\/14243"}],"wp:featuredmedia":[{"embeddable":true,"href":"https:\/\/bihavadis.com\/index.php\/wp-json\/wp\/v2\/media\/14242"}],"wp:attachment":[{"href":"https:\/\/bihavadis.com\/index.php\/wp-json\/wp\/v2\/media?parent=14241"}],"wp:term":[{"taxonomy":"category","embeddable":true,"href":"https:\/\/bihavadis.com\/index.php\/wp-json\/wp\/v2\/categories?post=14241"},{"taxonomy":"post_tag","embeddable":true,"href":"https:\/\/bihavadis.com\/index.php\/wp-json\/wp\/v2\/tags?post=14241"}],"curies":[{"name":"wp","href":"https:\/\/api.w.org\/{rel}","templated":true}]}}