{"id":14289,"date":"2026-02-04T01:27:06","date_gmt":"2026-02-04T01:27:06","guid":{"rendered":"https:\/\/bihavadis.com\/?p=14289"},"modified":"2026-02-04T01:27:06","modified_gmt":"2026-02-04T01:27:06","slug":"memorial-saglik-grubu-yilin-en-itibarli-markasi-secildi","status":"publish","type":"post","link":"https:\/\/bihavadis.com\/index.php\/2026\/02\/04\/memorial-saglik-grubu-yilin-en-itibarli-markasi-secildi\/","title":{"rendered":"Memorial Sa\u011fl\u0131k Grubu, &#8220;Y\u0131l\u0131n En \u0130tibarl\u0131 Markas\u0131&#8221; Se\u00e7ildi"},"content":{"rendered":"<p>Memorial Sa\u011fl\u0131k Grubu, Marketing T\u00fcrkiye ve Akademetre i\u015f birli\u011fiyle d\u00fczenlenen The ONE Awards B\u00fct\u00fcnle\u015fik Pazarlama \u00d6d\u00fclleri\u2019nin \u00f6zel sa\u011fl\u0131k kurumlar\u0131 kategorisinde, 3. kez \u201cY\u0131l\u0131n En \u0130tibarl\u0131s\u0131\u201d se\u00e7ildi. Memorial, 2025 y\u0131l\u0131nda g\u00f6sterdi\u011fi g\u00fc\u00e7l\u00fc marka y\u00f6netimi, tutarl\u0131 ileti\u015fim yakla\u015f\u0131m\u0131 ve s\u00fcrd\u00fcr\u00fclebilir itibar performans\u0131yla bir kez daha sa\u011fl\u0131k sekt\u00f6r\u00fcn\u00fcn lideri oldu. \u00a0<\/p>\n<p>Pazarlama sekt\u00f6r\u00fcn en \u00f6nemli referans \u00f6d\u00fclleri aras\u0131nda g\u00f6sterilen ve bu y\u0131l 12\u2019cisi d\u00fczenlenen The ONE Awards\u2019\u0131n \u00f6d\u00fcl t\u00f6reni 2 \u015eubat\u2019ta Divan Kuru\u00e7e\u015fme\u2019de d\u00fczenlendi. Y\u0131l boyunca itibar\u0131n\u0131 en \u00e7ok art\u0131ran markalar, T\u00fcrkiye genelinde 12 ilde, bin 200 ki\u015fiyle y\u00fcz y\u00fcze yap\u0131lan g\u00f6r\u00fc\u015fmeler sonucunda belirlendi.<\/p>\n<p><strong>\u201cSa\u011fl\u0131kta itibar, g\u00fcven \u00fczerine kurulur\u201d<\/strong>\u00a0<\/p>\n<p>The One Awards\u2019ta \u00fc\u00e7\u00fcnc\u00fc kez \u201cY\u0131l\u0131n \u0130tibarl\u0131 Markas\u0131\u201d se\u00e7ilmenin \u00f6nemli bir g\u00fcven g\u00f6stergesi oldu\u011funu belirten Memorial Sa\u011fl\u0131k Grubu CEO\u2019su Bora Ulud\u00fcz s\u00f6zlerine \u015f\u00f6yle devam etti: \u201cBir sa\u011fl\u0131k kurumunun ger\u00e7ek kalite seviyesi, klinik ba\u015far\u0131lar\u0131n yan\u0131 s\u0131ra hastalar\u0131n kendini g\u00fcvende hissetti\u011fi bir deneyimi sunabilme kapasitesiyle \u00f6l\u00e7\u00fcl\u00fcr. Biz de Memorial Sa\u011fl\u0131k Grubu olarak 25 y\u0131ld\u0131r bu sorumlulu\u011fun bilinciyle t\u0131bb\u00ee yetkinli\u011fimizi, ba\u011fl\u0131 oldu\u011fumuz etik de\u011ferler, insan odakl\u0131 hizmet anlay\u0131\u015f\u0131m\u0131z ve \u00e7a\u011f\u0131n gerektirdi\u011fi teknolojik standartlarla bir araya getiriyoruz. T\u00fcm s\u00fcre\u00e7lerde g\u00f6sterdi\u011fimiz disiplin, \u015feffaf ileti\u015fim yakla\u015f\u0131m\u0131m\u0131z ve y\u00fcksek standartlardaki kararl\u0131l\u0131\u011f\u0131m\u0131z ba\u015far\u0131m\u0131z\u0131n temelini olu\u015fturuyor. Bu \u00f6d\u00fcl\u00fcn halk\u0131n de\u011ferlendirmelerine dayanan ba\u011f\u0131ms\u0131z bir ara\u015ft\u0131rma sonucunda verilmesi, bizim a\u00e7\u0131m\u0131zdan ayr\u0131 bir de\u011fer ta\u015f\u0131yor. Memorial ailesi olarak bu g\u00fcvene lay\u0131k olmak i\u00e7in bilimin, ilkelerimizin ve her \u015feyden \u00f6nce insana sayg\u0131n\u0131n pe\u015finden gitmeye devam edece\u011fiz.\u201d<\/p>\n<p><strong>Uluslararas\u0131 Kalite Standartlar\u0131nda Hizmet\u00a0<\/strong><\/p>\n<p>Memorial Sa\u011fl\u0131k Grubu, 13 hastanesi ve ileri t\u0131p teknolojisi ile donat\u0131lan tan\u0131-tedavi \u00fcnitelerinde, hepsi alan\u0131nda uzman doktorlar\u0131 ve sa\u011fl\u0131k personeliyle uluslararas\u0131 kalite standartlar\u0131nda sa\u011fl\u0131k hizmeti sunuyor. \u00a0<\/p>\n<p>\u00a0<\/p>\n<p>Kaynak: (BYZHA) Beyaz Haber Ajans\u0131<\/p>\n","protected":false},"excerpt":{"rendered":"<p>Memorial Sa\u011fl\u0131k Grubu, Marketing T\u00fcrkiye ve Akademetre i\u015f birli\u011fiyle d\u00fczenlenen The ONE Awards B\u00fct\u00fcnle\u015fik Pazarlama \u00d6d\u00fclleri\u2019nin \u00f6zel sa\u011fl\u0131k kurumlar\u0131 kategorisinde, 3. kez \u201cY\u0131l\u0131n En \u0130tibarl\u0131s\u0131\u201d se\u00e7ildi.<\/p>\n","protected":false},"author":1,"featured_media":14290,"comment_status":"open","ping_status":"open","sticky":false,"template":"","format":"standard","meta":{"footnotes":""},"categories":[11],"tags":[2905,2904,157],"class_list":["post-14289","post","type-post","status-publish","format-standard","has-post-thumbnail","hentry","category-saglik","tag-itibar","tag-memorial","tag-saglik"],"_links":{"self":[{"href":"https:\/\/bihavadis.com\/index.php\/wp-json\/wp\/v2\/posts\/14289","targetHints":{"allow":["GET"]}}],"collection":[{"href":"https:\/\/bihavadis.com\/index.php\/wp-json\/wp\/v2\/posts"}],"about":[{"href":"https:\/\/bihavadis.com\/index.php\/wp-json\/wp\/v2\/types\/post"}],"author":[{"embeddable":true,"href":"https:\/\/bihavadis.com\/index.php\/wp-json\/wp\/v2\/users\/1"}],"replies":[{"embeddable":true,"href":"https:\/\/bihavadis.com\/index.php\/wp-json\/wp\/v2\/comments?post=14289"}],"version-history":[{"count":1,"href":"https:\/\/bihavadis.com\/index.php\/wp-json\/wp\/v2\/posts\/14289\/revisions"}],"predecessor-version":[{"id":14291,"href":"https:\/\/bihavadis.com\/index.php\/wp-json\/wp\/v2\/posts\/14289\/revisions\/14291"}],"wp:featuredmedia":[{"embeddable":true,"href":"https:\/\/bihavadis.com\/index.php\/wp-json\/wp\/v2\/media\/14290"}],"wp:attachment":[{"href":"https:\/\/bihavadis.com\/index.php\/wp-json\/wp\/v2\/media?parent=14289"}],"wp:term":[{"taxonomy":"category","embeddable":true,"href":"https:\/\/bihavadis.com\/index.php\/wp-json\/wp\/v2\/categories?post=14289"},{"taxonomy":"post_tag","embeddable":true,"href":"https:\/\/bihavadis.com\/index.php\/wp-json\/wp\/v2\/tags?post=14289"}],"curies":[{"name":"wp","href":"https:\/\/api.w.org\/{rel}","templated":true}]}}