{"id":14315,"date":"2026-02-04T01:51:07","date_gmt":"2026-02-04T01:51:07","guid":{"rendered":"https:\/\/bihavadis.com\/?p=14315"},"modified":"2026-02-04T01:51:07","modified_gmt":"2026-02-04T01:51:07","slug":"efes-selcukta-hem-spor-hem-sosyal-destek-meclisten-onemli-aciklamalar","status":"publish","type":"post","link":"https:\/\/bihavadis.com\/index.php\/2026\/02\/04\/efes-selcukta-hem-spor-hem-sosyal-destek-meclisten-onemli-aciklamalar\/","title":{"rendered":"Efes Sel\u00e7uk&#8217;ta Hem Spor Hem Sosyal Destek: Meclisten \u00d6nemli A\u00e7\u0131klamalar"},"content":{"rendered":"<p>Efes Sel\u00e7uk Belediyesi \u015eubat Ay\u0131 Meclis Toplant\u0131s\u0131, art arda ger\u00e7ekle\u015ftirilen iki oturumla tamamland\u0131. Ba\u015fkan vekili Nuri Cafero\u011flu\u2019nun y\u00f6netti\u011fi toplant\u0131da, Efes Sel\u00e7uk Belediye Ba\u015fkan Yard\u0131mc\u0131s\u0131 Erhan G\u00fczel, ge\u00e7en ayki meclis toplant\u0131s\u0131nda meclis \u00fcyeleri taraf\u0131ndan y\u00f6neltilen sorulara ili\u015fkin \u00f6nemli bilgilendirmelerde bulundu.<\/p>\n<p><b>RED\u0130 T\u00dcRK\u0130YE PROTOKOL\u00dc MECL\u0130STEN GE\u00c7T\u0130<\/b><\/p>\n<p>RED\u0130 T\u00fcrkiye ile Efes Sel\u00e7uk Belediyesi aras\u0131nda imzalanan protokol hakk\u0131nda bilgi veren Erhan G\u00fczel, s\u00f6z konusu \u00e7al\u0131\u015fman\u0131n kentin alt gelir grubunda yer alan Roman vatanda\u015flar\u0131n, \u00f6zellikle de Roman gen\u00e7lerin ekonomik hayata daha g\u00fc\u00e7l\u00fc kat\u0131l\u0131m\u0131n\u0131 ama\u00e7lad\u0131\u011f\u0131n\u0131 belirtti. G\u00fczel, protokol\u00fcn belediyeye herhangi bir mali y\u00fck getirmedi\u011fini ve belediye meclisinden ge\u00e7erek y\u00fcr\u00fcrl\u00fc\u011fe girdi\u011fini ifade etti.<\/p>\n<p><b>KAPALI Y\u00dcZME HAVUZU KULLANIMA HAZIR<\/b><\/p>\n<p>Olimpik Performans Spor Kul\u00fcb\u00fc ile yap\u0131lan protokol kapsam\u0131nda Efes Sel\u00e7uk\u2019a kapal\u0131 bir y\u00fczme havuzu kazand\u0131r\u0131ld\u0131\u011f\u0131n\u0131 belirten G\u00fczel, havuzun in\u015faat\u0131n\u0131n tamamland\u0131\u011f\u0131n\u0131 ve kullan\u0131ma haz\u0131r oldu\u011funu s\u00f6yledi. Ana binada bulunan soyunma odalar\u0131n\u0131n yetersiz ve k\u00f6t\u00fc durumda olmas\u0131 nedeniyle yeni soyunma odalar\u0131n\u0131n yap\u0131m\u0131na ba\u015fland\u0131\u011f\u0131n\u0131 aktaran G\u00fczel, kul\u00fcp yetkililerinin mart ay\u0131 sonu itibar\u0131yla kapal\u0131 y\u00fczme havuzunu hizmete a\u00e7may\u0131 planlad\u0131klar\u0131n\u0131 meclis \u00fcyeleriyle payla\u015ft\u0131.<\/p>\n<p><b>G\u00dcNL\u00dcK 500 K\u0130LO MAMA \u00dcRET\u0130LECEK<\/b><\/p>\n<p>Efes Sel\u00e7uk Belediyesi\u2019nin sokak hayvanlar\u0131na y\u00f6nelik y\u00fcr\u00fctt\u00fc\u011f\u00fc \u00e7al\u0131\u015fmalar hakk\u0131nda da bilgi veren Erhan G\u00fczel, Gloria Tar\u0131m ile rehabilitasyon ve tedavi odakl\u0131 bir protokol\u00fcn meclisten oy birli\u011fiyle ge\u00e7ti\u011fini hat\u0131rlatt\u0131. G\u00fczel, Gloria Tar\u0131m\u2019\u0131n protokol kapsam\u0131nda olmamas\u0131na ra\u011fmen ge\u00e7mi\u015f y\u0131llarda bar\u0131na\u011fa \u00e7e\u015fitli donan\u0131m destekleri sa\u011flad\u0131\u011f\u0131n\u0131, bu y\u0131l ise yakla\u015f\u0131k 4 ton mama ba\u011f\u0131\u015f\u0131nda bulundu\u011funu s\u00f6yledi.<\/p>\n<p>T\u00fcrkiye Belediyeler Birli\u011fi (TBB) deste\u011fiyle mama \u00fcretim parkuru kurulaca\u011f\u0131n\u0131 da hat\u0131rlatan G\u00fczel, 80 metrekarelik kapal\u0131 alan\u0131n yap\u0131m\u0131n\u0131n tamamlanmak \u00fczere oldu\u011funu belirtti. Yemek art\u0131klar\u0131n\u0131n de\u011ferlendirilerek g\u00fcnl\u00fck yakla\u015f\u0131k 500 kilo mama \u00fcretilece\u011fini ifade eden G\u00fczel, \u00fcretilen mamalar\u0131n hem belediye taraf\u0131ndan kullan\u0131laca\u011f\u0131n\u0131 hem de hayvanseverlerle payla\u015f\u0131laca\u011f\u0131n\u0131 dile getirdi.<\/p>\n<p>\u00a0<b>\u00dcRET\u0130C\u0130 PAZARI YO\u011eUN \u0130LG\u0130 G\u00d6R\u00dcYOR<\/b><\/p>\n<p>Efes Tar\u0131msal Kalk\u0131nma Kooperatifi ve Efes Tarlas\u0131 Ya\u015fam K\u00f6y\u00fc\u2019n\u00fcn faaliyetlerine ili\u015fkin sorular\u0131 da yan\u0131tlayan G\u00fczel, kooperatif b\u00fcnyesinde faaliyet g\u00f6steren kad\u0131n \u00fcreticilerin sal\u00e7a, eri\u015fte, nar ek\u015fisi, pasta, po\u011fa\u00e7a ve b\u00f6rek gibi \u00fcr\u00fcnleri satarak gelir elde etti\u011fini s\u00f6yledi. Erhan G\u00fczel, ayr\u0131ca Karaot Yerel Tohum Derne\u011fi ile y\u00fcr\u00fct\u00fclen i\u015f birliklerine de dikkat \u00e7ekti.<\/p>\n<p>Efes Tarlas\u0131 Ya\u015fam K\u00f6y\u00fc\u2019nde, \u0130zmir B\u00fcy\u00fck\u015fehir Belediye Ba\u015fkan\u0131 Cemil Tugay ve Tar\u0131msal Hizmetler Dairesi Ba\u015fkan\u0131 B\u00fclent \u00dclger\u2019in destekleriyle bug\u00fcne kadar 55 kurs d\u00fczenlendi\u011fini belirten G\u00fczel, kurslar\u0131n periyodik olarak devam etti\u011fini vurgulad\u0131. Budamadan sirke yap\u0131m\u0131na kadar bir\u00e7ok alanda e\u011fitim verildi\u011fini aktaran G\u00fczel, \u00e7ocuklara y\u00f6nelik etkinliklerin d\u00fczenlendi\u011fini ve so\u011fuk k\u0131\u015f ko\u015fullar\u0131na ra\u011fmen \u00dcretici Pazar\u0131\u2019n\u0131n yo\u011fun ilgi g\u00f6rd\u00fc\u011f\u00fcn\u00fc ifade etti.<\/p>\n<p>\u00a0<\/p>\n<p>\u00a0<\/p>\n<p>Kaynak: (BYZHA) Beyaz Haber Ajans\u0131<\/p>\n","protected":false},"excerpt":{"rendered":"<p>Efes Sel\u00e7uk Belediyesi \u015eubat Ay\u0131 Meclis Toplant\u0131s\u0131, art arda ger\u00e7ekle\u015ftirilen iki oturumla tamamland\u0131.<\/p>\n","protected":false},"author":1,"featured_media":14316,"comment_status":"open","ping_status":"open","sticky":false,"template":"","format":"standard","meta":{"footnotes":""},"categories":[4],"tags":[372,1179,2909,397,2908],"class_list":["post-14315","post","type-post","status-publish","format-standard","has-post-thumbnail","hentry","category-gundem","tag-belediye","tag-guzel","tag-mama","tag-meclis","tag-protokol"],"_links":{"self":[{"href":"https:\/\/bihavadis.com\/index.php\/wp-json\/wp\/v2\/posts\/14315","targetHints":{"allow":["GET"]}}],"collection":[{"href":"https:\/\/bihavadis.com\/index.php\/wp-json\/wp\/v2\/posts"}],"about":[{"href":"https:\/\/bihavadis.com\/index.php\/wp-json\/wp\/v2\/types\/post"}],"author":[{"embeddable":true,"href":"https:\/\/bihavadis.com\/index.php\/wp-json\/wp\/v2\/users\/1"}],"replies":[{"embeddable":true,"href":"https:\/\/bihavadis.com\/index.php\/wp-json\/wp\/v2\/comments?post=14315"}],"version-history":[{"count":1,"href":"https:\/\/bihavadis.com\/index.php\/wp-json\/wp\/v2\/posts\/14315\/revisions"}],"predecessor-version":[{"id":14317,"href":"https:\/\/bihavadis.com\/index.php\/wp-json\/wp\/v2\/posts\/14315\/revisions\/14317"}],"wp:featuredmedia":[{"embeddable":true,"href":"https:\/\/bihavadis.com\/index.php\/wp-json\/wp\/v2\/media\/14316"}],"wp:attachment":[{"href":"https:\/\/bihavadis.com\/index.php\/wp-json\/wp\/v2\/media?parent=14315"}],"wp:term":[{"taxonomy":"category","embeddable":true,"href":"https:\/\/bihavadis.com\/index.php\/wp-json\/wp\/v2\/categories?post=14315"},{"taxonomy":"post_tag","embeddable":true,"href":"https:\/\/bihavadis.com\/index.php\/wp-json\/wp\/v2\/tags?post=14315"}],"curies":[{"name":"wp","href":"https:\/\/api.w.org\/{rel}","templated":true}]}}