{"id":14433,"date":"2026-02-04T03:33:04","date_gmt":"2026-02-04T03:33:04","guid":{"rendered":"https:\/\/bihavadis.com\/?p=14433"},"modified":"2026-02-04T03:33:04","modified_gmt":"2026-02-04T03:33:04","slug":"niluferde-berat-kandili-bereketi","status":"publish","type":"post","link":"https:\/\/bihavadis.com\/index.php\/2026\/02\/04\/niluferde-berat-kandili-bereketi\/","title":{"rendered":"Nil\u00fcfer&#8217;de Berat Kandili bereketi"},"content":{"rendered":"<p><b>Nil\u00fcfer Belediyesi, Ramazan ay\u0131n\u0131n habercisi olan Berat Kandili\u2019nde payla\u015fma gelene\u011fini s\u00fcrd\u00fcrd\u00fc. \u0130l\u00e7e genelinde 15 farkl\u0131 noktada yats\u0131 namaz\u0131 sonras\u0131nda vatanda\u015flara toplam 7 bin 500 paket kandil simidi ikram edildi.<\/b><\/p>\n<p>Nil\u00fcfer Belediyesi, \u00f6zel g\u00fcnlerde ve kandil gecelerinde vatanda\u015flarla bir araya gelme gelene\u011fini Berat Kandili\u2019nde de devam ettirdi. Ramazan ay\u0131n\u0131n m\u00fcjdecisi olarak kabul edilen bu gecede, belediye ekipleri kentin d\u00f6rt bir yan\u0131nda vatanda\u015flar\u0131n kandilini kutlad\u0131.<\/p>\n<p>Dayan\u0131\u015fma ve payla\u015fma ruhunun \u00f6n plana \u00e7\u0131kt\u0131\u011f\u0131 gecede, yats\u0131 namaz\u0131n\u0131n ard\u0131ndan cami \u00e7\u0131k\u0131\u015flar\u0131nda kutulan stantlarda vatanda\u015flara kandil simidi da\u011f\u0131t\u0131ld\u0131. G\u00f6r\u00fckle, \u0130rfaniye, Balkan, Hasana\u011fa, Ahmet Yesevi, Balat, Do\u011fank\u00f6y, Minareli\u00e7avu\u015f, Yol\u00e7at\u0131, Cumhuriyet, Ataevler, Konak, Be\u015fevler, \u00c7aml\u0131ca ve G\u00fcm\u00fc\u015ftepe mahallelerinde ger\u00e7ekle\u015ftirilen da\u011f\u0131t\u0131mlarda toplam 7 bin 500 vatanda\u015fa ikramda bulunuldu.<\/p>\n<p>Nil\u00fcfer Belediye Ba\u015fkan Yard\u0131mc\u0131s\u0131 ve belediye meclis \u00fcyeleri de da\u011f\u0131t\u0131mlarda vatanda\u015flarla bir araya geldi.<\/p>\n<p>Camilerdeki da\u011f\u0131t\u0131mlar\u0131n yan\u0131 s\u0131ra belediye hizmet binalar\u0131nda da kandil gelene\u011fi ya\u015fat\u0131ld\u0131. Nil\u00fcfer Belediyesi Halk Evi ve Alaaddinbey Ek Hizmet Binas\u0131\u2019nda, hem belediye personeline hem de vatanda\u015flara kandil simidi ikram edildi.<\/p>\n<p>\u00a0<\/p>\n<p>\u00a0<\/p>\n<p>Kaynak: (BYZHA) Beyaz Haber Ajans\u0131<\/p>\n","protected":false},"excerpt":{"rendered":"<p>Nil\u00fcfer Belediyesi, Ramazan ay\u0131n\u0131n habercisi olan Berat Kandili\u2019nde payla\u015fma gelene\u011fini s\u00fcrd\u00fcrd\u00fc.<\/p>\n","protected":false},"author":1,"featured_media":14434,"comment_status":"open","ping_status":"open","sticky":false,"template":"","format":"standard","meta":{"footnotes":""},"categories":[4],"tags":[372,2753],"class_list":["post-14433","post","type-post","status-publish","format-standard","has-post-thumbnail","hentry","category-gundem","tag-belediye","tag-kandil"],"_links":{"self":[{"href":"https:\/\/bihavadis.com\/index.php\/wp-json\/wp\/v2\/posts\/14433","targetHints":{"allow":["GET"]}}],"collection":[{"href":"https:\/\/bihavadis.com\/index.php\/wp-json\/wp\/v2\/posts"}],"about":[{"href":"https:\/\/bihavadis.com\/index.php\/wp-json\/wp\/v2\/types\/post"}],"author":[{"embeddable":true,"href":"https:\/\/bihavadis.com\/index.php\/wp-json\/wp\/v2\/users\/1"}],"replies":[{"embeddable":true,"href":"https:\/\/bihavadis.com\/index.php\/wp-json\/wp\/v2\/comments?post=14433"}],"version-history":[{"count":1,"href":"https:\/\/bihavadis.com\/index.php\/wp-json\/wp\/v2\/posts\/14433\/revisions"}],"predecessor-version":[{"id":14435,"href":"https:\/\/bihavadis.com\/index.php\/wp-json\/wp\/v2\/posts\/14433\/revisions\/14435"}],"wp:featuredmedia":[{"embeddable":true,"href":"https:\/\/bihavadis.com\/index.php\/wp-json\/wp\/v2\/media\/14434"}],"wp:attachment":[{"href":"https:\/\/bihavadis.com\/index.php\/wp-json\/wp\/v2\/media?parent=14433"}],"wp:term":[{"taxonomy":"category","embeddable":true,"href":"https:\/\/bihavadis.com\/index.php\/wp-json\/wp\/v2\/categories?post=14433"},{"taxonomy":"post_tag","embeddable":true,"href":"https:\/\/bihavadis.com\/index.php\/wp-json\/wp\/v2\/tags?post=14433"}],"curies":[{"name":"wp","href":"https:\/\/api.w.org\/{rel}","templated":true}]}}