{"id":14484,"date":"2026-02-04T04:15:06","date_gmt":"2026-02-04T04:15:06","guid":{"rendered":"https:\/\/bihavadis.com\/?p=14484"},"modified":"2026-02-04T04:15:06","modified_gmt":"2026-02-04T04:15:06","slug":"teror-orgutu-ypgden-haseke-ve-kamislida-sokaga-cikma-yasagi","status":"publish","type":"post","link":"https:\/\/bihavadis.com\/index.php\/2026\/02\/04\/teror-orgutu-ypgden-haseke-ve-kamislida-sokaga-cikma-yasagi\/","title":{"rendered":"Ter\u00f6r \u00f6rg\u00fct\u00fc YPG&#8217;den Haseke ve Kam\u0131\u015fl\u0131\u2019da soka\u011fa \u00e7\u0131kma yasa\u011f\u0131"},"content":{"rendered":"<p>Ter\u00f6r \u00f6rg\u00fct\u00fc YPG&#8217;nin s\u00f6zde <em><b>&#8220;g\u00fcvenlik birimi&#8221;<\/b><\/em>, ABD merkezli Facebook  sosyal medya platformundan yapt\u0131\u011f\u0131 a\u00e7\u0131klamada, Suriye g\u00fc\u00e7lerinin  konu\u015flanmas\u0131 beklenen Haseke kenti ve Kam\u0131\u015fl\u0131 il\u00e7esine ili\u015fkin soka\u011fa  \u00e7\u0131kma yasaklar\u0131 a\u00e7\u0131klad\u0131.<\/p>\n<p><strong>HASEKE VE KAMI\u015eLI\u2019DA \u0130K\u0130 G\u00dcN S\u00dcREYLE SOKA\u011eA \u00c7IKMA YASA\u011eI<\/strong><\/p>\n<p>Buna g\u00f6re, Haseke&#8217;de 2 \u015eubat&#8217;ta,  Kam\u0131\u015fl\u0131&#8217;da 3 \u015eubat&#8217;ta sabah 06.00&#8217;dan ak\u015fam 18.00&#8217;e kadar soka\u011fa \u00e7\u0131kma  yasa\u011f\u0131 uygulanacak. Karar\u0131n, <em><b>&#8220;b\u00f6lge halk\u0131n\u0131n g\u00fcvenli\u011fi, istikrar\u0131 ve  huzuru i\u00e7in al\u0131nd\u0131\u011f\u0131, kar\u015f\u0131 \u00e7\u0131kanlar hakk\u0131nda i\u015flem yap\u0131laca\u011f\u0131&#8221;<\/b><\/em> \u00f6ne  s\u00fcr\u00fcld\u00fc.<\/p>\n<p>Suriye h\u00fck\u00fcmetinden hen\u00fcz konuya ili\u015fkin bir a\u00e7\u0131klama yap\u0131lmad\u0131.<\/p>\n<p>Suriye  h\u00fck\u00fcmetine ba\u011fl\u0131 g\u00fcvenlik g\u00fc\u00e7lerinin Haseke ve Kam\u0131\u015fl\u0131&#8217;da y\u00f6netim ve  g\u00fcvenli\u011fi \u00fcstlenmesini i\u00e7eren anla\u015fman\u0131n 2 \u015eubat Pazartesi&#8217;den itibaren  uygulanmaya ba\u015flamas\u0131 \u00f6ng\u00f6r\u00fcl\u00fcyor.<\/p>\n<p><img decoding=\"async\" src=\"https:\/\/bihavadis.com\/wp-content\/uploads\/2026\/02\/teror-orgutu-ypgden-haseke-ve-kamislida-sokaga-cikma-yasagi-0-UY4xiaPV.jpg\"\/><\/p>\n<p><strong>YPG\u2019DEN KURTARILAN B\u00d6LGELERDE KUTLAMA<\/strong><\/p>\n<p>Suriye ordusunun ter\u00f6r \u00f6rg\u00fct\u00fc  YPG&#8217;nin i\u015fgalinden kurtard\u0131\u011f\u0131 belde ve kentlerde Suriyeliler sokaklara  inerek, \u00fc\u00e7 y\u0131ld\u0131zl\u0131 Suriye bayraklar\u0131 ve milli \u015fark\u0131larla kutlamalar  yapm\u0131\u015ft\u0131.<\/p>\n<p>Halep Emniyet M\u00fcd\u00fcr\u00fc Muhammed Abdulgani, Suriye h\u00fck\u00fcmeti  ile ter\u00f6r \u00f6rg\u00fct\u00fc YPG aras\u0131ndaki ate\u015fkes ve kademeli entegrasyonu  \u00f6ng\u00f6ren mutabakat kapsam\u0131nda \u00f6rg\u00fct\u00fcn i\u015fgali alt\u0131ndaki Aynularab&#8217;\u0131  (Kobani) ziyaret etmi\u015f, b\u00f6lgede kamu d\u00fczeninin sa\u011flanmas\u0131 ve g\u00fcvenlik  birimlerinin yeniden yap\u0131land\u0131r\u0131lmas\u0131 i\u00e7in \u00e7al\u0131\u015fmalar y\u00fcr\u00fctt\u00fcklerini  a\u00e7\u0131klam\u0131\u015ft\u0131.<\/p>\n","protected":false},"excerpt":{"rendered":"<p>Ter\u00f6r \u00f6rg\u00fct\u00fc YPG, i\u015fgal etti\u011fi Haseke kentinde 2 \u015eubat, Kam\u0131\u015fl\u0131 il\u00e7esinde ise 3 \u015eubat&#8217;ta, yerel saatle 06.00&#8217;dan ak\u015fam saat 18.00&#8217;e kadar soka\u011fa \u00e7\u0131kma yasa\u011f\u0131 getirdi.<\/p>\n","protected":false},"author":1,"featured_media":14485,"comment_status":"open","ping_status":"open","sticky":false,"template":"","format":"standard","meta":{"footnotes":""},"categories":[6],"tags":[361],"class_list":["post-14484","post","type-post","status-publish","format-standard","has-post-thumbnail","hentry","category-dunya","tag-suriye"],"_links":{"self":[{"href":"https:\/\/bihavadis.com\/index.php\/wp-json\/wp\/v2\/posts\/14484","targetHints":{"allow":["GET"]}}],"collection":[{"href":"https:\/\/bihavadis.com\/index.php\/wp-json\/wp\/v2\/posts"}],"about":[{"href":"https:\/\/bihavadis.com\/index.php\/wp-json\/wp\/v2\/types\/post"}],"author":[{"embeddable":true,"href":"https:\/\/bihavadis.com\/index.php\/wp-json\/wp\/v2\/users\/1"}],"replies":[{"embeddable":true,"href":"https:\/\/bihavadis.com\/index.php\/wp-json\/wp\/v2\/comments?post=14484"}],"version-history":[{"count":1,"href":"https:\/\/bihavadis.com\/index.php\/wp-json\/wp\/v2\/posts\/14484\/revisions"}],"predecessor-version":[{"id":14487,"href":"https:\/\/bihavadis.com\/index.php\/wp-json\/wp\/v2\/posts\/14484\/revisions\/14487"}],"wp:featuredmedia":[{"embeddable":true,"href":"https:\/\/bihavadis.com\/index.php\/wp-json\/wp\/v2\/media\/14485"}],"wp:attachment":[{"href":"https:\/\/bihavadis.com\/index.php\/wp-json\/wp\/v2\/media?parent=14484"}],"wp:term":[{"taxonomy":"category","embeddable":true,"href":"https:\/\/bihavadis.com\/index.php\/wp-json\/wp\/v2\/categories?post=14484"},{"taxonomy":"post_tag","embeddable":true,"href":"https:\/\/bihavadis.com\/index.php\/wp-json\/wp\/v2\/tags?post=14484"}],"curies":[{"name":"wp","href":"https:\/\/api.w.org\/{rel}","templated":true}]}}