{"id":14502,"date":"2026-02-04T04:30:06","date_gmt":"2026-02-04T04:30:06","guid":{"rendered":"https:\/\/bihavadis.com\/?p=14502"},"modified":"2026-02-04T04:30:06","modified_gmt":"2026-02-04T04:30:06","slug":"didimde-bilincli-uretim-saglikli-gelecek-egitim-programi-basladi","status":"publish","type":"post","link":"https:\/\/bihavadis.com\/index.php\/2026\/02\/04\/didimde-bilincli-uretim-saglikli-gelecek-egitim-programi-basladi\/","title":{"rendered":"Didim&#8217;de &#8220;Bilin\u00e7li \u00dcretim, Sa\u011fl\u0131kl\u0131 Gelecek&#8221; E\u011fitim Program\u0131 Ba\u015flad\u0131"},"content":{"rendered":"<p><span><span><span><span>Yerel \u00fcreticiler ve \u00e7ift\u00e7ilere y\u00f6nelik Didim Belediyesi taraf\u0131ndan hayata ge\u00e7irilen \u201cBilin\u00e7li \u00dcretim, Sa\u011fl\u0131kl\u0131 Gelecek\u201d e\u011fitim program\u0131n\u0131n ilk bulu\u015fmas\u0131, Didim Belediye Ba\u015fkan\u0131 Hatice Gen\u00e7ay\u2019\u0131n kat\u0131l\u0131m\u0131yla Akk\u00f6y Mahallesi\u2019nde ger\u00e7ekle\u015ftirildi.<\/span><\/span><\/span><\/span><\/p>\n<p><span><span><span><span>\u00dcreticilere Bilin\u00e7li Tar\u0131m E\u011fitimi<\/span><\/span><\/span><\/span><\/p>\n<p><span><span><span><span>E\u011fitim program\u0131nda; zirai ila\u00e7 kullan\u0131m\u0131, g\u0131da g\u00fcvenli\u011fi, GDO\u2019lu \u00fcr\u00fcnler ve kompost \u00fcretimi gibi \u00f6nemli ba\u015fl\u0131klar ele al\u0131nd\u0131. Alan\u0131nda uzman e\u011fitmenler taraf\u0131ndan verilen e\u011fitimlerde, tar\u0131msal faaliyetlerde do\u011fru ve bilin\u00e7li uygulamalar\u0131n \u00f6nemi vurguland\u0131. Programla birlikte, \u00e7evreye duyarl\u0131 ve insan sa\u011fl\u0131\u011f\u0131n\u0131 \u00f6nceleyen \u00fcretim y\u00f6ntemleri konusunda \u00fcreticilerde fark\u0131ndal\u0131k olu\u015fturulmas\u0131 hedeflendi.<\/span><\/span><\/span><\/span><\/p>\n<p><span><span><span><span>Ba\u015fkan Hatice Gen\u00e7ay: \u201c\u00dcreticimizin Yan\u0131nday\u0131z\u201d<\/span><\/span><\/span><\/span><\/p>\n<p><span><span><span><span>Programda \u00fcreticilere hitap eden Didim Belediye Ba\u015fkan\u0131 Hatice Gen\u00e7ay, yapt\u0131\u011f\u0131 konu\u015fmada \u015fu ifadelere yer verdi:<\/span><\/span><\/span><\/span><\/p>\n<p><span><span><span><span>\u201cTopra\u011f\u0131m\u0131z\u0131 korumadan gelece\u011fimizi korumam\u0131z m\u00fcmk\u00fcn de\u011fil. Sa\u011fl\u0131kl\u0131 g\u0131daya ula\u015fman\u0131n yolu, bilin\u00e7li ve s\u00fcrd\u00fcr\u00fclebilir \u00fcretimden ge\u00e7iyor. Didim\u2019de \u00fcreticilerimizin her zaman yan\u0131nda olmaya, do\u011fru tar\u0131m uygulamalar\u0131n\u0131 desteklemeye ve halk\u0131m\u0131zla birlikte sa\u011fl\u0131kl\u0131 bir gelecek in\u015fa etmeye devam edece\u011fiz.\u201d<\/span><\/span><\/span><\/span><\/p>\n<p><span><span><span><span>S\u00fcrd\u00fcr\u00fclebilir Tar\u0131m \u0130\u00e7in E\u011fitimler S\u00fcrecek<\/span><\/span><\/span><\/span><\/p>\n<p><span><span><span><span>Didim Belediyesi&#8217;nin d\u00fczenledi\u011fi e\u011fitim program\u0131, \u00fcreticilerin bilgi ve donan\u0131m\u0131n\u0131 art\u0131rmak amac\u0131yla farkl\u0131 mahallelerde devam edecek. Program kapsam\u0131nda e\u011fitimler;<\/span><\/span><\/span><\/span><\/p>\n<p><span><span><span><span>5 \u015eubat 2026 Per\u015fembe g\u00fcn\u00fc saat 09.30\u2019da Balat\u2013Bat\u0131k\u00f6y Mahallesi H. Y\u0131lmaz Kaya Kahvesi\u2019nde, 6 \u015eubat 2026 Cuma g\u00fcn\u00fc saat 11.30\u2019da Akyenik\u00f6y Mahallesi Akyenik\u00f6y Hizmet Binas\u0131\u2019nda ger\u00e7ekle\u015ftirilecek.<\/span><\/span><\/span><\/span><\/p>\n<p>\u00a0<\/p>\n<p>Kaynak: (BYZHA) Beyaz Haber Ajans\u0131<\/p>\n","protected":false},"excerpt":{"rendered":"<p>Yerel \u00fcreticiler ve \u00e7ift\u00e7ilere y\u00f6nelik Didim Belediyesi taraf\u0131ndan hayata ge\u00e7irilen \u201cBilin\u00e7li \u00dcretim, Sa\u011fl\u0131kl\u0131 Gelecek\u201d e\u011fitim program\u0131n\u0131n ilk bulu\u015fmas\u0131, Didim Belediye Ba\u015fkan\u0131 Hatice Gen\u00e7ay\u2019\u0131n kat\u0131l\u0131m\u0131yla Akk\u00f6y Mahallesi\u2019nde ger\u00e7ekle\u015ftirildi.<\/p>\n","protected":false},"author":1,"featured_media":14503,"comment_status":"open","ping_status":"open","sticky":false,"template":"","format":"standard","meta":{"footnotes":""},"categories":[4],"tags":[2927,233,2127,2700],"class_list":["post-14502","post","type-post","status-publish","format-standard","has-post-thumbnail","hentry","category-gundem","tag-didim","tag-egitim","tag-program","tag-ureticiler"],"_links":{"self":[{"href":"https:\/\/bihavadis.com\/index.php\/wp-json\/wp\/v2\/posts\/14502","targetHints":{"allow":["GET"]}}],"collection":[{"href":"https:\/\/bihavadis.com\/index.php\/wp-json\/wp\/v2\/posts"}],"about":[{"href":"https:\/\/bihavadis.com\/index.php\/wp-json\/wp\/v2\/types\/post"}],"author":[{"embeddable":true,"href":"https:\/\/bihavadis.com\/index.php\/wp-json\/wp\/v2\/users\/1"}],"replies":[{"embeddable":true,"href":"https:\/\/bihavadis.com\/index.php\/wp-json\/wp\/v2\/comments?post=14502"}],"version-history":[{"count":1,"href":"https:\/\/bihavadis.com\/index.php\/wp-json\/wp\/v2\/posts\/14502\/revisions"}],"predecessor-version":[{"id":14504,"href":"https:\/\/bihavadis.com\/index.php\/wp-json\/wp\/v2\/posts\/14502\/revisions\/14504"}],"wp:featuredmedia":[{"embeddable":true,"href":"https:\/\/bihavadis.com\/index.php\/wp-json\/wp\/v2\/media\/14503"}],"wp:attachment":[{"href":"https:\/\/bihavadis.com\/index.php\/wp-json\/wp\/v2\/media?parent=14502"}],"wp:term":[{"taxonomy":"category","embeddable":true,"href":"https:\/\/bihavadis.com\/index.php\/wp-json\/wp\/v2\/categories?post=14502"},{"taxonomy":"post_tag","embeddable":true,"href":"https:\/\/bihavadis.com\/index.php\/wp-json\/wp\/v2\/tags?post=14502"}],"curies":[{"name":"wp","href":"https:\/\/api.w.org\/{rel}","templated":true}]}}