{"id":14576,"date":"2026-02-04T05:27:05","date_gmt":"2026-02-04T05:27:05","guid":{"rendered":"https:\/\/bihavadis.com\/?p=14576"},"modified":"2026-02-04T05:27:05","modified_gmt":"2026-02-04T05:27:05","slug":"baskan-vekili-akindan-kandil-simidi-ikrami","status":"publish","type":"post","link":"https:\/\/bihavadis.com\/index.php\/2026\/02\/04\/baskan-vekili-akindan-kandil-simidi-ikrami\/","title":{"rendered":"Ba\u015fkan Vekili Ak\u0131n&#8217;dan kandil simidi ikram\u0131"},"content":{"rendered":"<p><span><span><span><b><span><span><span>\u0130stanbul Bayrampa\u015fa Belediyesi, Berat Kandili dolay\u0131s\u0131yla il\u00e7edeki camilerde halka kandil simidi da\u011f\u0131tt\u0131. Belediye Ba\u015fkan Vekili \u0130brahim Ak\u0131n da Melek Hatun Camii\u2019nde cemaatle bir araya gelerek vatanda\u015flara kandil simidi ikram\u0131nda bulundu.<\/span><\/span><\/span><\/b><\/span><\/span><\/span><\/p>\n<p><span><span><span><span><span><span>Vatanda\u015flar\u0131n Berat Kandili\u2019ni kutlayan Bayrampa\u015fa Belediye Ba\u015fkan Vekili \u0130brahim Ak\u0131n, kandillerin birlik, beraberlik ve dayan\u0131\u015fma duygular\u0131n\u0131 peki\u015ftirdi\u011fini ifade etti. Ak\u0131n, \u201cBu m\u00fcbarek gecenin Bayrampa\u015fal\u0131 kom\u015fular\u0131m\u0131za, \u00fclkemize ve t\u00fcm \u0130slam \u00e2lemine sa\u011fl\u0131k, bar\u0131\u015f, huzur ve mutluluk getirmesini temenni ediyorum. Berat Kandilimiz m\u00fcbarek olsun.\u201d dedi.<\/span><\/span><\/span><\/span><\/span><\/span><\/p>\n<p><span><span><span><span><span><span>AK Parti Bayrampa\u015fa \u0130l\u00e7e Ba\u015fkan\u0131 Mehmet Acar\u2019\u0131n da kat\u0131ld\u0131\u011f\u0131 bulu\u015fmada kandilin ruhuna uygun birlik ve beraberlik mesajlar\u0131 verildi.<\/span><\/span><\/span><\/span><\/span><\/span><\/p>\n<p>\u00a0<\/p>\n<p>\u00a0<\/p>\n<p>Kaynak: (BYZHA) Beyaz Haber Ajans\u0131<\/p>\n","protected":false},"excerpt":{"rendered":"<p>\u0130stanbul Bayrampa\u015fa Belediyesi, Berat Kandili dolay\u0131s\u0131yla il\u00e7edeki camilerde halka kandil simidi da\u011f\u0131tt\u0131.<\/p>\n","protected":false},"author":1,"featured_media":14577,"comment_status":"open","ping_status":"open","sticky":false,"template":"","format":"standard","meta":{"footnotes":""},"categories":[4],"tags":[2753],"class_list":["post-14576","post","type-post","status-publish","format-standard","has-post-thumbnail","hentry","category-gundem","tag-kandil"],"_links":{"self":[{"href":"https:\/\/bihavadis.com\/index.php\/wp-json\/wp\/v2\/posts\/14576","targetHints":{"allow":["GET"]}}],"collection":[{"href":"https:\/\/bihavadis.com\/index.php\/wp-json\/wp\/v2\/posts"}],"about":[{"href":"https:\/\/bihavadis.com\/index.php\/wp-json\/wp\/v2\/types\/post"}],"author":[{"embeddable":true,"href":"https:\/\/bihavadis.com\/index.php\/wp-json\/wp\/v2\/users\/1"}],"replies":[{"embeddable":true,"href":"https:\/\/bihavadis.com\/index.php\/wp-json\/wp\/v2\/comments?post=14576"}],"version-history":[{"count":1,"href":"https:\/\/bihavadis.com\/index.php\/wp-json\/wp\/v2\/posts\/14576\/revisions"}],"predecessor-version":[{"id":14578,"href":"https:\/\/bihavadis.com\/index.php\/wp-json\/wp\/v2\/posts\/14576\/revisions\/14578"}],"wp:featuredmedia":[{"embeddable":true,"href":"https:\/\/bihavadis.com\/index.php\/wp-json\/wp\/v2\/media\/14577"}],"wp:attachment":[{"href":"https:\/\/bihavadis.com\/index.php\/wp-json\/wp\/v2\/media?parent=14576"}],"wp:term":[{"taxonomy":"category","embeddable":true,"href":"https:\/\/bihavadis.com\/index.php\/wp-json\/wp\/v2\/categories?post=14576"},{"taxonomy":"post_tag","embeddable":true,"href":"https:\/\/bihavadis.com\/index.php\/wp-json\/wp\/v2\/tags?post=14576"}],"curies":[{"name":"wp","href":"https:\/\/api.w.org\/{rel}","templated":true}]}}