{"id":14619,"date":"2026-02-04T06:03:06","date_gmt":"2026-02-04T06:03:06","guid":{"rendered":"https:\/\/bihavadis.com\/?p=14619"},"modified":"2026-02-04T06:03:06","modified_gmt":"2026-02-04T06:03:06","slug":"sapanca-golunden-su-alimi-durduruldu","status":"publish","type":"post","link":"https:\/\/bihavadis.com\/index.php\/2026\/02\/04\/sapanca-golunden-su-alimi-durduruldu\/","title":{"rendered":"Sapanca G\u00f6l\u00fc&#8217;nden Su Al\u0131m\u0131 Durduruldu"},"content":{"rendered":"<p>Kocaeli B\u00fcy\u00fck\u015fehir Belediyesi \u0130SU Genel M\u00fcd\u00fcrl\u00fc\u011f\u00fc, iklim de\u011fi\u015fikli\u011fi ve mevsimsel ya\u011f\u0131\u015f azl\u0131\u011f\u0131na ba\u011fl\u0131 olarak olu\u015fabilecek su risklerine kar\u015f\u0131 s\u00fcrd\u00fcr\u00fclebilir ve b\u00fct\u00fcnc\u00fcl bir su y\u00f6netimi anlay\u0131\u015f\u0131yla \u00e7al\u0131\u015fmalar\u0131n\u0131 kararl\u0131l\u0131kla s\u00fcrd\u00fcrmektedir.<\/p>\n<p>2025 y\u0131l\u0131 yaz ve sonbahar aylar\u0131nda ya\u011f\u0131\u015flar\u0131n mevsim normallerinin alt\u0131nda seyretmesi nedeniyle Yuvac\u0131k Baraj\u0131\u2019ndaki doluluk oran\u0131 y\u00fczde 2 seviyelerine kadar d\u00fc\u015fm\u00fc\u015ft\u00fcr. Ancak \u0130SU Genel M\u00fcd\u00fcrl\u00fc\u011f\u00fc taraf\u0131ndan uygulanan entegre kaynak y\u00f6netimi, alternatif su temin y\u00f6ntemleri ve planl\u0131 i\u015fletme s\u00fcre\u00e7leri sayesinde su arz g\u00fcvenli\u011fi planl\u0131 kesintiler yap\u0131lmadan korunmu\u015ftur.<\/p>\n<p>Bu kapsamda, Haziran ay\u0131 itibar\u0131yla Sapanca G\u00f6l\u00fc\u2019nden Yuvac\u0131k Baraj\u0131\u2019na takviye ama\u00e7l\u0131 su al\u0131m\u0131 ger\u00e7ekle\u015ftirilmi\u015f; al\u0131nan \u00f6nleyici tedbirlerle Kocaeli genelinde i\u00e7me suyu temininde herhangi bir aksakl\u0131k ya\u015fanmam\u0131\u015ft\u0131r.<\/p>\n<p>2026 y\u0131l\u0131yla birlikte etkisini g\u00f6steren kar ve ya\u011fmur ya\u011f\u0131\u015flar\u0131n\u0131n katk\u0131s\u0131yla Yuvac\u0131k Baraj\u0131\u2019ndaki su seviyesi yeniden y\u00fckseli\u015fe ge\u00e7mi\u015ftir. Barajdaki su miktar\u0131 03 \u015eubat 2026 itibar\u0131yla 21 milyon 340 bin metrek\u00fcpe ula\u015farak y\u00fczde 42 doluluk oran\u0131na y\u00fckselmi\u015ftir.<\/p>\n<p>Yuvac\u0131k Baraj\u0131\u2019ndaki doluluk oran\u0131n\u0131n artmas\u0131yla birlikte, takviye amac\u0131yla Sapanca G\u00f6l\u00fc\u2019nden ve derin kuyulardan yap\u0131lan su temini, 02 \u015eubat 2026 Pazartesi g\u00fcn\u00fc itibar\u0131yla durdurulmu\u015ftur. \u0130SU Genel M\u00fcd\u00fcrl\u00fc\u011f\u00fc, baraj doluluk oranlar\u0131n\u0131 ve meteorolojik verileri d\u00fczenli olarak takip etmekte; t\u00fcketim projeksiyonlar\u0131 ve iklim senaryolar\u0131n\u0131 da dikkate alarak su y\u00f6netimini s\u00fcrd\u00fcrmektedir. Sapanca G\u00f6l\u00fc, yeralt\u0131 su kaynaklar\u0131 ve baraj rezervleri entegre bir \u015fekilde i\u015fletilerek Kocaeli halk\u0131na kesintisiz, sa\u011fl\u0131kl\u0131 ve g\u00fcvenli i\u00e7me suyu temini sa\u011flanmaktad\u0131r.<\/p>\n<p>\u00d6n\u00fcm\u00fczdeki d\u00f6nemde ya\u011f\u0131\u015flar\u0131n devam etmesiyle birlikte baraj doluluk oranlar\u0131n\u0131n daha da artmas\u0131 beklenirken vatanda\u015flar\u0131m\u0131za suyun tasarruflu kullan\u0131m\u0131n\u0131n \u00f6nemini bir kez daha vurguluyoruz. S\u00fcrd\u00fcr\u00fclebilir su y\u00f6netiminin, yaln\u0131zca yap\u0131lan yat\u0131r\u0131mlarla de\u011fil, toplumsal bilin\u00e7le m\u00fcmk\u00fcn oldu\u011fu unutulmamal\u0131d\u0131r. Bu nedenle vatanda\u015flar\u0131m\u0131z\u0131n suyu tasarruflu ve bilin\u00e7li kullanmas\u0131 b\u00fcy\u00fck \u00f6nem ta\u015f\u0131maktad\u0131r.<\/p>\n<p>Kamuoyuna sayg\u0131yla duyurulur.<\/p>\n<p>Kaynak: (BYZHA) Beyaz Haber Ajans\u0131<\/p>\n","protected":false},"excerpt":{"rendered":"<p>Kocaeli B\u00fcy\u00fck\u015fehir Belediyesi \u0130SU Genel M\u00fcd\u00fcrl\u00fc\u011f\u00fc, iklim de\u011fi\u015fikli\u011fi ve mevsimsel ya\u011f\u0131\u015f azl\u0131\u011f\u0131na ba\u011fl\u0131 olarak olu\u015fabilecek su risklerine kar\u015f\u0131 s\u00fcrd\u00fcr\u00fclebilir ve b\u00fct\u00fcnc\u00fcl bir su y\u00f6netimi anlay\u0131\u015f\u0131yla \u00e7al\u0131\u015fmalar\u0131n\u0131 kararl\u0131l\u0131kla s\u00fcrd\u00fcrmektedir.<\/p>\n","protected":false},"author":1,"featured_media":14620,"comment_status":"open","ping_status":"open","sticky":false,"template":"","format":"standard","meta":{"footnotes":""},"categories":[4],"tags":[1836,2946],"class_list":["post-14619","post","type-post","status-publish","format-standard","has-post-thumbnail","hentry","category-gundem","tag-baraj","tag-doluluk"],"_links":{"self":[{"href":"https:\/\/bihavadis.com\/index.php\/wp-json\/wp\/v2\/posts\/14619","targetHints":{"allow":["GET"]}}],"collection":[{"href":"https:\/\/bihavadis.com\/index.php\/wp-json\/wp\/v2\/posts"}],"about":[{"href":"https:\/\/bihavadis.com\/index.php\/wp-json\/wp\/v2\/types\/post"}],"author":[{"embeddable":true,"href":"https:\/\/bihavadis.com\/index.php\/wp-json\/wp\/v2\/users\/1"}],"replies":[{"embeddable":true,"href":"https:\/\/bihavadis.com\/index.php\/wp-json\/wp\/v2\/comments?post=14619"}],"version-history":[{"count":1,"href":"https:\/\/bihavadis.com\/index.php\/wp-json\/wp\/v2\/posts\/14619\/revisions"}],"predecessor-version":[{"id":14621,"href":"https:\/\/bihavadis.com\/index.php\/wp-json\/wp\/v2\/posts\/14619\/revisions\/14621"}],"wp:featuredmedia":[{"embeddable":true,"href":"https:\/\/bihavadis.com\/index.php\/wp-json\/wp\/v2\/media\/14620"}],"wp:attachment":[{"href":"https:\/\/bihavadis.com\/index.php\/wp-json\/wp\/v2\/media?parent=14619"}],"wp:term":[{"taxonomy":"category","embeddable":true,"href":"https:\/\/bihavadis.com\/index.php\/wp-json\/wp\/v2\/categories?post=14619"},{"taxonomy":"post_tag","embeddable":true,"href":"https:\/\/bihavadis.com\/index.php\/wp-json\/wp\/v2\/tags?post=14619"}],"curies":[{"name":"wp","href":"https:\/\/api.w.org\/{rel}","templated":true}]}}