{"id":14630,"date":"2026-02-04T06:12:06","date_gmt":"2026-02-04T06:12:06","guid":{"rendered":"https:\/\/bihavadis.com\/?p=14630"},"modified":"2026-02-04T06:12:06","modified_gmt":"2026-02-04T06:12:06","slug":"gaziemir-belediye-meclisinden-dmd-hastasi-giraya-yardim-cagrisi","status":"publish","type":"post","link":"https:\/\/bihavadis.com\/index.php\/2026\/02\/04\/gaziemir-belediye-meclisinden-dmd-hastasi-giraya-yardim-cagrisi\/","title":{"rendered":"Gaziemir Belediye Meclisinden DMD Hastas\u0131 Giray&#8217;a Yard\u0131m \u00c7a\u011fr\u0131s\u0131"},"content":{"rendered":"<p>Gaziemir Belediye Meclis \u00fcyeleri, DMD kas hastas\u0131 Giray Aslan i\u00e7in ba\u015flat\u0131lan ba\u011f\u0131\u015f kampanyas\u0131na destek olmak i\u00e7in \u015eubat ay\u0131 meclis huzur haklar\u0131n\u0131 ba\u011f\u0131\u015flad\u0131; Giray\u2019\u0131n foto\u011fraf\u0131n\u0131n yer ald\u0131\u011f\u0131 ti\u015f\u00f6rtlerle meclise kat\u0131larak fark\u0131ndal\u0131k olu\u015fturdu. Belediye Ba\u015fkan\u0131 \u00dcnal I\u015f\u0131k, &#8220;T\u00fcm yurtta\u015flar\u0131m\u0131z\u0131 Giray\u2019\u0131n umudunu b\u00fcy\u00fctmeye ve ba\u011f\u0131\u015flar\u0131yla destek olmaya davet ediyorum\u201d \u00e7a\u011fr\u0131s\u0131nda bulundu.<\/p>\n<p>Gaziemir Belediyesi Meclis \u00fcyeleri, \u015eubat ay\u0131 meclis toplant\u0131s\u0131nda DMD kas hastas\u0131 Giray Aslan&#8217;\u0131n tedavi s\u00fcrecine destek olmak ve toplumda fark\u0131ndal\u0131\u011f\u0131 art\u0131rmak amac\u0131yla dikkat \u00e7eken bir \u00e7al\u0131\u015fma yapt\u0131. Giray\u2019\u0131n foto\u011fraf\u0131n\u0131n bas\u0131l\u0131 oldu\u011fu ti\u015f\u00f6rtleri giyerek meclis toplant\u0131s\u0131na kat\u0131lan Cumhuriyet Halk Partisi, Adalet ve Kalk\u0131nma Partisi, Milliyet\u00e7i Hareket Partisi meclis \u00fcyeleri, DMD kas hastas\u0131 Giray i\u00e7in ba\u015flat\u0131lan ba\u011f\u0131\u015f kampanyas\u0131na katk\u0131 sa\u011flamak i\u00e7in \u015eubat ay\u0131 meclis huzur haklar\u0131n\u0131 ba\u011f\u0131\u015flad\u0131.<\/p>\n<p>Meclis toplant\u0131s\u0131n\u0131 y\u00f6neten Gaziemir Belediye Ba\u015fkan\u0131 \u00dcnal I\u015f\u0131k, Giray ve ailesinin yaln\u0131z olmad\u0131\u011f\u0131n\u0131 vurgulayarak, \u201cT\u00fcm kalbimizle evlad\u0131m\u0131z Giray\u2019\u0131n yan\u0131nday\u0131z. Bu zorlu s\u00fcre\u00e7te dayan\u0131\u015fman\u0131n g\u00fcc\u00fcne inan\u0131yoruz. El birli\u011fiyle, imk\u00e2nlar\u0131m\u0131z \u00f6l\u00e7\u00fcs\u00fcnde Giray&#8217;a destek olmaya devam edece\u011fiz. Katk\u0131 sunmak isteyenler i\u00e7in k\u00f6pr\u00fc olaca\u011f\u0131z. Giray\u2019\u0131n tedavisi i\u00e7in \u00e7ok y\u00fcksek miktarda paraya ihtiya\u00e7 var ve bu paran\u0131n toplanmas\u0131 i\u00e7in hepimizin \u00e7ok \u00e7al\u0131\u015fmas\u0131 gerekiyor. T\u00fcm yurtta\u015flar\u0131m\u0131z\u0131 Giray\u2019\u0131n umuduna ortak olmaya ve bu s\u00fcre\u00e7te ailesinin yan\u0131nda durmaya, destek olmaya davet ediyorum\u201d dedi.<\/p>\n<p>Gaziemir Belediye Ba\u015fkan\u0131 \u00dcnal I\u015f\u0131k\u2019\u0131n, Giray i\u00e7in ba\u015flat\u0131lan yard\u0131m kampanyas\u0131na \u00f6nemli katk\u0131lar sa\u011flad\u0131\u011f\u0131na dikkat \u00e7eken CHP Grup Ba\u015fkan Vekili Cemal \u00c7al\u0131\u015fkan &#8220;Giray\u2019\u0131n tedavisine destek olmak, fark\u0131ndal\u0131k olu\u015fturmak istiyoruz. Sesimizin ula\u015ft\u0131\u011f\u0131 herkesi bu kampanyaya katk\u0131 sa\u011flamaya davet ediyoruz. Allah kimseyi evlad\u0131yla s\u0131namas\u0131n. Biz Gaziemir Belediye Meclisi olarak bir anne baban\u0131n yard\u0131m \u00e7\u0131\u011fl\u0131\u011f\u0131n\u0131 duymazdan gelemeyiz ve gelmiyoruz. Gaziemir&#8217;in ve \u0130zmir&#8217;in sivil toplum kurulu\u015flar\u0131na, vak\u0131flar\u0131na, i\u015f insanlar\u0131na ve siyasilere sesleniyorum; bu \u00e7ocu\u011fun sizin deste\u011finize ihtiyac\u0131 var. Bas\u0131n emek\u00e7ilerinden de Giray\u2019\u0131n sesini \u00fclkemizin g\u00fcndemine ta\u015f\u0131malar\u0131n\u0131 rica ediyorum. Giray i\u00e7in \u015fimdi s\u0131ra Gaziemir&#8217;de, \u015fimdi s\u0131ra \u0130zmir&#8217;de. Giray evlad\u0131m\u0131z\u0131 Gaziemir&#8217;e emanet ediyorum&#8221; ifadelerini kulland\u0131.<\/p>\n<p>\u00a0<\/p>\n<p>Kaynak: (BYZHA) Beyaz Haber Ajans\u0131<\/p>\n","protected":false},"excerpt":{"rendered":"<p>Gaziemir Belediye Meclis \u00fcyeleri, DMD kas hastas\u0131 Giray Aslan i\u00e7in ba\u015flat\u0131lan ba\u011f\u0131\u015f kampanyas\u0131na destek olmak i\u00e7in \u015eubat ay\u0131 meclis huzur haklar\u0131n\u0131 ba\u011f\u0131\u015flad\u0131; Giray\u2019\u0131n foto\u011fraf\u0131n\u0131n yer ald\u0131\u011f\u0131 ti\u015f\u00f6rtlerle meclise kat\u0131larak fark\u0131ndal\u0131k olu\u015fturdu.<\/p>\n","protected":false},"author":1,"featured_media":14631,"comment_status":"open","ping_status":"open","sticky":false,"template":"","format":"standard","meta":{"footnotes":""},"categories":[11],"tags":[2430,498,2948,2947,397],"class_list":["post-14630","post","type-post","status-publish","format-standard","has-post-thumbnail","hentry","category-saglik","tag-bagis","tag-destek","tag-gaziemir-belediye","tag-giray","tag-meclis"],"_links":{"self":[{"href":"https:\/\/bihavadis.com\/index.php\/wp-json\/wp\/v2\/posts\/14630","targetHints":{"allow":["GET"]}}],"collection":[{"href":"https:\/\/bihavadis.com\/index.php\/wp-json\/wp\/v2\/posts"}],"about":[{"href":"https:\/\/bihavadis.com\/index.php\/wp-json\/wp\/v2\/types\/post"}],"author":[{"embeddable":true,"href":"https:\/\/bihavadis.com\/index.php\/wp-json\/wp\/v2\/users\/1"}],"replies":[{"embeddable":true,"href":"https:\/\/bihavadis.com\/index.php\/wp-json\/wp\/v2\/comments?post=14630"}],"version-history":[{"count":1,"href":"https:\/\/bihavadis.com\/index.php\/wp-json\/wp\/v2\/posts\/14630\/revisions"}],"predecessor-version":[{"id":14632,"href":"https:\/\/bihavadis.com\/index.php\/wp-json\/wp\/v2\/posts\/14630\/revisions\/14632"}],"wp:featuredmedia":[{"embeddable":true,"href":"https:\/\/bihavadis.com\/index.php\/wp-json\/wp\/v2\/media\/14631"}],"wp:attachment":[{"href":"https:\/\/bihavadis.com\/index.php\/wp-json\/wp\/v2\/media?parent=14630"}],"wp:term":[{"taxonomy":"category","embeddable":true,"href":"https:\/\/bihavadis.com\/index.php\/wp-json\/wp\/v2\/categories?post=14630"},{"taxonomy":"post_tag","embeddable":true,"href":"https:\/\/bihavadis.com\/index.php\/wp-json\/wp\/v2\/tags?post=14630"}],"curies":[{"name":"wp","href":"https:\/\/api.w.org\/{rel}","templated":true}]}}