{"id":14643,"date":"2026-02-04T06:24:07","date_gmt":"2026-02-04T06:24:07","guid":{"rendered":"https:\/\/bihavadis.com\/?p=14643"},"modified":"2026-02-04T06:24:07","modified_gmt":"2026-02-04T06:24:07","slug":"grammy-2026-sahnesine-cikti-justin-bieber-ciplak","status":"publish","type":"post","link":"https:\/\/bihavadis.com\/index.php\/2026\/02\/04\/grammy-2026-sahnesine-cikti-justin-bieber-ciplak\/","title":{"rendered":"Grammy 2026 sahnesine \u00e7\u0131kt\u0131! Justin Bieber \u00e7\u0131plak"},"content":{"rendered":"<p>D\u00fcnyaca \u00fcnl\u00fc \u015fark\u0131c\u0131\u00a0Justin Bieber, 1 \u015eubat gecesi d\u00fczenlenen Grammy \u00d6d\u00fclleri 2026 t\u00f6reninde d\u00f6rt y\u0131l sonra ilk kez sahneye \u00e7\u0131kt\u0131.<\/p>\n<p>Los Angeles\u2019ta ger\u00e7ekle\u015fen t\u00f6rende sahneye g\u00f6mleksiz ve yaln\u0131zca spor \u015fortu ile \u00e7\u0131kan 31 ya\u015f\u0131ndaki pop y\u0131ld\u0131z\u0131n\u0131n tarz\u0131 g\u00fcndem oldu.<\/p>\n<p><strong>&#8220;SAM\u0130M\u0130 VE KIRILGAN&#8221;<\/strong><\/p>\n<p>Sosyal medyada baz\u0131 kullan\u0131c\u0131lar performans\u0131 <b><em>\u201csamimi ve k\u0131r\u0131lgan\u201d <\/em><\/b>olarak nitelendirirken, baz\u0131lar\u0131 ise <b><em>\u201cGrammy sahnesine bu \u015fekilde \u00e7\u0131k\u0131l\u0131r m\u0131?\u201d, &#8220;Neden \u00e7\u0131plak?&#8221;<\/em><\/b> yorumlar\u0131 yapt\u0131.<\/p>\n<p><img decoding=\"async\" src=\"https:\/\/bihavadis.com\/wp-content\/uploads\/2026\/02\/grammy-2026-sahnesine-cikti-justin-bieber-ciplak-0-qFvQqmAD.jpg\"\/><\/p>\n<p><strong>GURURLU E\u015e<\/strong><\/p>\n<p>Bieber\u2019\u0131n duygusal \u015fark\u0131y\u0131 seslendirdi\u011fi anlarda kameralar s\u0131k s\u0131k e\u015fi Hailey Bieber\u2019a d\u00f6nd\u00fc. Hailey Bieber\u2019\u0131n gururla g\u00fcl\u00fcmseyip e\u015fini alk\u0131\u015flamas\u0131 dikkat \u00e7ekti.<\/p>\n<p><img decoding=\"async\" src=\"https:\/\/bihavadis.com\/wp-content\/uploads\/2026\/02\/grammy-2026-sahnesine-cikti-justin-bieber-ciplak-1-i73WcNC8.jpg\"\/><\/p>\n<p><img decoding=\"async\" src=\"https:\/\/bihavadis.com\/wp-content\/uploads\/2026\/02\/grammy-2026-sahnesine-cikti-justin-bieber-ciplak-2-UM3gVRfZ.jpg\"\/><\/p>\n","protected":false},"excerpt":{"rendered":"<p>D\u00f6rt y\u0131l sonra hayranlar\u0131yla bulu\u015fan Justin Bieber, k\u0131yafetiyle olay oldu. Sahneye \u015fortla \u00e7\u0131kan \u00fcnl\u00fc isme yorum ya\u011fd\u0131.<\/p>\n","protected":false},"author":1,"featured_media":14644,"comment_status":"open","ping_status":"open","sticky":false,"template":"","format":"standard","meta":{"footnotes":""},"categories":[1],"tags":[],"class_list":["post-14643","post","type-post","status-publish","format-standard","has-post-thumbnail","hentry","category-uncategorized"],"_links":{"self":[{"href":"https:\/\/bihavadis.com\/index.php\/wp-json\/wp\/v2\/posts\/14643","targetHints":{"allow":["GET"]}}],"collection":[{"href":"https:\/\/bihavadis.com\/index.php\/wp-json\/wp\/v2\/posts"}],"about":[{"href":"https:\/\/bihavadis.com\/index.php\/wp-json\/wp\/v2\/types\/post"}],"author":[{"embeddable":true,"href":"https:\/\/bihavadis.com\/index.php\/wp-json\/wp\/v2\/users\/1"}],"replies":[{"embeddable":true,"href":"https:\/\/bihavadis.com\/index.php\/wp-json\/wp\/v2\/comments?post=14643"}],"version-history":[{"count":1,"href":"https:\/\/bihavadis.com\/index.php\/wp-json\/wp\/v2\/posts\/14643\/revisions"}],"predecessor-version":[{"id":14648,"href":"https:\/\/bihavadis.com\/index.php\/wp-json\/wp\/v2\/posts\/14643\/revisions\/14648"}],"wp:featuredmedia":[{"embeddable":true,"href":"https:\/\/bihavadis.com\/index.php\/wp-json\/wp\/v2\/media\/14644"}],"wp:attachment":[{"href":"https:\/\/bihavadis.com\/index.php\/wp-json\/wp\/v2\/media?parent=14643"}],"wp:term":[{"taxonomy":"category","embeddable":true,"href":"https:\/\/bihavadis.com\/index.php\/wp-json\/wp\/v2\/categories?post=14643"},{"taxonomy":"post_tag","embeddable":true,"href":"https:\/\/bihavadis.com\/index.php\/wp-json\/wp\/v2\/tags?post=14643"}],"curies":[{"name":"wp","href":"https:\/\/api.w.org\/{rel}","templated":true}]}}