{"id":14680,"date":"2026-02-04T06:48:07","date_gmt":"2026-02-04T06:48:07","guid":{"rendered":"https:\/\/bihavadis.com\/?p=14680"},"modified":"2026-02-04T06:48:07","modified_gmt":"2026-02-04T06:48:07","slug":"maltepe-belediyesi-karavan-isgallerine-gecit-vermiyor","status":"publish","type":"post","link":"https:\/\/bihavadis.com\/index.php\/2026\/02\/04\/maltepe-belediyesi-karavan-isgallerine-gecit-vermiyor\/","title":{"rendered":"Maltepe Belediyesi karavan i\u015fgallerine ge\u00e7it vermiyor"},"content":{"rendered":"<p>Maltepe Belediyesi, il\u00e7edeki karavan i\u015fgallerine y\u00f6nelik s\u00fcrd\u00fcrd\u00fc\u011f\u00fc ba\u015far\u0131l\u0131 \u00e7al\u0131\u015fmalara h\u0131z kesmeden devam ediyor. Bu kapsamda il\u00e7e sahilinde belirlenen karavan park yerleri d\u0131\u015f\u0131nda park eden karavanlar, \u0130BB ve \u0130l\u00e7e Trafik M\u00fcd\u00fcrl\u00fc\u011f\u00fc\u2019n\u00fcn kat\u0131l\u0131m\u0131yla d\u00fczenlenen \u00e7al\u0131\u015fmayla kald\u0131r\u0131ld\u0131.<\/p>\n<p>Uzun sahil \u015feridiyle Anadolu yakas\u0131n\u0131n g\u00f6zde il\u00e7elerinden biri olan Maltepe\u2019de sahili i\u015fgal eden karavanlar yeniden denetlendi ve i\u015fgalci karavanlar kald\u0131r\u0131ld\u0131. Yaya g\u00fcvenli\u011fi ve trafik ak\u0131\u015f\u0131n\u0131 da etkileyen karavanlara, Maltepe Belediyesi zab\u0131ta ekipleriyle birlikte \u0130stanbul B\u00fcy\u00fck\u015fehir Belediyesi (\u0130BB) zab\u0131ta ekipleri ve \u0130l\u00e7e Trafik M\u00fcd\u00fcrl\u00fc\u011f\u00fc yetkililerin kat\u0131l\u0131m\u0131yla ger\u00e7ekle\u015ftirilen \u00e7al\u0131\u015fmayla m\u00fcdahale edildi. Daha \u00f6nce tebligat da g\u00f6nderilmesine ra\u011fmen belirlenen alanlar d\u0131\u015f\u0131nda uzun s\u00fcre park halinde bulunan karavanlar yediemin otopark\u0131na \u00e7ekildi.<\/p>\n<p><b>\u201cKAMUSAL ALANLAR HEP\u0130M\u0130Z\u0130N\u201d<\/b><\/p>\n<p>Ba\u015fkan Esin K\u00f6ymen\u2019in g\u00f6reve gelmesi ve Valilik genelgesinin de tebli\u011fiyle ba\u015flayan yo\u011fun \u00e7al\u0131\u015fmalarda, 2024\u2019ten itibaren il\u00e7edeki t\u00fcm i\u015fgallerin \u00f6n\u00fcne ge\u00e7ilmesi i\u00e7in yo\u011fun \u00e7al\u0131\u015fma ba\u015flat\u0131lm\u0131\u015ft\u0131. Temmuz 2024\u2019te il\u00e7e sahilinde uzun s\u00fcredir i\u015fgal eden karavanlar, \u0130BB ve Maltepe Belediyesi ekiplerince toplu halde kald\u0131r\u0131lm\u0131\u015f ve ayn\u0131 \u015fekilde Kas\u0131m 2024\u2019te de park halindeki \u00e7ok say\u0131da karavan benzer operasyonla il\u00e7eden uzakla\u015ft\u0131r\u0131lm\u0131\u015ft\u0131. 2025 ve 2026 y\u0131llar\u0131nda da bu kararl\u0131 tutum devam etmi\u015fti. Belediye, sahil d\u00fczenlemeleri kapsam\u0131nda d\u00fczenli olarak denetimlerini art\u0131rm\u0131\u015f ve \u201cKamusal Alanlar Hepimizin\u201d slogan\u0131yla vatanda\u015flar\u0131n ortak mek\u00e2nlar\u0131n\u0131 koruma alt\u0131na alm\u0131\u015ft\u0131.\u00a0<\/p>\n<p>\u00a0<\/p>\n<p>\u00a0<\/p>\n<p>Kaynak: (BYZHA) Beyaz Haber Ajans\u0131<\/p>\n","protected":false},"excerpt":{"rendered":"<p>Maltepe Belediyesi, il\u00e7edeki karavan i\u015fgallerine y\u00f6nelik s\u00fcrd\u00fcrd\u00fc\u011f\u00fc ba\u015far\u0131l\u0131 \u00e7al\u0131\u015fmalara h\u0131z kesmeden devam ediyor.<\/p>\n","protected":false},"author":1,"featured_media":14681,"comment_status":"open","ping_status":"open","sticky":false,"template":"","format":"standard","meta":{"footnotes":""},"categories":[4],"tags":[378,2955,2954,2599],"class_list":["post-14680","post","type-post","status-publish","format-standard","has-post-thumbnail","hentry","category-gundem","tag-calisma","tag-isgal","tag-karavan","tag-sahil"],"_links":{"self":[{"href":"https:\/\/bihavadis.com\/index.php\/wp-json\/wp\/v2\/posts\/14680","targetHints":{"allow":["GET"]}}],"collection":[{"href":"https:\/\/bihavadis.com\/index.php\/wp-json\/wp\/v2\/posts"}],"about":[{"href":"https:\/\/bihavadis.com\/index.php\/wp-json\/wp\/v2\/types\/post"}],"author":[{"embeddable":true,"href":"https:\/\/bihavadis.com\/index.php\/wp-json\/wp\/v2\/users\/1"}],"replies":[{"embeddable":true,"href":"https:\/\/bihavadis.com\/index.php\/wp-json\/wp\/v2\/comments?post=14680"}],"version-history":[{"count":1,"href":"https:\/\/bihavadis.com\/index.php\/wp-json\/wp\/v2\/posts\/14680\/revisions"}],"predecessor-version":[{"id":14682,"href":"https:\/\/bihavadis.com\/index.php\/wp-json\/wp\/v2\/posts\/14680\/revisions\/14682"}],"wp:featuredmedia":[{"embeddable":true,"href":"https:\/\/bihavadis.com\/index.php\/wp-json\/wp\/v2\/media\/14681"}],"wp:attachment":[{"href":"https:\/\/bihavadis.com\/index.php\/wp-json\/wp\/v2\/media?parent=14680"}],"wp:term":[{"taxonomy":"category","embeddable":true,"href":"https:\/\/bihavadis.com\/index.php\/wp-json\/wp\/v2\/categories?post=14680"},{"taxonomy":"post_tag","embeddable":true,"href":"https:\/\/bihavadis.com\/index.php\/wp-json\/wp\/v2\/tags?post=14680"}],"curies":[{"name":"wp","href":"https:\/\/api.w.org\/{rel}","templated":true}]}}