{"id":14700,"date":"2026-02-04T07:03:06","date_gmt":"2026-02-04T07:03:06","guid":{"rendered":"https:\/\/bihavadis.com\/?p=14700"},"modified":"2026-02-04T07:03:06","modified_gmt":"2026-02-04T07:03:06","slug":"abdden-sam-sdg-mutabakatina-ilk-yorum","status":"publish","type":"post","link":"https:\/\/bihavadis.com\/index.php\/2026\/02\/04\/abdden-sam-sdg-mutabakatina-ilk-yorum\/","title":{"rendered":"ABD&#8217;den \u015eam-SDG mutabakat\u0131na ilk yorum"},"content":{"rendered":"<p> Suriye devlet televizyonu, h\u00fck\u00fcmet kaynaklar\u0131na dayand\u0131rarak \u015eam y\u00f6netimi ile YPG&#8217;nin, ate\u015fkes ve askeri idari yap\u0131lar\u0131n kademeli entegrasyonunu \u00f6ng\u00f6ren kapsaml\u0131 bir mutabakata vard\u0131\u011f\u0131n\u0131 duyurdu.<\/p>\n<p><b>SDG, SUR\u0130YE \u0130LE ENTEGRE OLACAK<\/b><\/p>\n<p>Mutabakat\u0131n, Suriye g\u00fc\u00e7leri ile YPG unsurlar\u0131 aras\u0131nda ate\u015fkes sa\u011flanmas\u0131, iki taraf\u0131n askeri ve idari g\u00fc\u00e7lerinin kademeli entegrasyonunu i\u00e7erdi\u011fi belirtildi.<\/p>\n<p>Bu kapsamda &#8220;temas hatlar\u0131ndan askeri g\u00fc\u00e7lerin \u00e7ekilmesi ve istikrar\u0131n g\u00fc\u00e7lendirilmesi amac\u0131yla Suriye \u0130\u00e7i\u015fleri Bakanl\u0131\u011f\u0131na ba\u011fl\u0131 g\u00fcvenlik g\u00fc\u00e7lerinin, Haseke ve Kam\u0131\u015fl\u0131 \u015fehir merkezlerine girmesi konusunda&#8221; anla\u015fmaya var\u0131ld\u0131\u011f\u0131 ifade edildi.<\/p>\n<p><b>YPG T\u00dcMEN\u0130 KURULACAK<\/b><\/p>\n<p>Anla\u015fmada ayr\u0131ca, &#8220;b\u00f6lgedeki g\u00fcvenlik g\u00fc\u00e7lerinin entegrasyon s\u00fcrecinin ba\u015flat\u0131lmas\u0131, YPG&#8217;ye ba\u011fl\u0131 \u00fc\u00e7 tugay\u0131 i\u00e7eren bir askeri t\u00fcmen olu\u015fturulmas\u0131, Aynularab g\u00fc\u00e7lerine ba\u011fl\u0131 bir tugay\u0131n Halep vilayetine ba\u011fl\u0131 bir t\u00fcmen b\u00fcnyesinde te\u015fkil edilmesinin yer ald\u0131\u011f\u0131&#8221; kaydedildi.<\/p>\n<p>Bunun yan\u0131 s\u0131ra anla\u015fman\u0131n, YPG&#8217;nin i\u015fgali alt\u0131ndaki b\u00f6lgelerdeki s\u00f6zde \u00f6zerk y\u00f6netim kurumlar\u0131n\u0131n Suriye devlet kurumlar\u0131yla birle\u015ftirilmesi ve sivil \u00e7al\u0131\u015fanlar\u0131n kadrolar\u0131n\u0131n korunmas\u0131n\u0131 da kapsad\u0131\u011f\u0131 aktar\u0131ld\u0131.<\/p>\n<p>Suriye&#8217;deki K\u00fcrt toplumunun medeni ve e\u011fitim haklar\u0131n\u0131n d\u00fczenlenmesi ile yerinden edilenlerin b\u00f6lgelerine d\u00f6n\u00fc\u015f\u00fcn\u00fcn g\u00fcvence alt\u0131na al\u0131nmas\u0131 konusunda da taraflar\u0131n uzla\u015ft\u0131\u011f\u0131 bildirildi.<\/p>\n<p>Anla\u015fman\u0131n, Suriye topraklar\u0131n\u0131n birli\u011fini sa\u011flamay\u0131, hukukun uygulanmas\u0131n\u0131 ve ilgili taraflar aras\u0131nda i\u015fbirli\u011fini g\u00fc\u00e7lendirerek b\u00f6lgede tam entegrasyonu ger\u00e7ekle\u015ftirmeyi ve \u00fclkenin yeniden in\u015fas\u0131 i\u00e7in \u00e7abalar\u0131 birle\u015ftirmeyi hedefledi\u011fi belirtildi.<\/p>\n<div>\n<figure><img decoding=\"async\" src=\"https:\/\/bihavadis.com\/wp-content\/uploads\/2026\/02\/abdden-sam-sdg-mutabakatina-ilk-yorum-0-8rrbRLZL.jpg\"\/><\/figure>\n<\/div>\n<p><b>ABD&#8217;L\u0130 TEMS\u0130LC\u0130 BARRACK&#8217;TAN A\u00c7IKLAMA<\/b><\/p>\n<p>Bu anla\u015fman\u0131n ard\u0131nan ABD&#8217;nin T\u00fcrkiye B\u00fcy\u00fckel\u00e7isi ve Suriye \u00d6zel Temsilcisi Tom Barrack, &#8220;Suriye h\u00fck\u00fcmeti ile Suriye Demokratik G\u00fc\u00e7leri (SDG) aras\u0131nda var\u0131lan kapsaml\u0131 anla\u015fman\u0131n bug\u00fcnk\u00fc ilan\u0131; Suriye&#8217;nin ulusal uzla\u015f\u0131, birlik ve kal\u0131c\u0131 istikrar yolculu\u011funda derin ve tarihi bir d\u00f6n\u00fcm noktas\u0131n\u0131 temsil etmektedir.&#8221; dedi.<\/p>\n<p>Barrack, yapt\u0131\u011f\u0131 yaz\u0131l\u0131 a\u00e7\u0131klamada, \u00f6nceki mutabakatlar ve son d\u00f6nemde gerilimi azaltmaya y\u00f6nelik giri\u015fimler \u00fczerine in\u015fa edilen anla\u015fman\u0131n, &#8220;kapsay\u0131c\u0131l\u0131k, kar\u015f\u0131l\u0131kl\u0131 sayg\u0131 ve t\u00fcm Suriyeli topluluklar\u0131n onuruna duyulan ortak ba\u011fl\u0131l\u0131\u011f\u0131&#8221; yans\u0131tt\u0131\u011f\u0131n\u0131 vurgulad\u0131.<\/p>\n<p>A\u00e7\u0131klamas\u0131nda her iki taraf\u0131n da &#8220;cesur ad\u0131mlar att\u0131\u011f\u0131n\u0131&#8221; belirten Barrack, anla\u015fman\u0131n kurumlar\u0131n yeniden in\u015fas\u0131, g\u00fcvenin tesisi, yeniden yap\u0131lanma i\u00e7in gerekli yat\u0131r\u0131mlar\u0131n \u00e7ekilmesi ve t\u00fcm Suriyeliler i\u00e7in kal\u0131c\u0131 bar\u0131\u015f\u0131n sa\u011flanmas\u0131 a\u00e7\u0131s\u0131ndan kritik bir zemin olu\u015fturdu\u011funu kaydetti.<\/p>\n","protected":false},"excerpt":{"rendered":"<p>ABD&#8217;nin T\u00fcrkiye B\u00fcy\u00fckel\u00e7isi ve Suriye \u00d6zel Temsilcisi Tom Barrack, Suriye h\u00fck\u00fcmeti ile Suriye Demokratik G\u00fc\u00e7leri (SDG) aras\u0131nda var\u0131lan mutabakatla ilgili a\u00e7\u0131klama yapt\u0131. Barrack, Suriye h\u00fck\u00fcmeti ile SDG aras\u0131nda var\u0131lan kapsaml\u0131 anla\u015fman\u0131n bug\u00fcnk\u00fc ilan\u0131; Suriye&#8217;nin ulusal uzla\u015f\u0131, birlik ve kal\u0131c\u0131 istikrar yolculu\u011funda derin ve tarihi bir d\u00f6n\u00fcm noktas\u0131n\u0131 temsil etmektedir.&#8221; dedi.<\/p>\n","protected":false},"author":1,"featured_media":14701,"comment_status":"open","ping_status":"open","sticky":false,"template":"","format":"standard","meta":{"footnotes":""},"categories":[12],"tags":[2960,2961,2876,361],"class_list":["post-14700","post","type-post","status-publish","format-standard","has-post-thumbnail","hentry","category-siyaset","tag-anlasmanin","tag-bagli","tag-gucleri","tag-suriye"],"_links":{"self":[{"href":"https:\/\/bihavadis.com\/index.php\/wp-json\/wp\/v2\/posts\/14700","targetHints":{"allow":["GET"]}}],"collection":[{"href":"https:\/\/bihavadis.com\/index.php\/wp-json\/wp\/v2\/posts"}],"about":[{"href":"https:\/\/bihavadis.com\/index.php\/wp-json\/wp\/v2\/types\/post"}],"author":[{"embeddable":true,"href":"https:\/\/bihavadis.com\/index.php\/wp-json\/wp\/v2\/users\/1"}],"replies":[{"embeddable":true,"href":"https:\/\/bihavadis.com\/index.php\/wp-json\/wp\/v2\/comments?post=14700"}],"version-history":[{"count":1,"href":"https:\/\/bihavadis.com\/index.php\/wp-json\/wp\/v2\/posts\/14700\/revisions"}],"predecessor-version":[{"id":14703,"href":"https:\/\/bihavadis.com\/index.php\/wp-json\/wp\/v2\/posts\/14700\/revisions\/14703"}],"wp:featuredmedia":[{"embeddable":true,"href":"https:\/\/bihavadis.com\/index.php\/wp-json\/wp\/v2\/media\/14701"}],"wp:attachment":[{"href":"https:\/\/bihavadis.com\/index.php\/wp-json\/wp\/v2\/media?parent=14700"}],"wp:term":[{"taxonomy":"category","embeddable":true,"href":"https:\/\/bihavadis.com\/index.php\/wp-json\/wp\/v2\/categories?post=14700"},{"taxonomy":"post_tag","embeddable":true,"href":"https:\/\/bihavadis.com\/index.php\/wp-json\/wp\/v2\/tags?post=14700"}],"curies":[{"name":"wp","href":"https:\/\/api.w.org\/{rel}","templated":true}]}}