{"id":14707,"date":"2026-02-04T07:09:07","date_gmt":"2026-02-04T07:09:07","guid":{"rendered":"https:\/\/bihavadis.com\/?p=14707"},"modified":"2026-02-04T07:09:07","modified_gmt":"2026-02-04T07:09:07","slug":"istanbulda-trafik-yogunlugu","status":"publish","type":"post","link":"https:\/\/bihavadis.com\/index.php\/2026\/02\/04\/istanbulda-trafik-yogunlugu\/","title":{"rendered":"\u0130stanbul&#8217;da trafik yo\u011funlu\u011fu"},"content":{"rendered":"<p>\u0130stanbul&#8217;da trafik yo\u011funlu\u011fu&#8230;<\/p>\n<p>Okullar\u0131n a\u00e7\u0131lmas\u0131yla birlikte \u0130stanbul&#8217;da yeni haftada trafik yo\u011funlu\u011fu ba\u015flad\u0131.\u00a0<\/p>\n<p>Yola \u00e7\u0131kan s\u00fcr\u00fcc\u00fcler ilerlemekte zorlan\u0131rken, toplu ta\u015f\u0131mada da yo\u011funluk oldu\u011fu g\u00f6r\u00fcd\u00fc.\u00a0<\/p>\n<p><strong>OKULA G\u0130DENLER, \u0130\u015eE YET\u0130\u015eMEYE \u00c7ALI\u015eANLAR<\/strong><\/p>\n<p>Hem okula yeti\u015fmeye \u00e7al\u0131\u015fan \u00f6\u011frenciler hem de haftan\u0131n ilk g\u00fcn\u00fcnde i\u015fe giden s\u00fcr\u00fcc\u00fcler yollara \u00e7\u0131kt\u0131.<\/p>\n<p>Ya\u011f\u0131\u015f\u0131n da etkisiyle Okmeydan\u0131&#8217;nda trafik yo\u011funlu\u011fu ya\u015fand\u0131.<\/p>\n<p>Kozyata\u011f\u0131 D-100 Karayolu ve Yenibosna D-100 Karayolu&#8217;nda da trafik etkili oldu.<\/p>\n<p><img decoding=\"async\" src=\"https:\/\/bihavadis.com\/wp-content\/uploads\/2026\/02\/istanbulda-trafik-yogunlugu-0-a7T662Ww.jpg\"\/><\/p>\n<p><strong>YO\u011eUNLUK Y\u00dcZDE 70&#8217;\u0130 GE\u00c7T\u0130<\/strong><\/p>\n<p>\u0130BB trafik uygulamas\u0131na g\u00f6re saat 08.50 itibar\u0131yla trafik yo\u011funlu\u011fu y\u00fczde 74 olarak \u00f6l\u00e7\u00fcld\u00fc.<\/p>\n<p><img decoding=\"async\" src=\"https:\/\/bihavadis.com\/wp-content\/uploads\/2026\/02\/istanbulda-trafik-yogunlugu-1-yQ8SSd73.jpg\"\/><\/p>\n<p><img decoding=\"async\" src=\"https:\/\/bihavadis.com\/wp-content\/uploads\/2026\/02\/istanbulda-trafik-yogunlugu-2-GAuFLsKw.jpg\"\/><\/p>\n","protected":false},"excerpt":{"rendered":"<p>\u0130stanbul&#8217;da okullarda ara tatilin sona ermesinin ard\u0131ndan, haftan\u0131n ilk i\u015f g\u00fcn\u00fcnde sabah saatlerinde \u00f6zellikle ana arterlerde trafik yo\u011funlu\u011fu olu\u015ftu.<\/p>\n","protected":false},"author":1,"featured_media":14708,"comment_status":"open","ping_status":"open","sticky":false,"template":"","format":"standard","meta":{"footnotes":""},"categories":[4,13],"tags":[1386],"class_list":["post-14707","post","type-post","status-publish","format-standard","has-post-thumbnail","hentry","category-gundem","category-son-dakika","tag-trafik"],"_links":{"self":[{"href":"https:\/\/bihavadis.com\/index.php\/wp-json\/wp\/v2\/posts\/14707","targetHints":{"allow":["GET"]}}],"collection":[{"href":"https:\/\/bihavadis.com\/index.php\/wp-json\/wp\/v2\/posts"}],"about":[{"href":"https:\/\/bihavadis.com\/index.php\/wp-json\/wp\/v2\/types\/post"}],"author":[{"embeddable":true,"href":"https:\/\/bihavadis.com\/index.php\/wp-json\/wp\/v2\/users\/1"}],"replies":[{"embeddable":true,"href":"https:\/\/bihavadis.com\/index.php\/wp-json\/wp\/v2\/comments?post=14707"}],"version-history":[{"count":1,"href":"https:\/\/bihavadis.com\/index.php\/wp-json\/wp\/v2\/posts\/14707\/revisions"}],"predecessor-version":[{"id":14712,"href":"https:\/\/bihavadis.com\/index.php\/wp-json\/wp\/v2\/posts\/14707\/revisions\/14712"}],"wp:featuredmedia":[{"embeddable":true,"href":"https:\/\/bihavadis.com\/index.php\/wp-json\/wp\/v2\/media\/14708"}],"wp:attachment":[{"href":"https:\/\/bihavadis.com\/index.php\/wp-json\/wp\/v2\/media?parent=14707"}],"wp:term":[{"taxonomy":"category","embeddable":true,"href":"https:\/\/bihavadis.com\/index.php\/wp-json\/wp\/v2\/categories?post=14707"},{"taxonomy":"post_tag","embeddable":true,"href":"https:\/\/bihavadis.com\/index.php\/wp-json\/wp\/v2\/tags?post=14707"}],"curies":[{"name":"wp","href":"https:\/\/api.w.org\/{rel}","templated":true}]}}