{"id":14727,"date":"2026-02-04T07:27:08","date_gmt":"2026-02-04T07:27:08","guid":{"rendered":"https:\/\/bihavadis.com\/?p=14727"},"modified":"2026-02-04T07:27:08","modified_gmt":"2026-02-04T07:27:08","slug":"kirkagaca-sosyal-belediyecilik-atagi","status":"publish","type":"post","link":"https:\/\/bihavadis.com\/index.php\/2026\/02\/04\/kirkagaca-sosyal-belediyecilik-atagi\/","title":{"rendered":"K\u0131rka\u011fa\u00e7&#8217;a sosyal belediyecilik ata\u011f\u0131"},"content":{"rendered":"<p> Manisa B\u00fcy\u00fck\u015fehir Belediyesi, sosyal belediyecilik hizmetleri kapsam\u0131nda K\u0131rka\u011fa\u00e7 il\u00e7esinde Kent Lokantas\u0131, Halk Mand\u0131ra ve Halk Ekmek B\u00fcfesi&#8217;ni d\u00fczenlenen t\u00f6renle hizmete a\u00e7t\u0131. A\u00e7\u0131l\u0131\u015f t\u00f6reninin ard\u0131ndan Manisa B\u00fcy\u00fck\u015fehir Belediye Ba\u015fkan\u0131 Besim Dutlulu, K\u0131rka\u011fa\u00e7&#8217;ta mahalle muhtarlar\u0131, sivil toplum \u00f6rg\u00fctlerinin temsilcileri, pazarc\u0131lar ve vatanda\u015flarla bir araya geldi.<\/p>\n<p>Sosyal belediyecilik anlay\u0131\u015f\u0131 ile hizmetlerine devam eden Manisa B\u00fcy\u00fck\u015fehir Belediyesi, hayata ge\u00e7irdi\u011fi projelerle vatanda\u015flar\u0131n temel ihtiya\u00e7lara daha uygun \u015fartlarla eri\u015fmesini ama\u00e7l\u0131yor. Bu kapsamda K\u0131rka\u011fa\u00e7&#8217;ta Kent Lokantas\u0131, Halk Mand\u0131ra ve Halk Ekmek B\u00fcfesi&#8217;ni d\u00fczenlenen t\u00f6renle vatanda\u015flar\u0131n hizmetine sundu. Manisa B\u00fcy\u00fck\u015fehir Belediye Ba\u015fkan\u0131 Besim Dutlulu&#8217;nun kat\u0131l\u0131m\u0131yla yap\u0131lan a\u00e7\u0131l\u0131\u015f t\u00f6renine K\u0131rka\u011fa\u00e7 Belediye Ba\u015fkan\u0131 \u00dcst\u00fcn D\u00f6nmez, B\u00fcy\u00fck\u015fehir Belediyesi Genel Sekreteri Burak Deste, MASK\u0130 Genel M\u00fcd\u00fcr\u00fc Ali K\u0131l\u0131\u00e7, genel sekreter yard\u0131mc\u0131lar\u0131, daire ba\u015fkanlar\u0131, CHP \u0130l\u00e7e Ba\u015fkan\u0131 Mehmet Karak\u00f6yl\u00fc ve \u00e7ok say\u0131da vatanda\u015f kat\u0131ld\u0131.<\/p>\n<p>&#8220;Bizim tek derdimiz halk\u0131m\u0131za hizmet etmek&#8221;<\/p>\n<p>Kent Lokantalar\u0131n\u0131n \u00f6nemine de\u011finen Ba\u015fkan Dutlulu, Manisa&#8217;da vatanda\u015flar\u0131n yata\u011fa a\u00e7 girmemesi i\u00e7in \u00e7al\u0131\u015ft\u0131klar\u0131n\u0131 s\u00f6yleyerek \u015f\u00f6yle devam etti; &#8220;Haziran ay\u0131ndan itibaren yakla\u015f\u0131k 8&#8217;inci kent lokantas\u0131n\u0131 a\u00e7\u0131yoruz. K\u0131rka\u011fa\u00e7&#8217;ta da \u00e7ok g\u00fczel, merkezi bir noktada a\u00e7\u0131yoruz. Bizim kent lokantalar\u0131n\u0131 a\u00e7makta tek bir amac\u0131m\u0131z var; K\u0131rka\u011fa\u00e7&#8217;ta kimse yata\u011fa a\u00e7 girmesin. K\u0131rka\u011fa\u00e7&#8217;ta emekli, \u00e7ift\u00e7i, \u00f6\u011frenci ekonomik bir \u015fekilde sa\u011fl\u0131kl\u0131 yeme\u011fe ula\u015fs\u0131n. Bizim tek derdimiz halk\u0131m\u0131za hizmet etmek.&#8221;<\/p>\n<p>Kent lokantalar\u0131n\u0131 yayg\u0131nla\u015ft\u0131rmak i\u00e7in \u00e7al\u0131\u015ft\u0131klar\u0131n\u0131 s\u00f6yleyen Ba\u015fkan Dutlulu, &#8220;G\u00f6n\u00fcl isterdi ki kimse kent lokantas\u0131ndaki yeme\u011fe ihtiya\u00e7 duymas\u0131n. Herkesin kazanc\u0131 iyi olsun. Emekli hi\u00e7 kent lokantas\u0131na gitmeden istedi\u011fi lokantada yeme\u011fini yiyebilsin. Ama \u015fu anda \u00fclkemizde b\u00f6yle bir ekonomi yok. Biz de bu kent lokantalar\u0131n\u0131n say\u0131s\u0131n\u0131 yayg\u0131nla\u015ft\u0131rmaya devam ediyoruz. Her il\u00e7emizde olsun, her il\u00e7emizde bir fazla olsun istiyoruz&#8221; diye konu\u015ftu.<\/p>\n<p>&#8220;Manisa \u015eehir Kart\u0131 ile t\u00fcm lokantalar kent lokantas\u0131 olacak&#8221;<\/p>\n<p>Manisa \u015eehir Kart\u0131 projesi hakk\u0131nda bilgi veren Ba\u015fkan Dutlulu, bu proje ile ama\u00e7lar\u0131n\u0131n esnafa destek olmak oldu\u011funu s\u00f6yledi. Ba\u015fkan Dutlulu, &#8220;Amac\u0131m\u0131z esnafa rakip de\u011fil destek olmakt\u0131r. Yeni bir proje olan Manisa \u015eehir Kart\u0131&#8217;n\u0131n bas\u0131m\u0131na ba\u015flad\u0131k. Bu kart\u0131m\u0131z\u0131 emeklilerimize, \u00f6\u011frencilerimize ve ihtiya\u00e7 sahiplerine verece\u011fiz. Manisa&#8217;daki t\u00fcm lokantalar ile i\u015f birli\u011fi yapaca\u011f\u0131z. Manisa&#8217;daki her lokanta, birer kent lokantas\u0131 olacak. Lokantaya o g\u00fcnk\u00fc g\u00fcncel rakam neyse onu \u00f6deyeceksiniz, \u00fcst\u00fcn\u00fc Manisa B\u00fcy\u00fck\u015fehir Belediyesi kar\u015f\u0131layacak&#8221; diye konu\u015ftu.<\/p>\n<p>&#8220;Halk mand\u0131ras\u0131, halk ekmek b\u00fcfesi ve kooperatif \u00fcr\u00fcnleri de var&#8221;<\/p>\n<p>Projede eme\u011fi ge\u00e7en herkese te\u015fekk\u00fcr eden Ba\u015fkan Dutlulu, konu\u015fmas\u0131n\u0131 \u015f\u00f6yle tamamlad\u0131: &#8220;Ba\u015fta \u00dcst\u00fcn D\u00f6nmez ba\u015fkan\u0131ma, il\u00e7e ba\u015fkan\u0131m\u0131za, buray\u0131 kurmak i\u00e7in SP\u0130LA\u015e&#8217;ta emek harcayan t\u00fcm arkada\u015flara te\u015fekk\u00fcr ediyorum. Burada sadece kent lokantam\u0131z yok. S\u00fct\u00fcm\u00fcz\u00fcn, yo\u011furdumuzun, etimizin, kooperatif \u00fcr\u00fcnlerinin oldu\u011fu Halk Mand\u0131ra da var. Bu \u00fcr\u00fcnlere de vatanda\u015flar\u0131m\u0131z indirimli, uygun fiyatla ula\u015fabilecekler. Bir nebze de olsa vatanda\u015f\u0131m\u0131za dokunabiliyorsak, destek olabiliyorsak ne mutlu. T\u00fcm eme\u011fi ge\u00e7enlere tekrar te\u015fekk\u00fcr ediyorum. Kent Lokantam\u0131z K\u0131rka\u011fa\u00e7&#8217;\u0131m\u0131za hay\u0131rl\u0131 olsun.&#8221;<\/p>\n<p>K\u0131rka\u011fa\u00e7 Belediye Ba\u015fkan\u0131 \u00dcst\u00fcn D\u00f6nmez, il\u00e7elerine yap\u0131lan kent lokantas\u0131, halk mand\u0131ra ve halk ekmek b\u00fcfesinin \u00f6nemine de\u011finerek eme\u011fi ge\u00e7enlere te\u015fekk\u00fcr etti.<\/p>\n<p>Manisa B\u00fcy\u00fck\u015fehir Belediye Ba\u015fkan\u0131 Ba\u015fkan Dutlulu, a\u00e7\u0131l\u0131\u015f\u0131 yap\u0131lan Kent Lokantas\u0131&#8217;nda yemekleri vatanda\u015flara ikram etti, K\u0131rka\u011fa\u00e7l\u0131 vatanda\u015flarla sohbet etti. Ard\u0131ndan Halk Ekmek B\u00fcfesi ve Halk Mand\u0131ra&#8217;da incelemelerde bulunan Ba\u015fkan Dutlulu, hizmetlerin i\u015fleyi\u015fine ili\u015fkin bilgi ald\u0131.<\/p>\n<p>Muhtarlar ve STK&#8217;larla K\u0131rka\u011fa\u00e7&#8217;\u0131n gelece\u011fi konu\u015fuldu<\/p>\n<p>Haftal\u0131k il\u00e7e ziyaretleriyle sorunlar\u0131 yerinde tespit ederek \u00e7\u00f6z\u00fcmler \u00fcreten ve vatanda\u015flar\u0131 dinleyen Manisa B\u00fcy\u00fck\u015fehir Belediye Ba\u015fkan\u0131 Besim Dutlulu, K\u0131rka\u011fa\u00e7&#8217;ta mahalle muhtarlar\u0131 ve sivil toplum kurulu\u015flar\u0131n\u0131n temsilcileriyle bir araya geldi. Ba\u015fkan Dutlulu&#8217;ya program boyunca K\u0131rka\u011fa\u00e7 Belediye Ba\u015fkan\u0131 \u00dcst\u00fcn D\u00f6nmez, Genel Sekreter Burak Deste, MASK\u0130 Genel M\u00fcd\u00fcr\u00fc Ali K\u0131l\u0131\u00e7, genel sekreter yard\u0131mc\u0131lar\u0131 ve daire ba\u015fkanlar\u0131 e\u015flik etti.<\/p>\n<p>Sivil toplum \u00f6rg\u00fctleri ve muhtarlarla i\u015fbirli\u011fi i\u00e7inde \u00e7al\u0131\u015fman\u0131n \u00f6nemine de\u011finen Manisa B\u00fcy\u00fck\u015fehir Belediye Ba\u015fkan\u0131 Besim Dutlulu, &#8220;Ge\u00e7ti\u011fimiz d\u00f6nemde mahallelerimize bir i\u015f yapacaksak muhtarlara sorduk. Pazaryeri yapacaksak pazarc\u0131lar odas\u0131na sorduk. Bu i\u015fin sonunda hem muhtarlar\u0131m\u0131z hem de halk\u0131m\u0131z kazand\u0131. Bizim K\u0131rka\u011fa\u00e7&#8217;\u0131n sorununu sizden iyi bilme \u015fans\u0131m\u0131z yok. K\u0131rka\u011fa\u00e7&#8217;ta bir avantaj\u0131m\u0131z var. \u00c7ok \u00e7al\u0131\u015fkan bir belediye ba\u015fkan\u0131m\u0131z var. Yap\u0131lacak hizmetleri nokta at\u0131\u015flar\u0131yla ad\u0131m ad\u0131m beraber programl\u0131yoruz. K\u0131rka\u011fa\u00e7&#8217;ta y\u0131llard\u0131r yap\u0131lmayan, \u015fehir merkezinde b\u00fcy\u00fck bir ihtiya\u00e7 olan s\u0131cak asfalt\u0131 yapt\u0131k. 35 kilometre so\u011fuk asfalt \u00e7al\u0131\u015fmas\u0131 yapt\u0131k. Bu sene yine s\u0131cak ve so\u011fuk asfalt planlamam\u0131z var. Art\u0131k K\u0131rka\u011fa\u00e7&#8217;\u0131n en \u00f6nemli sorunlar\u0131ndan biri olan yol sorununu ad\u0131m ad\u0131m \u00e7\u00f6zmeye ba\u015fl\u0131yoruz&#8221; dedi.<\/p>\n<p>&#8220;K\u0131rka\u011fa\u00e7 hak etti\u011fi hizmeti alamad\u0131&#8221;<\/p>\n<p>Altyap\u0131 noktas\u0131nda bir\u00e7ok k\u00f6y\u00fcn s\u0131k\u0131nt\u0131 ya\u015fad\u0131\u011f\u0131n\u0131 belirten Ba\u015fkan Besim Dutlulu, &#8220;\u00dcst\u00fcn Ba\u015fkan ile el ele verdik. Hep beraber mahallelerimizin altyap\u0131lar\u0131n\u0131 yenilemeye ba\u015flad\u0131k. K\u0131rka\u011fa\u00e7&#8217;ta bir mahallemiz hari\u00e7 b\u00fct\u00fcn mahallelerimiz k\u0131rsal mahalle oldu. Biz il\u00e7e belediyesi, b\u00fcy\u00fck\u015fehir belediyesi ayr\u0131m\u0131 yapm\u0131yoruz. Bizim tek bir amac\u0131m\u0131z var; K\u0131rka\u011fa\u00e7&#8217;\u0131n sorunlar\u0131n\u0131 h\u0131zl\u0131 bir \u015fekilde \u00e7\u00f6zmek. K\u0131rka\u011fa\u00e7; ge\u00e7mi\u015fte hak etti\u011fi hizmeti alamad\u0131. K\u0131rka\u011fa\u00e7&#8217;a ne kadar hizmet edebiliriz, halk\u0131m\u0131z\u0131n taleplerini nas\u0131l \u00e7\u00f6zebiliriz bunu d\u00fc\u015f\u00fcn\u00fcyoruz&#8221; ifadelerini kulland\u0131.<\/p>\n<p>K\u0131rka\u011fa\u00e7 Belediye Ba\u015fkan\u0131 \u00dcst\u00fcn D\u00f6nmez ile ele verdiklerini ve K\u0131rka\u011fa\u00e7 halk\u0131 i\u00e7in hizmet ettiklerini vurgulayan Ba\u015fkan Dutlulu, &#8220;Hi\u00e7bir zaman bu sorun bizim sorunumuz de\u011fil demeyece\u011fiz. Karakurt&#8217;ta camiye ba\u015flayaca\u011f\u0131z, oraya \u00e7ok g\u00fczel bir cami yapaca\u011f\u0131z. K\u0131rka\u011fa\u00e7&#8217;ta hangi beldenin hangi mahallenin ne eksi\u011fi varsa o eksi\u011fi tamamlamak i\u00e7in elimizden geleni yapaca\u011f\u0131z&#8221; \u015feklinde konu\u015ftu.<\/p>\n<p>K\u0131rka\u011fa\u00e7 Belediye Ba\u015fkan\u0131 \u00dcst\u00fcn D\u00f6nmez, altyap\u0131dan \u00fcstyap\u0131ya, sosyal belediyecilikten k\u0131rsal kalk\u0131nmaya kadar her alanda K\u0131rka\u011fa\u00e7&#8217;\u0131n ihtiya\u00e7lar\u0131n\u0131 tek tek ele ald\u0131klar\u0131n\u0131 s\u00f6yledi.<\/p>\n<p>Manisa B\u00fcy\u00fck\u015fehir Belediye Ba\u015fkan\u0131 Besim Dutlulu, konu\u015fmas\u0131n\u0131n sonunda mahalle muhtarlar\u0131 ve sivil toplum \u00f6rg\u00fctleri temsilcilerinin sorunlar\u0131n\u0131 yan\u0131tlad\u0131, Manisa B\u00fcy\u00fck\u015fehir Belediyesi&#8217;nin \u00e7al\u0131\u015fmalar\u0131 hakk\u0131nda bilgiler verdi.<\/p>\n<p>Manisa B\u00fcy\u00fck\u015fehir Belediye Ba\u015fkan\u0131 Besim Dutlulu, K\u0131rka\u011fa\u00e7 il\u00e7e program\u0131nda, pazar esnaf\u0131 ve vatanda\u015flarla da bir araya geldi. Pazar esnaf\u0131na hay\u0131rl\u0131 i\u015fler dileyen Ba\u015fkan Dutlulu, K\u0131rka\u011fa\u00e7 halk\u0131n\u0131n da talep ve \u00f6nerilerini dinledi. &#8211; MAN\u0130SA<\/p>\n","protected":false},"excerpt":{"rendered":"<p>Manisa B\u00fcy\u00fck\u015fehir Belediyesi, sosyal belediyecilik hizmetleri kapsam\u0131nda K\u0131rka\u011fa\u00e7 il\u00e7esinde Kent Lokantas\u0131, Halk Mand\u0131ra ve Halk Ekmek B\u00fcfesi&#8217;ni d\u00fczenlenen t\u00f6renle hizmete a\u00e7t\u0131.<\/p>\n","protected":false},"author":1,"featured_media":14728,"comment_status":"open","ping_status":"open","sticky":false,"template":"","format":"standard","meta":{"footnotes":""},"categories":[8],"tags":[315,2966,2965,1207,1226],"class_list":["post-14727","post","type-post","status-publish","format-standard","has-post-thumbnail","hentry","category-ekonomi","tag-hizmet","tag-kent-lokantasi","tag-kirkagac","tag-manisa","tag-vatandas"],"_links":{"self":[{"href":"https:\/\/bihavadis.com\/index.php\/wp-json\/wp\/v2\/posts\/14727","targetHints":{"allow":["GET"]}}],"collection":[{"href":"https:\/\/bihavadis.com\/index.php\/wp-json\/wp\/v2\/posts"}],"about":[{"href":"https:\/\/bihavadis.com\/index.php\/wp-json\/wp\/v2\/types\/post"}],"author":[{"embeddable":true,"href":"https:\/\/bihavadis.com\/index.php\/wp-json\/wp\/v2\/users\/1"}],"replies":[{"embeddable":true,"href":"https:\/\/bihavadis.com\/index.php\/wp-json\/wp\/v2\/comments?post=14727"}],"version-history":[{"count":1,"href":"https:\/\/bihavadis.com\/index.php\/wp-json\/wp\/v2\/posts\/14727\/revisions"}],"predecessor-version":[{"id":14729,"href":"https:\/\/bihavadis.com\/index.php\/wp-json\/wp\/v2\/posts\/14727\/revisions\/14729"}],"wp:featuredmedia":[{"embeddable":true,"href":"https:\/\/bihavadis.com\/index.php\/wp-json\/wp\/v2\/media\/14728"}],"wp:attachment":[{"href":"https:\/\/bihavadis.com\/index.php\/wp-json\/wp\/v2\/media?parent=14727"}],"wp:term":[{"taxonomy":"category","embeddable":true,"href":"https:\/\/bihavadis.com\/index.php\/wp-json\/wp\/v2\/categories?post=14727"},{"taxonomy":"post_tag","embeddable":true,"href":"https:\/\/bihavadis.com\/index.php\/wp-json\/wp\/v2\/tags?post=14727"}],"curies":[{"name":"wp","href":"https:\/\/api.w.org\/{rel}","templated":true}]}}