{"id":14730,"date":"2026-02-04T07:30:05","date_gmt":"2026-02-04T07:30:05","guid":{"rendered":"https:\/\/bihavadis.com\/?p=14730"},"modified":"2026-02-04T07:30:05","modified_gmt":"2026-02-04T07:30:05","slug":"prof-dr-muammer-aksoyun-adi-sonsuza-kadar-yasayacak","status":"publish","type":"post","link":"https:\/\/bihavadis.com\/index.php\/2026\/02\/04\/prof-dr-muammer-aksoyun-adi-sonsuza-kadar-yasayacak\/","title":{"rendered":"Prof. Dr Muammer Aksoy&#8217;un Ad\u0131 Sonsuza Kadar Ya\u015fayacak"},"content":{"rendered":"<p><b>Atat\u00fcrk\u00e7\u00fc D\u00fc\u015f\u00fcnce Derne\u011fi kurucu genel ba\u015fkan\u0131, Hukuk akademisyeni, Yazar ve ger\u00e7ek bir ayd\u0131n Prof. Dr. Muammer Aksoy,\u00a0\u00a031 Ocak 1990\u2019da Ankara\u2019da, evinin \u00f6n\u00fcnde d\u00fczenlenen al\u00e7ak bir suikast sonucu aram\u0131zdan kopar\u0131lm\u0131\u015ft\u0131.<\/b><\/p>\n<p>Atat\u00fcrk\u00e7\u00fc D\u00fc\u015f\u00fcnce Derne\u011fi (ADD) Ayval\u0131k \u015eubesi i\u00e7erisindeki salona\u00a0Atat\u00fcrk\u00e7\u00fc D\u00fc\u015f\u00fcnce Derne\u011fi kurucu genel ba\u015fkan\u0131n\u0131 Prof. Dr. Muammer Aksoy\u2019un ad\u0131 verildi. D\u00fczenlenen t\u00f6rene kat\u0131lan Ayval\u0131k Belediye Ba\u015fkan\u0131 Mesut Ergin,\u00a0Atat\u00fcrk ilke ve devrimlerine \u00f6mr\u00fcn\u00fc adam\u0131\u015f, ayd\u0131nlanma m\u00fccadelesinin simge isimlerinden Prof. Dr. Muammer Aksoy\u2019un ad\u0131n\u0131n Ayval\u0131k\u2019ta ya\u015fatacak \u00e7ok anlaml\u0131 bir ana tan\u0131kl\u0131k ettiklerini s\u00f6yledi.<\/p>\n<p>Ba\u015fkan Mesut Ergin, \u201cADD \u015fube binas\u0131 i\u00e7erisindeki salona Muammer Aksoy ad\u0131n\u0131n verilmesinin, ge\u00e7mi\u015fe duyulan sayg\u0131n\u0131n ve gelece\u011fe olan borcumuzun bir ifadesidir. Ayval\u0131k, her zaman ayd\u0131nlanman\u0131n, \u00f6zg\u00fcr d\u00fc\u015f\u00fcncenin ve Cumhuriyet de\u011ferlerinin yan\u0131nda olmu\u015ftur; olmaya da devam edecektir\u201d dedi<\/p>\n<p>\u00a0<\/p>\n<p>Kaynak: (BYZHA) Beyaz Haber Ajans\u0131<\/p>\n","protected":false},"excerpt":{"rendered":"<p>Atat\u00fcrk\u00e7\u00fc D\u00fc\u015f\u00fcnce Derne\u011fi kurucu genel ba\u015fkan\u0131, Hukuk akademisyeni, Yazar ve ger\u00e7ek bir ayd\u0131n Prof. Dr. Muammer Aksoy,\u00a0\u00a031 Ocak 1990\u2019da Ankara\u2019da, evinin \u00f6n\u00fcnde d\u00fczenlenen al\u00e7ak bir suikast sonucu aram\u0131zdan kopar\u0131lm\u0131\u015ft\u0131.<\/p>\n","protected":false},"author":1,"featured_media":14731,"comment_status":"open","ping_status":"open","sticky":false,"template":"","format":"standard","meta":{"footnotes":""},"categories":[4],"tags":[],"class_list":["post-14730","post","type-post","status-publish","format-standard","has-post-thumbnail","hentry","category-gundem"],"_links":{"self":[{"href":"https:\/\/bihavadis.com\/index.php\/wp-json\/wp\/v2\/posts\/14730","targetHints":{"allow":["GET"]}}],"collection":[{"href":"https:\/\/bihavadis.com\/index.php\/wp-json\/wp\/v2\/posts"}],"about":[{"href":"https:\/\/bihavadis.com\/index.php\/wp-json\/wp\/v2\/types\/post"}],"author":[{"embeddable":true,"href":"https:\/\/bihavadis.com\/index.php\/wp-json\/wp\/v2\/users\/1"}],"replies":[{"embeddable":true,"href":"https:\/\/bihavadis.com\/index.php\/wp-json\/wp\/v2\/comments?post=14730"}],"version-history":[{"count":1,"href":"https:\/\/bihavadis.com\/index.php\/wp-json\/wp\/v2\/posts\/14730\/revisions"}],"predecessor-version":[{"id":14732,"href":"https:\/\/bihavadis.com\/index.php\/wp-json\/wp\/v2\/posts\/14730\/revisions\/14732"}],"wp:featuredmedia":[{"embeddable":true,"href":"https:\/\/bihavadis.com\/index.php\/wp-json\/wp\/v2\/media\/14731"}],"wp:attachment":[{"href":"https:\/\/bihavadis.com\/index.php\/wp-json\/wp\/v2\/media?parent=14730"}],"wp:term":[{"taxonomy":"category","embeddable":true,"href":"https:\/\/bihavadis.com\/index.php\/wp-json\/wp\/v2\/categories?post=14730"},{"taxonomy":"post_tag","embeddable":true,"href":"https:\/\/bihavadis.com\/index.php\/wp-json\/wp\/v2\/tags?post=14730"}],"curies":[{"name":"wp","href":"https:\/\/api.w.org\/{rel}","templated":true}]}}