{"id":14862,"date":"2026-02-04T09:45:07","date_gmt":"2026-02-04T09:45:07","guid":{"rendered":"https:\/\/bihavadis.com\/?p=14862"},"modified":"2026-02-04T09:45:07","modified_gmt":"2026-02-04T09:45:07","slug":"izmirde-saganak-su-baskinlarina-neden-oldu-2","status":"publish","type":"post","link":"https:\/\/bihavadis.com\/index.php\/2026\/02\/04\/izmirde-saganak-su-baskinlarina-neden-oldu-2\/","title":{"rendered":"\u0130zmir&#8217;de Sa\u011fanak Su Bask\u0131nlar\u0131na Neden Oldu"},"content":{"rendered":"<p>\n<p>\u00c7AMUR KAPLI SOKAKLAR DRONLA G\u00d6R\u00dcNT\u00dcLEND\u0130<\/p>\n<p> \u0130zmir&#8217;de d\u00fcn ak\u015fam saatlerinde aniden bast\u0131ran sa\u011fanak, ya\u015fam\u0131 olumsuz etkiledi. Manda \u00c7ay\u0131 Deresi&#8217;nin ta\u015ft\u0131\u011f\u0131 Bornova&#8217;n\u0131n Ye\u015filova Mahallesi&#8217;nde bir\u00e7ok evi ve i\u015f yerini su bast\u0131, sokaktaki ara\u00e7lar suda s\u00fcr\u00fcklendi. Vatanda\u015flar, kendi imkanlar\u0131yla dolan suyu tahliye etti. Sabah saatlerinde sular\u0131n \u00e7ekilmesiyle geriye \u00e7amurlu sokaklar kald\u0131. Sokaklar, dronla g\u00f6r\u00fcnt\u00fclendi. Bornova Belediyesi ekipleri, b\u00f6lgede temizlik \u00e7al\u0131\u015fmas\u0131 ba\u015flatt\u0131. Belediye ekiplerinin \u00e7al\u0131\u015fmas\u0131na mahalle sakinleri de destek verdi.<\/p>\n<p>&#8216;ATE\u015e D\u00dc\u015eT\u00dc\u011e\u00dc YER YAKIYOR&#8217;<\/p>\n<p>Evini su basan vatanda\u015flardan Tu\u011frul Ayg\u0131t, &#8220;Buray\u0131 muhtara, belediye ba\u015fkan\u0131na daha \u00f6nce de s\u00f6yledik. T\u00fcm e\u015fyalar\u0131m gitti. Evin i\u00e7inde hi\u00e7bir \u015fey kalmad\u0131. Yapacak hi\u00e7bir \u015fey yok. Elimiz kolumuz ba\u011fl\u0131. Evin i\u00e7ine diz boyundan fazla su doldu. 20 senedir bu mahalledeyim; ayn\u0131 sorun var. Hi\u00e7bir \u015fekilde d\u00fczelmiyor. Hadi d\u00fcn do\u011fal afet oldu ama burada bu sorun s\u00fcrekli var. Biz sesimizi duyuram\u0131yoruz. Ate\u015f d\u00fc\u015ft\u00fc\u011f\u00fc yeri yak\u0131yor&#8221; dedi.<\/p>\n<p>&#8216;HER SENE BUNU YA\u015eIYORUZ&#8217;<\/p>\n<p>Necla \u00d6demi\u015f ise &#8220;Her sene bunu ya\u015f\u0131yoruz. Bu 5&#8217;inci kez evime su bas\u0131yor. Ya\u011fmur \u00e7ok ya\u011farsa sonumuz hep ayn\u0131. Y\u0131llard\u0131r &#8216;Buraya r\u00f6gar yapt\u0131r\u0131n&#8217; dedik ama kimse bir \u015fey yapmad\u0131. \u0130\u00e7erden d\u0131\u015far\u0131ya d\u0131\u015f kap\u0131y\u0131 a\u00e7madan dolan suyu tahliye etmek i\u00e7in u\u011fra\u015ft\u0131m&#8221; diye konu\u015ftu. <\/p>\n<p>Mahalle sakinlerinden Recep \u00d6zcan da &#8220;En ufak ya\u011fmurda buras\u0131 hemen su doluyor. Gece burada k\u0131yamet koptu. Baz\u0131 evleri su bast\u0131. Arabam\u0131 son anda \u00e7ekerek kurtard\u0131m. Ancak bir\u00e7ok araba suda kald\u0131\u011f\u0131 i\u00e7in \u00e7al\u0131\u015fm\u0131yor&#8221; ifadelerini kulland\u0131.<\/p>\n<p>KEMALPA\u015eA&#8217;DA FIRTINA HORTUM VE SA\u011eANAK<\/p>\n<p> Kemalpa\u015fa il\u00e7esinde de f\u0131rt\u0131na, hortum ve sa\u011fanak, baz\u0131 ev ve i\u015fletmelerin \u00e7at\u0131 b\u00f6l\u00fcmlerinde hasara neden oldu. Bir\u00e7ok noktada i\u015f yerlerine ait d\u0131\u015f cephe tabelalar\u0131 devrildi. Sa\u011fanak nedeniyle dere yataklar\u0131 ta\u015ft\u0131, baz\u0131 mahallelerde su birikintileri olu\u015ftu.<\/p>\n<p>PAN\u0130K ANLARI KAMERADA<\/p>\n<p>Ayr\u0131ca Kemalpa\u015fa Ulucak&#8217;ta etkili olan sa\u011fanak sonras\u0131 h\u0131zla y\u00fckselen sel sular\u0131, yeni sat\u0131n al\u0131nan bir otomobili sular i\u00e7inde b\u0131rakt\u0131. Sahibi, otomobilin sele kap\u0131lmas\u0131n\u0131 \u00f6nlemek i\u00e7in arac\u0131n kap\u0131s\u0131ndan tutup, b\u0131rakmad\u0131. O anlar, cep telefonu kameras\u0131yla kaydedildi. \u0130l\u00e7ede bir otomobilin selde s\u00fcr\u00fcklenmesi ve selin neden oldu\u011fu \u00e7ukura d\u00fc\u015ft\u00fc\u011f\u00fc s\u0131rada \u00e7evredekilerin yard\u0131m \u00e7\u0131\u011fl\u0131\u011f\u0131 att\u0131\u011f\u0131 anlar da cep telefonu kameras\u0131na yans\u0131d\u0131. Hasar tespit \u00e7al\u0131\u015fmalar\u0131nda; Kemalpa\u015fa Organize Sanayi B\u00f6lgesi&#8217;nde faaliyet g\u00f6steren 9 fabrikan\u0131n f\u0131rt\u0131nadan etkilendi\u011fi, il\u00e7e genelinde 5 konut ve 5 arac\u0131n su bask\u0131n\u0131nda zarar g\u00f6rd\u00fc\u011f\u00fc belirlendi.<\/p>\n<p>VAL\u0130 ELBAN, B\u00d6LGEDE \u0130NCELEMEDE BULUNDU<\/p>\n<p>\u0130zmir Valisi S\u00fcleyman Elban, Kemalpa\u015fa Kaymakam\u0131 Musa Sar\u0131 AK Parti \u0130zmir Milletvekili Ya\u015far K\u0131rkp\u0131nar ve AFAD \u0130l M\u00fcd\u00fcr\u00fc Nazif Ekinci de sabah saatlerinde b\u00f6lgeye gelerek incelemelerde bulundu. B\u00f6lgede ya\u015fanan son duruma ili\u015fkin a\u00e7\u0131klama yapan Vali Elban, d\u00fcn ak\u015fam saatlerinde ba\u015flayan yo\u011fun ya\u011f\u0131\u015f ve f\u0131rt\u0131nan\u0131n, Kemalpa\u015fa Organize Sanayi B\u00f6lgesi&#8217;nde s\u0131n\u0131rl\u0131 bir alanda hortuma d\u00f6n\u00fc\u015ft\u00fc\u011f\u00fcn\u00fc s\u00f6yledi. Vali Elban, &#8220;Ya\u015fanan f\u0131rt\u0131na ve hortum nedeniyle organize sanayimizde bulunan 9 fabrikada de\u011fi\u015fik \u00e7aplarda hasarlar meydana gelmi\u015ftir. \u0130l\u00e7e genelinde ise 5 ara\u00e7 ve 5 konut zarar g\u00f6rm\u00fc\u015ft\u00fcr&#8221; dedi.<\/p>\n<p>6 VATANDA\u015e KURTARILDI<\/p>\n<p>Vali Elban, il genelinde toplam 298 ev ve i\u015f yerinde su bask\u0131n\u0131 ya\u015fand\u0131\u011f\u0131n\u0131 kaydetti. 4&#8217;\u00fc ara\u00e7 i\u00e7inde, 2&#8217;si yaya olmak \u00fczere sel sular\u0131na kap\u0131lan 6 vatanda\u015f\u0131n ekipler taraf\u0131ndan kurtar\u0131ld\u0131\u011f\u0131n\u0131 belirten Vali Elban, can kayb\u0131 ve yaralanma ya\u015fanmamas\u0131n\u0131n en b\u00fcy\u00fck teselli oldu\u011funu ifade etti. Sahadaki ekiplerin hem hasar tespit \u00e7al\u0131\u015fmalar\u0131n\u0131 hem de vatanda\u015flar\u0131n ma\u011fduriyetlerinin giderilmesine y\u00f6nelik \u00e7al\u0131\u015fmalar\u0131 aral\u0131ks\u0131z s\u00fcrd\u00fcrd\u00fc\u011f\u00fcne dikkati \u00e7eken Vali Elban, t\u00fcm \u0130zmir halk\u0131na ge\u00e7mi\u015f olsun dileklerini iletti.<\/p>\n<p>BARAJIN DOLULUK ORANI ARTTI<\/p>\n<p>\u00d6te yandan ya\u011f\u0131\u015flar\u0131n ard\u0131ndan \u0130zmir&#8217;in i\u00e7me suyu ihtiyac\u0131n\u0131 kar\u015f\u0131layan Tahtal\u0131 Baraj\u0131&#8217;nda aktif doluluk oran\u0131, bu sabah y\u00fczde 4,69 olarak \u00f6l\u00e7\u00fcld\u00fc. Bug\u00fcn kent merkezinde ya\u011f\u0131\u015f beklenmezken, yar\u0131ndan itibar\u0131yla sal\u0131 g\u00fcn\u00fcne kadar ya\u011f\u0131\u015flar\u0131n aral\u0131klarla devam etmesi bekleniyor. <\/p>\n<p>Tolga TAH\u00c7I-Emircan DURAK-Tekin G\u00dcRBULAK\/\u0130ZM\u0130R, <\/p>\n","protected":false},"excerpt":{"rendered":"<p>\u0130zmir&#8217;de sa\u011fanak ya\u011f\u0131\u015f sonras\u0131 bir\u00e7ok evi su bast\u0131, dronla \u00e7amurlu sokaklar g\u00f6r\u00fcnt\u00fclendi.<\/p>\n","protected":false},"author":1,"featured_media":14863,"comment_status":"open","ping_status":"open","sticky":false,"template":"","format":"standard","meta":{"footnotes":""},"categories":[9,4,13],"tags":[978,2831,1851,2595,1226],"class_list":["post-14862","post","type-post","status-publish","format-standard","has-post-thumbnail","hentry","category-genel","category-gundem","category-son-dakika","tag-izmir","tag-kemalpasa","tag-saganak","tag-sel","tag-vatandas"],"_links":{"self":[{"href":"https:\/\/bihavadis.com\/index.php\/wp-json\/wp\/v2\/posts\/14862","targetHints":{"allow":["GET"]}}],"collection":[{"href":"https:\/\/bihavadis.com\/index.php\/wp-json\/wp\/v2\/posts"}],"about":[{"href":"https:\/\/bihavadis.com\/index.php\/wp-json\/wp\/v2\/types\/post"}],"author":[{"embeddable":true,"href":"https:\/\/bihavadis.com\/index.php\/wp-json\/wp\/v2\/users\/1"}],"replies":[{"embeddable":true,"href":"https:\/\/bihavadis.com\/index.php\/wp-json\/wp\/v2\/comments?post=14862"}],"version-history":[{"count":1,"href":"https:\/\/bihavadis.com\/index.php\/wp-json\/wp\/v2\/posts\/14862\/revisions"}],"predecessor-version":[{"id":14864,"href":"https:\/\/bihavadis.com\/index.php\/wp-json\/wp\/v2\/posts\/14862\/revisions\/14864"}],"wp:featuredmedia":[{"embeddable":true,"href":"https:\/\/bihavadis.com\/index.php\/wp-json\/wp\/v2\/media\/14863"}],"wp:attachment":[{"href":"https:\/\/bihavadis.com\/index.php\/wp-json\/wp\/v2\/media?parent=14862"}],"wp:term":[{"taxonomy":"category","embeddable":true,"href":"https:\/\/bihavadis.com\/index.php\/wp-json\/wp\/v2\/categories?post=14862"},{"taxonomy":"post_tag","embeddable":true,"href":"https:\/\/bihavadis.com\/index.php\/wp-json\/wp\/v2\/tags?post=14862"}],"curies":[{"name":"wp","href":"https:\/\/api.w.org\/{rel}","templated":true}]}}