{"id":14865,"date":"2026-02-04T09:51:05","date_gmt":"2026-02-04T09:51:05","guid":{"rendered":"https:\/\/bihavadis.com\/?p=14865"},"modified":"2026-02-04T09:51:05","modified_gmt":"2026-02-04T09:51:05","slug":"kagitspor-yabanci-sporcular-icin-de-onemli-bir-marka","status":"publish","type":"post","link":"https:\/\/bihavadis.com\/index.php\/2026\/02\/04\/kagitspor-yabanci-sporcular-icin-de-onemli-bir-marka\/","title":{"rendered":"Ka\u011f\u0131tspor, yabanc\u0131 sporcular i\u00e7in de \u00f6nemli bir marka"},"content":{"rendered":"<p>Kocaeli B\u00fcy\u00fck\u015fehir Belediyesi Ka\u011f\u0131tspor, T\u00fcrkiye Erkekler Voleybol 1. Ligi\u2019nde her ge\u00e7en g\u00fcn daha b\u00fcy\u00fck ba\u015far\u0131lara imza at\u0131yor. Efeler Ligi\u2019ni hedefleyen mavi-beyazl\u0131 ekibin iki yabanc\u0131 oyuncusu, Ka\u011f\u0131tspor\u2019un tak\u0131mdan \u00f6te ayn\u0131 hedefe y\u00fcr\u00fcyen kocaman bir aile oldu\u011funu vurgulad\u0131.<\/p>\n<p><b>GEN\u00c7 KADRO, B\u00dcY\u00dcK HEDEFLER<\/b><\/p>\n<p>Gen\u00e7 ve dinamik kadrosu, kurumsal yap\u0131s\u0131 ve hedefleriyle dikkat \u00e7eken mavi-beyazl\u0131 kul\u00fcp, yabanc\u0131 oyuncular\u0131n g\u00f6z\u00fcnden de b\u00fcy\u00fck be\u011feni topluyor.\u00a02019-2020\u00a0sezonundan itibaren Efeler Ligi\u2019ne y\u00fckselme play-off ma\u00e7lar\u0131 oynayan Ka\u011f\u0131tspor, halen devam eden\u00a02025-2026\u00a0sezonunda da play-off hatt\u0131 i\u00e7inde yer alarak, hedefe odakland\u0131\u011f\u0131n\u0131 bir kez daha ortaya koyuyor. Bu yap\u0131n\u0131n i\u00e7inde yer alan iki yabanc\u0131 oyuncu ise kul\u00fcb\u00fcn uluslararas\u0131 alanda da ne kadar do\u011fru bir izlenim b\u0131rakt\u0131\u011f\u0131n\u0131 g\u00f6zler \u00f6n\u00fcne seriyor.<\/p>\n<p><b>\u201cBURADAK\u0130 ORGAN\u0130ZASYON SEV\u0130YES\u0130 \u00c7OK Y\u00dcKSEK\u201d<\/b><\/p>\n<p>Ka\u011f\u0131tspor\u2019un yeni transferi Karada\u011fl\u0131 sma\u00e7\u00f6r Nemenja Perunicic (25), 2.02\u2019lik boyu ve 12 y\u0131ll\u0131k voleybol tecr\u00fcbesiyle tak\u0131m\u0131n \u00f6nemli isimlerinden biri. Kariyerinde be\u015finci kez yurt d\u0131\u015f\u0131nda forma giyen Perunicic, T\u00fcrkiye\u2019de ise ilk kez oynuyor. Ba\u015far\u0131l\u0131 oyuncu, \u201cGenel olarak buradaki ortam\u0131 \u00e7ok be\u011fendim. Daha \u00f6nce oynad\u0131\u011f\u0131m kul\u00fcplerle k\u0131yaslad\u0131\u011f\u0131mda, Ka\u011f\u0131tspor\u2019un organizasyon anlam\u0131nda \u00e7ok daha iyi bir yap\u0131ya sahip oldu\u011funu s\u00f6yleyebilirim. Destek, planlama ve profesyonellik. Her \u015fey \u00e7ok iyi\u201d diyerek kul\u00fcb\u00fcne olan tutkusunu dile getirdi.<\/p>\n<p><b>\u201cBEN\u0130M \u00dcLKEMDE VOLEYBOLA BU KADAR \u00d6NEM VER\u0130LM\u0130YOR\u201d<\/b><\/p>\n<p>Karada\u011f\u2019da voleybolun T\u00fcrkiye kadar pop\u00fcler olmad\u0131\u011f\u0131n\u0131 belirten Perunicic, T\u00fcrkiye\u2019deki spor k\u00fclt\u00fcr\u00fcnden \u00f6zellikle etkilendi\u011fini vurgulayarak, \u201cT\u00fcrkiye b\u00fcy\u00fck bir \u00fclke ve burada spora \u00e7ok ciddi bir ilgi var. Taraftar deste\u011fi \u00e7ok geni\u015f. \u0130nsanlar\u0131n sporu bu kadar sahiplenmesi beni ger\u00e7ekten etkiledi. Benim \u00fclkemde voleybol bu kadar pop\u00fcler de\u011fil\u201d dedi.<\/p>\n<p><b>\u201cT\u00dcRK\u0130YE, OYNADI\u011eIM EN \u0130Y\u0130 L\u0130GLERDEN B\u0130R\u0130\u201d<\/b><\/p>\n<p>Sezonun ilk aylar\u0131nda tak\u0131ma kat\u0131lan Sina Ashki ise Ka\u011f\u0131tspor\u2019da paz\u00f6r \u00e7apraz\u0131 olarak g\u00f6rev yap\u0131yor. \u0130ranl\u0131 gen\u00e7 oyuncu, Kocaeli\u2019ye geleli hen\u00fcz d\u00f6rt ay olmas\u0131na ra\u011fmen hem tak\u0131ma hem \u015fehre k\u0131sa s\u00fcrede adapte olmu\u015f durumda. \u201cKa\u011f\u0131tspor \u00e7ok iyi bir tak\u0131m ve bu T\u00fcrk tak\u0131m\u0131n\u0131n bir par\u00e7as\u0131 olmaktan \u00e7ok mutluyum. Antrenmanlar \u00e7ok g\u00fc\u00e7l\u00fc, tak\u0131m \u00e7ok motive. Tak\u0131mdaki arkada\u015fl\u0131k bir harika. Ger\u00e7ekten \u00e7ok iyi bir antren\u00f6r\u00fcm\u00fcz var\u201d diyen Sina Ashki, T\u00fcrkiye voleybolunun d\u00fcnya \u00e7ap\u0131ndaki konumuna da dikkat \u00e7ekti. Lig kalitesinin kendisini fazlas\u0131yla etkiledi\u011fini s\u00f6yleyen 22 ya\u015f\u0131ndaki oyuncu, \u201cBuradaki lig, \u015fimdiye kadar oynad\u0131\u011f\u0131m en iyi liglerden biri. Antren\u00f6r kalitesi \u00e7ok y\u00fcksek. Umar\u0131m birka\u00e7 y\u0131l daha bu ligde oynamaya devam ederim\u201d dedi.<\/p>\n<p><b>\u201cBEN\u0130 T\u00dcRK ANTREN\u00d6RLER KE\u015eFETT\u0130\u201d<\/b><\/p>\n<p>T\u00fcrkiye\u2019ye geli\u015f s\u00fcrecine de de\u011finen Ashki, transferinin T\u00fcrk antren\u00f6rler sayesinde ger\u00e7ekle\u015fti\u011fini belirterek, \u201cTeknik direkt\u00f6rler arac\u0131l\u0131\u011f\u0131yla buraya geldim. Yani beni T\u00fcrk teknik adamlar ke\u015ffetti. Voleybol kariyerim i\u00e7in \u00e7ok b\u00fcy\u00fck hedeflerim var. Bunlardan biri de T\u00fcrkiye\u2019de oynamakt\u0131. Ka\u011f\u0131tspor bana her anlamda destek \u00e7\u0131kt\u0131\u201d diye konu\u015ftu.<\/p>\n<p><b>KA\u011eITSPOR SADECE B\u0130R TAKIM DE\u011e\u0130L, B\u0130R A\u0130LE<\/b><\/p>\n<p>Y\u0131llard\u0131r birlikte oynayan \u00e7ekirdek kadrosuyla ve yabanc\u0131 sporcular\u0131n dahi k\u0131sa s\u00fcrede aidiyet hissetti\u011fi yap\u0131s\u0131yla Ka\u011f\u0131tspor, Kocaeli B\u00fcy\u00fck\u015fehir Belediyesi\u2019nin spora bak\u0131\u015f a\u00e7\u0131s\u0131n\u0131 sahaya yans\u0131tmaya devam ediyor. Kul\u00fcb\u00fcn g\u00f6zdelerinden olan Ashki ve Perunicic\u2019in ifadeleri ise kul\u00fcb\u00fcn yaln\u0131zca sportif ba\u015far\u0131lar\u0131yla de\u011fil, insan odakl\u0131 ve profesyonel yap\u0131s\u0131yla da \u00f6rnek bir kul\u00fcp oldu\u011funu bir kez daha kan\u0131tl\u0131yor.<\/p>\n<p>\u00a0<\/p>\n<p>Kaynak: (BYZHA) Beyaz Haber Ajans\u0131<\/p>\n","protected":false},"excerpt":{"rendered":"<p>Kocaeli B\u00fcy\u00fck\u015fehir Belediyesi Ka\u011f\u0131tspor, T\u00fcrkiye Erkekler Voleybol 1. Ligi\u2019nde her ge\u00e7en g\u00fcn daha b\u00fcy\u00fck ba\u015far\u0131lara imza at\u0131yor.<\/p>\n","protected":false},"author":1,"featured_media":14866,"comment_status":"open","ping_status":"open","sticky":false,"template":"","format":"standard","meta":{"footnotes":""},"categories":[14],"tags":[1287,597,366,197,1006],"class_list":["post-14865","post","type-post","status-publish","format-standard","has-post-thumbnail","hentry","category-spor","tag-kagitspor","tag-lig","tag-takim","tag-turkiye","tag-voleybol"],"_links":{"self":[{"href":"https:\/\/bihavadis.com\/index.php\/wp-json\/wp\/v2\/posts\/14865","targetHints":{"allow":["GET"]}}],"collection":[{"href":"https:\/\/bihavadis.com\/index.php\/wp-json\/wp\/v2\/posts"}],"about":[{"href":"https:\/\/bihavadis.com\/index.php\/wp-json\/wp\/v2\/types\/post"}],"author":[{"embeddable":true,"href":"https:\/\/bihavadis.com\/index.php\/wp-json\/wp\/v2\/users\/1"}],"replies":[{"embeddable":true,"href":"https:\/\/bihavadis.com\/index.php\/wp-json\/wp\/v2\/comments?post=14865"}],"version-history":[{"count":1,"href":"https:\/\/bihavadis.com\/index.php\/wp-json\/wp\/v2\/posts\/14865\/revisions"}],"predecessor-version":[{"id":14867,"href":"https:\/\/bihavadis.com\/index.php\/wp-json\/wp\/v2\/posts\/14865\/revisions\/14867"}],"wp:featuredmedia":[{"embeddable":true,"href":"https:\/\/bihavadis.com\/index.php\/wp-json\/wp\/v2\/media\/14866"}],"wp:attachment":[{"href":"https:\/\/bihavadis.com\/index.php\/wp-json\/wp\/v2\/media?parent=14865"}],"wp:term":[{"taxonomy":"category","embeddable":true,"href":"https:\/\/bihavadis.com\/index.php\/wp-json\/wp\/v2\/categories?post=14865"},{"taxonomy":"post_tag","embeddable":true,"href":"https:\/\/bihavadis.com\/index.php\/wp-json\/wp\/v2\/tags?post=14865"}],"curies":[{"name":"wp","href":"https:\/\/api.w.org\/{rel}","templated":true}]}}