{"id":14880,"date":"2026-02-04T10:03:07","date_gmt":"2026-02-04T10:03:07","guid":{"rendered":"https:\/\/bihavadis.com\/?p=14880"},"modified":"2026-02-04T10:03:07","modified_gmt":"2026-02-04T10:03:07","slug":"istanbulda-avmde-cikan-kavgada-bicaklanan-guvenlik-gorevlisi-oldu","status":"publish","type":"post","link":"https:\/\/bihavadis.com\/index.php\/2026\/02\/04\/istanbulda-avmde-cikan-kavgada-bicaklanan-guvenlik-gorevlisi-oldu\/","title":{"rendered":"\u0130stanbul&#8217;da AVM&#8217;de \u00e7\u0131kan kavgada b\u0131\u00e7aklanan g\u00fcvenlik g\u00f6revlisi oldu"},"content":{"rendered":"<p>\u0130stanbul Ba\u015fak\u015fehir&#8217;de bulunan bir al\u0131\u015fveri\u015f merkezinde kavga \u00e7\u0131kt\u0131.<\/p>\n<p>\u0130ki g\u00fcvenlik g\u00f6revlisi ile 7-8 ki\u015filik bir grup aras\u0131nda bilinmeyen bir nedenle tart\u0131\u015fma \u00e7\u0131kt\u0131.<\/p>\n<p><strong>G\u00dcVENL\u0130K G\u00d6REVL\u0130S\u0130 BI\u00c7AKLANDI<\/strong><\/p>\n<p>Tart\u0131\u015fma k\u0131sa s\u00fcrede b\u00fcy\u00fcrken, taraflar sandalyeler ile sald\u0131rmaya ba\u015flad\u0131.<\/p>\n<p>Taraflardan biri g\u00fcvenlik g\u00f6revlisini baca\u011f\u0131ndan b\u0131\u00e7aklad\u0131.<\/p>\n<p><strong>YARALI G\u00d6REVL\u0130 TEDAV\u0130 ALTINA ALINDI<\/strong><\/p>\n<p>Hastaneye kald\u0131r\u0131lan yaral\u0131n\u0131n hayati tehlikesinin bulunmad\u0131\u011f\u0131 \u00f6\u011frenildi.<\/p>\n<p>Olay sonras\u0131 ya\u015fananlar cep telefonu kameras\u0131na yans\u0131d\u0131.<\/p>\n<p><img decoding=\"async\" src=\"https:\/\/bihavadis.com\/wp-content\/uploads\/2026\/02\/istanbulda-avmde-cikan-kavgada-bicaklanan-guvenlik-gorevlisi-oldu-0-N2SkPrxF.jpg\"\/><\/p>\n","protected":false},"excerpt":{"rendered":"<p>Ba\u015fak\u015fehir&#8217;de bulunan bir al\u0131\u015fveri\u015f merkezinde iki g\u00fcvenlik g\u00f6revlisi ile bir grup aras\u0131nda bilinmeyen bir nedenle kavga \u00e7\u0131kt\u0131. Olayda bir g\u00fcvenlik g\u00f6revlisi b\u0131\u00e7aklanarak yaraland\u0131. Sandalyelerin havada u\u00e7u\u015ftu\u011fu kavga an\u0131 kameraya yans\u0131d\u0131.<\/p>\n","protected":false},"author":1,"featured_media":14881,"comment_status":"open","ping_status":"open","sticky":false,"template":"","format":"standard","meta":{"footnotes":""},"categories":[4,13],"tags":[],"class_list":["post-14880","post","type-post","status-publish","format-standard","has-post-thumbnail","hentry","category-gundem","category-son-dakika"],"_links":{"self":[{"href":"https:\/\/bihavadis.com\/index.php\/wp-json\/wp\/v2\/posts\/14880","targetHints":{"allow":["GET"]}}],"collection":[{"href":"https:\/\/bihavadis.com\/index.php\/wp-json\/wp\/v2\/posts"}],"about":[{"href":"https:\/\/bihavadis.com\/index.php\/wp-json\/wp\/v2\/types\/post"}],"author":[{"embeddable":true,"href":"https:\/\/bihavadis.com\/index.php\/wp-json\/wp\/v2\/users\/1"}],"replies":[{"embeddable":true,"href":"https:\/\/bihavadis.com\/index.php\/wp-json\/wp\/v2\/comments?post=14880"}],"version-history":[{"count":1,"href":"https:\/\/bihavadis.com\/index.php\/wp-json\/wp\/v2\/posts\/14880\/revisions"}],"predecessor-version":[{"id":14883,"href":"https:\/\/bihavadis.com\/index.php\/wp-json\/wp\/v2\/posts\/14880\/revisions\/14883"}],"wp:featuredmedia":[{"embeddable":true,"href":"https:\/\/bihavadis.com\/index.php\/wp-json\/wp\/v2\/media\/14881"}],"wp:attachment":[{"href":"https:\/\/bihavadis.com\/index.php\/wp-json\/wp\/v2\/media?parent=14880"}],"wp:term":[{"taxonomy":"category","embeddable":true,"href":"https:\/\/bihavadis.com\/index.php\/wp-json\/wp\/v2\/categories?post=14880"},{"taxonomy":"post_tag","embeddable":true,"href":"https:\/\/bihavadis.com\/index.php\/wp-json\/wp\/v2\/tags?post=14880"}],"curies":[{"name":"wp","href":"https:\/\/api.w.org\/{rel}","templated":true}]}}