{"id":14887,"date":"2026-02-04T10:09:04","date_gmt":"2026-02-04T10:09:04","guid":{"rendered":"https:\/\/bihavadis.com\/?p=14887"},"modified":"2026-02-04T10:09:04","modified_gmt":"2026-02-04T10:09:04","slug":"lokomotifte-ilk-ders-zili-bayrak-sevgisi-ile-caldi","status":"publish","type":"post","link":"https:\/\/bihavadis.com\/index.php\/2026\/02\/04\/lokomotifte-ilk-ders-zili-bayrak-sevgisi-ile-caldi\/","title":{"rendered":"Lokomotif&#8217;te ilk ders zili &#8220;Bayrak Sevgisi&#8221; ile \u00e7ald\u0131"},"content":{"rendered":"<p>Kocaeli B\u00fcy\u00fck\u015fehir Belediyesi\u2019ne ba\u011fl\u0131 Lokomotif \u00c7ocuk K\u00f6y\u00fc\u2019nde e\u011fitim yolculu\u011fu anlaml\u0131 bir dersle ba\u015flad\u0131. Minikler, haftan\u0131n ilk dersinde T\u00fcrk bayra\u011f\u0131n\u0131n anlam\u0131n\u0131 ve \u00f6nemini \u00f6\u011frendi. Her vagon kendi bran\u015f\u0131nda bayrak tasar\u0131m\u0131 ger\u00e7ekle\u015ftirdi.<\/p>\n<p><b>BAYRA\u011eIN ANLAMI VE \u00d6NEM\u0130<\/b><\/p>\n<p>Kocaeli B\u00fcy\u00fck\u015fehir Belediyesi\u2019ne ba\u011fl\u0131 hizmet veren Lokomotif \u00c7ocuk K\u00f6y\u00fc\u2019nde haftan\u0131n ilk dersinde \u00e7ocuklar T\u00fcrk bayra\u011f\u0131n\u0131n anlam\u0131n\u0131 ve \u00f6nemini \u00f6\u011frendi. E\u011fitim program\u0131 kapsam\u0131nda ger\u00e7ekle\u015ftirilen etkinlikte \u00e7ocuklar, hem e\u011flendi hem de milli de\u011ferlerle bulu\u015ftu. \u201cVagonlar\u201d olarak adland\u0131r\u0131lan s\u0131n\u0131flarda bir araya gelen minikler, \u00f6\u011fretmenleri e\u015fli\u011finde kendi bayrak tasar\u0131mlar\u0131n\u0131 haz\u0131rlad\u0131. Renkli kartonlar, boyalar ve \u00e7e\u015fitli materyaller kullanarak T\u00fcrk bayra\u011f\u0131n\u0131 yeniden yorumlayan \u00e7ocuklar, ortaya birbirinden yarat\u0131c\u0131 \u00e7al\u0131\u015fmalar \u00e7\u0131kard\u0131.<\/p>\n<p><b>T\u00dcRK BAYRA\u011eI TASARIMLARI<\/b><\/p>\n<p>Etkinlik boyunca T\u00fcrk bayra\u011f\u0131n\u0131n tarihsel ve k\u00fclt\u00fcrel \u00f6nemi \u00e7ocuklara sade ve anla\u015f\u0131l\u0131r bir dille anlat\u0131ld\u0131. Bayra\u011f\u0131n ba\u011f\u0131ms\u0131zl\u0131k, birlik ve beraberli\u011fin simgesi oldu\u011fu vurgulan\u0131rken, \u00e7ocuklar\u0131n milli de\u011ferleri erken ya\u015fta tan\u0131mas\u0131 sa\u011fland\u0131. \u00c7ocuklar\u0131n hem sosyal hem de k\u00fclt\u00fcrel geli\u015fimlerine katk\u0131 sa\u011flayacak \u00e7al\u0131\u015fmalar kapsam\u0131nda Tasar\u0131mc\u0131lar, \u201cT\u00fcrk Bayrakl\u0131 Bileklik\u201d, \u015eefler, \u201cAy Y\u0131ld\u0131zl\u0131 Pasta\u201d, \u00c7evreciler, geri d\u00f6n\u00fc\u015f\u00fcm malzemelerinden \u201cT\u00fcrk Bayra\u011f\u0131\u201d, Okurlar, \u201cAy Y\u0131ld\u0131zl\u0131 Kitap Ayrac\u0131\u201d, Ressamlar ise ebru ile \u201cT\u00fcrk Bayra\u011f\u0131\u201d tasar\u0131m\u0131 yapt\u0131. Ders sonunda ise \u00e7ocuklar T\u00fcrk Bayraklar\u0131 e\u015fli\u011finde spor yapt\u0131.<\/p>\n<p><b>M\u0130N\u0130KLERE BAYRAK SEVG\u0130S\u0130 A\u015eILANDI<\/b><\/p>\n<p>Bayrak tasar\u0131m\u0131 etkinli\u011fi, \u00e7ocuklar\u0131n haz\u0131rlad\u0131klar\u0131 \u00e7al\u0131\u015fmalar\u0131n sergilenmesiyle sona erdi. Minikler, yapt\u0131klar\u0131 bayraklar\u0131 gururla g\u00f6sterirken, etkinlik hem \u00e7ocuklar hem de \u00f6\u011fretmenler i\u00e7in unutulmaz anlara sahne oldu. Lokomotif \u00c7ocuk K\u00f6y\u00fc\u2019nde ba\u015flayan bu anlaml\u0131 e\u011fitim yolculu\u011fu, \u00e7ocuklara milli de\u011ferleri sevgi ve oyunla aktarmaya devam edecek.<\/p>\n<p>\u00a0<\/p>\n<p>Kaynak: (BYZHA) Beyaz Haber Ajans\u0131<\/p>\n","protected":false},"excerpt":{"rendered":"<p>Kocaeli B\u00fcy\u00fck\u015fehir Belediyesi\u2019ne ba\u011fl\u0131 Lokomotif \u00c7ocuk K\u00f6y\u00fc\u2019nde e\u011fitim yolculu\u011fu anlaml\u0131 bir dersle ba\u015flad\u0131.<\/p>\n","protected":false},"author":1,"featured_media":14888,"comment_status":"open","ping_status":"open","sticky":false,"template":"","format":"standard","meta":{"footnotes":""},"categories":[7],"tags":[1902,1906,242,517],"class_list":["post-14887","post","type-post","status-publish","format-standard","has-post-thumbnail","hentry","category-egitim","tag-bayragi","tag-bayrak","tag-cocuk","tag-turk"],"_links":{"self":[{"href":"https:\/\/bihavadis.com\/index.php\/wp-json\/wp\/v2\/posts\/14887","targetHints":{"allow":["GET"]}}],"collection":[{"href":"https:\/\/bihavadis.com\/index.php\/wp-json\/wp\/v2\/posts"}],"about":[{"href":"https:\/\/bihavadis.com\/index.php\/wp-json\/wp\/v2\/types\/post"}],"author":[{"embeddable":true,"href":"https:\/\/bihavadis.com\/index.php\/wp-json\/wp\/v2\/users\/1"}],"replies":[{"embeddable":true,"href":"https:\/\/bihavadis.com\/index.php\/wp-json\/wp\/v2\/comments?post=14887"}],"version-history":[{"count":1,"href":"https:\/\/bihavadis.com\/index.php\/wp-json\/wp\/v2\/posts\/14887\/revisions"}],"predecessor-version":[{"id":14889,"href":"https:\/\/bihavadis.com\/index.php\/wp-json\/wp\/v2\/posts\/14887\/revisions\/14889"}],"wp:featuredmedia":[{"embeddable":true,"href":"https:\/\/bihavadis.com\/index.php\/wp-json\/wp\/v2\/media\/14888"}],"wp:attachment":[{"href":"https:\/\/bihavadis.com\/index.php\/wp-json\/wp\/v2\/media?parent=14887"}],"wp:term":[{"taxonomy":"category","embeddable":true,"href":"https:\/\/bihavadis.com\/index.php\/wp-json\/wp\/v2\/categories?post=14887"},{"taxonomy":"post_tag","embeddable":true,"href":"https:\/\/bihavadis.com\/index.php\/wp-json\/wp\/v2\/tags?post=14887"}],"curies":[{"name":"wp","href":"https:\/\/api.w.org\/{rel}","templated":true}]}}