{"id":15112,"date":"2026-02-04T13:09:05","date_gmt":"2026-02-04T13:09:05","guid":{"rendered":"https:\/\/bihavadis.com\/?p=15112"},"modified":"2026-02-04T13:09:05","modified_gmt":"2026-02-04T13:09:05","slug":"turk-somonu-ihracati-500-milyon-dolari-bulacak","status":"publish","type":"post","link":"https:\/\/bihavadis.com\/index.php\/2026\/02\/04\/turk-somonu-ihracati-500-milyon-dolari-bulacak\/","title":{"rendered":"T\u00fcrk Somonu \u0130hracat\u0131 500 Milyon Dolar\u0131 Bulacak"},"content":{"rendered":"<p>Tar\u0131m ve Orman Bakan\u0131 \u0130brahim Yumakl\u0131, T\u00fcrkiye&#8217;nin 2025&#8217;te su \u00fcr\u00fcnleri ihracat\u0131n\u0131n 2,3 milyar dolara ula\u015ft\u0131\u011f\u0131n\u0131, bunun da yakla\u015f\u0131k 500 milyon dolar\u0131n\u0131n T\u00fcrk somonundan geldi\u011fini s\u00f6yledi.<\/p>\n<p>Bor\u00e7ka Baraj G\u00f6l\u00fc&#8217;ndeki Artvin Bal\u0131k\u00e7\u0131l\u0131k Somon \u00dcretim Tesisi&#8217;ni ziyaret eden Bakan Yumakl\u0131, Tar\u0131m ve Orman \u0130l M\u00fcd\u00fcr\u00fc Ne\u015fet Uluta\u015f ve Artvin Su \u00dcr\u00fcnleri Yeti\u015ftiricili\u011fi Birli\u011fi Ba\u015fkan\u0131 \u00d6nder Alkan&#8217;dan bilgi ald\u0131.<\/p>\n<p>Yumakl\u0131, burada yapt\u0131\u011f\u0131 a\u00e7\u0131klamada, T\u00fcrkiye&#8217;de bal\u0131k\u00e7\u0131l\u0131k sekt\u00f6r\u00fcn\u00fcn son y\u0131llardaki geli\u015fiminin kendilerini ziyadesiyle memnun etti\u011fini belirterek, &#8220;Son d\u00f6nemde \u00f6zellikle 1 milyon ton \u00fcretim baraj\u0131na ula\u015fm\u0131\u015f olmas\u0131 ve bu rekoru k\u0131rm\u0131\u015f olmas\u0131, bal\u0131k\u00e7\u0131l\u0131k sekt\u00f6r\u00fcn\u00fcn potansiyelini \u00fcretime \u00e7evirdi\u011fiyle alakal\u0131 \u00e7ok g\u00fczel sonu\u00e7lar getirdi bize.&#8221; ifadesini kulland\u0131.<\/p>\n<p>T\u00fcrkiye&#8217;de bal\u0131k yeti\u015ftiricili\u011finin son 23 y\u0131lda 10 kat artt\u0131\u011f\u0131na i\u015faret eden Yumakl\u0131, s\u00f6zlerini \u015f\u00f6yle s\u00fcrd\u00fcrd\u00fc: <\/p>\n<p>&#8220;Yakla\u015f\u0131k 650 bin tonlara gelmi\u015f durumday\u0131z. T\u00fcrk somonu, alabal\u0131k, levrek, \u00e7ipura gibi \u00fcr\u00fcnlerin art\u0131k bir marka olarak da d\u00fcnya pazarlar\u0131na ula\u015fm\u0131\u015f olmas\u0131 bu manada sekt\u00f6r\u00fcn daha da geli\u015fece\u011fine dair bizler i\u00e7in umut verici bir durum. Su \u00fcr\u00fcnleri \u00fcretiminde \u00f6zellikle hem yeti\u015ftiricilikte hem avc\u0131l\u0131kta \u00fcretim planlamas\u0131na 2024 y\u0131l\u0131ndan itibaren ge\u00e7mi\u015ftik hat\u0131rlarsan\u0131z. Y\u00fczde 95&#8217;in \u00fczerinde bir oranda \u00fcretim planlamas\u0131 uygulamas\u0131 var. Bunu hem yeti\u015ftiricilikteki geli\u015fmelerin \u00fcretim planlamas\u0131na \u00e7ok ciddi bir \u015fekilde katk\u0131 vermesi hem de avc\u0131l\u0131ktaki sonu\u00e7lardan \u00f6zellikle koruma kullanma dengesini g\u00f6zetti\u011fimizde g\u00f6rm\u00fc\u015f oluyoruz.&#8221;<\/p>\n<p>T\u00fcrk somonu \u00fcretiminde 8 y\u0131lda 15 kat art\u0131\u015f<\/p>\n<p>Bakan Yumakl\u0131, bitkisel, hayvansal ve su \u00fcr\u00fcnlerindeki \u00fcretim planlamas\u0131n\u0131n ba\u015far\u0131l\u0131 oldu\u011funu vurgulad\u0131.<\/p>\n<p>\u0130\u015fleme tesisleri ve ihracata haz\u0131rl\u0131k a\u00e7\u0131s\u0131ndan yapmalar\u0131 gereken yat\u0131r\u0131mlar\u0131n oldu\u011funu belirten Yumakl\u0131, \u015funlar\u0131 kaydetti: <\/p>\n<p>&#8220;2025 y\u0131l\u0131nda su \u00fcr\u00fcnlerinden \u00fclkemiz 2,3 milyar dolarl\u0131k bir ihracat rakam\u0131na ula\u015ft\u0131. Bunun da yakla\u015f\u0131k 500 milyon dolar\u0131 yine bizim T\u00fcrk somonu dedi\u011fimiz ve art\u0131k d\u00fcnya pazarlar\u0131na ula\u015fm\u0131\u015f olan bir \u00fcr\u00fcn\u00fcm\u00fczden gelmi\u015f oldu. Son 8 y\u0131lda \u00f6zellikle T\u00fcrk somonu \u00fcretiminin 15 kat artt\u0131\u011f\u0131n\u0131 s\u00f6ylemek istiyorum. Bu manada \u00f6zellikle hem i\u00e7 sulardaki yeti\u015ftiricilikte hem de buna uygun denizlerimizdeki yeti\u015ftiricilikte \u00e7ok ba\u015far\u0131l\u0131 bir sonuca ula\u015fm\u0131\u015f durumday\u0131z.&#8221;<\/p>\n<p>Artvin&#8217;in T\u00fcrk somonu \u00fcretiminde \u00f6nemli \u015fehirler aras\u0131nda yer ald\u0131\u011f\u0131na dikkati \u00e7eken Yumakl\u0131, &#8220;Burada 11 tesis var. Bunun kar\u015f\u0131l\u0131\u011f\u0131 765 milyon lira. Yani bu rakamlar\u0131 sadece birer rakam olarak g\u00f6rmemek laz\u0131m. Bulundu\u011fu \u015fehre \u00e7ok \u00f6nemli bir ekonomik katk\u0131 da sa\u011flam\u0131\u015f oluyor ayn\u0131 zamanda. Artvin&#8217;in bu potansiyelini daha da geli\u015ftirmeye devam edece\u011fiz.&#8221; dedi.<\/p>\n<p>Yumakl\u0131, T\u00fcrkiye&#8217;nin bu sekt\u00f6rde b\u00fcy\u00fck potansiyele sahip oldu\u011funu ifade ederek, &#8220;Bunu harekete ge\u00e7irdik, daha da geli\u015ftirmeye devam edece\u011fiz. Bu bal\u0131klar hem yeti\u015ftiricilikte hem avc\u0131l\u0131kta b\u00fcy\u00fck karlar sa\u011flayacak. Ben eme\u011fi ge\u00e7en b\u00fct\u00fcn karde\u015flerime, b\u00fct\u00fcn \u00fcreticilerimize, sekt\u00f6r\u00fcn ba\u015f\u0131ndan sonuna kadar hepsine \u00e7ok te\u015fekk\u00fcr ediyorum ve sayg\u0131lar.&#8221; diye konu\u015ftu.<\/p>\n<p>Daha sonra Artvin Valili\u011fine ziyarette bulunan Yumakl\u0131, Vali Turan Erg\u00fcn ile bir araya geldi.<\/p>\n","protected":false},"excerpt":{"rendered":"<p>Bakan Yumakl\u0131, T\u00fcrkiye&#8217;nin su \u00fcr\u00fcnleri ihracat\u0131n\u0131n 2025&#8217;te 2,3 milyar dolara ula\u015faca\u011f\u0131n\u0131 a\u00e7\u0131klad\u0131.<\/p>\n","protected":false},"author":1,"featured_media":15113,"comment_status":"open","ping_status":"open","sticky":false,"template":"","format":"standard","meta":{"footnotes":""},"categories":[8],"tags":[1442,2057,2887,375,2058],"class_list":["post-15112","post","type-post","status-publish","format-standard","has-post-thumbnail","hentry","category-ekonomi","tag-balik","tag-kat","tag-turk-somonu","tag-uretim","tag-yumakli"],"_links":{"self":[{"href":"https:\/\/bihavadis.com\/index.php\/wp-json\/wp\/v2\/posts\/15112","targetHints":{"allow":["GET"]}}],"collection":[{"href":"https:\/\/bihavadis.com\/index.php\/wp-json\/wp\/v2\/posts"}],"about":[{"href":"https:\/\/bihavadis.com\/index.php\/wp-json\/wp\/v2\/types\/post"}],"author":[{"embeddable":true,"href":"https:\/\/bihavadis.com\/index.php\/wp-json\/wp\/v2\/users\/1"}],"replies":[{"embeddable":true,"href":"https:\/\/bihavadis.com\/index.php\/wp-json\/wp\/v2\/comments?post=15112"}],"version-history":[{"count":1,"href":"https:\/\/bihavadis.com\/index.php\/wp-json\/wp\/v2\/posts\/15112\/revisions"}],"predecessor-version":[{"id":15114,"href":"https:\/\/bihavadis.com\/index.php\/wp-json\/wp\/v2\/posts\/15112\/revisions\/15114"}],"wp:featuredmedia":[{"embeddable":true,"href":"https:\/\/bihavadis.com\/index.php\/wp-json\/wp\/v2\/media\/15113"}],"wp:attachment":[{"href":"https:\/\/bihavadis.com\/index.php\/wp-json\/wp\/v2\/media?parent=15112"}],"wp:term":[{"taxonomy":"category","embeddable":true,"href":"https:\/\/bihavadis.com\/index.php\/wp-json\/wp\/v2\/categories?post=15112"},{"taxonomy":"post_tag","embeddable":true,"href":"https:\/\/bihavadis.com\/index.php\/wp-json\/wp\/v2\/tags?post=15112"}],"curies":[{"name":"wp","href":"https:\/\/api.w.org\/{rel}","templated":true}]}}