{"id":15143,"date":"2026-02-04T13:27:04","date_gmt":"2026-02-04T13:27:04","guid":{"rendered":"https:\/\/bihavadis.com\/?p=15143"},"modified":"2026-02-04T13:27:04","modified_gmt":"2026-02-04T13:27:04","slug":"yuksekovada-kayakli-kosu-yarismasi-basladi-2","status":"publish","type":"post","link":"https:\/\/bihavadis.com\/index.php\/2026\/02\/04\/yuksekovada-kayakli-kosu-yarismasi-basladi-2\/","title":{"rendered":"Y\u00fcksekova&#8217;da Kayakl\u0131 Ko\u015fu Yar\u0131\u015fmas\u0131 Ba\u015flad\u0131"},"content":{"rendered":"<p> T\u00fcrkiye Kayak Federasyonu taraf\u0131ndan Hakkari&#8217;nin Y\u00fcksekova il\u00e7esinde &#8220;Bar\u0131\u015f ve Karde\u015flik&#8221; slogan\u0131yla d\u00fczenlenen Kayakl\u0131 Ko\u015fu 1. Etap Yar\u0131\u015fmas\u0131 ba\u015flad\u0131.<\/p>\n<p>\u0130l\u00e7eye ba\u011fl\u0131 Kam\u0131\u015fl\u0131 k\u00f6y\u00fcndeki Sporcu Kamp E\u011fitim Merkezi&#8217;nde 6 kategoride d\u00fczenlenen organizasyona, 19 ilden yakla\u015f\u0131k 260 sporcu kat\u0131ld\u0131.<\/p>\n<p>Kaymakam Mustafa Ak\u0131n&#8217;\u0131n start vermesiyle ba\u015flayan yar\u0131\u015fmada sporcular, haz\u0131rlanan parkurlarda dereceye girmek i\u00e7in m\u00fccadele etti.<\/p>\n<p>Gen\u00e7lik ve Spor \u0130l M\u00fcd\u00fcr\u00fc Emin Y\u0131ld\u0131r\u0131m, AA muhabirine, organizasyonun 19 ilden sporcu, hakem ve antren\u00f6rlerin kat\u0131l\u0131m\u0131yla ger\u00e7ekle\u015ftirildi\u011fini s\u00f6yledi.<\/p>\n<p>Yar\u0131\u015fman\u0131n yap\u0131ld\u0131\u011f\u0131 alanda hava ve ortam\u0131n g\u00fczel oldu\u011funu belirten Y\u0131ld\u0131r\u0131m, &#8220;Y\u00fcksekova halk\u0131n\u0131n kayak\u00e7\u0131lara, d\u0131\u015far\u0131dan gelen misafirlere ilgisi \u00e7ok iyi. Bu da bizi son derece mutlu eden bir tablo. Yar\u0131\u015f i\u00e7in haz\u0131rlanan pistler \u00e7ok ideal. \u0130ki y\u0131l \u00f6nce yine burada T\u00fcrkiye \u015eampiyonas\u0131 yapt\u0131k. Bu sene de Kayakl\u0131 Ko\u015fu 1. Etap Yar\u0131\u015fmas\u0131&#8217;n\u0131 ger\u00e7ekle\u015ftiriyoruz. Sporcular\u0131m\u0131z genel olarak memnun. Yar\u0131n da serbest stil m\u00fcsabakalar\u0131n\u0131 yap\u0131p yar\u0131\u015fmay\u0131 sonland\u0131raca\u011f\u0131z.&#8221; dedi.<\/p>\n<p>Yar\u0131\u015fman\u0131n il\u00e7ede d\u00fczenlenmesinde eme\u011fi ge\u00e7en Gen\u00e7lik ve Spor Bakanl\u0131\u011f\u0131na, T\u00fcrkiye Kayak Federasyonuna, Valili\u011fe ve kaymakaml\u0131\u011fa te\u015fekk\u00fcr eden Y\u0131ld\u0131r\u0131m, \u015funlar\u0131 kaydetti: <\/p>\n<p>&#8220;Burada sadece bir yar\u0131\u015f yapm\u0131yoruz. Hakkarimizin, Y\u00fcksekovam\u0131z\u0131n do\u011fas\u0131n\u0131, co\u011frafyas\u0131n\u0131, k\u00fclt\u00fcr\u00fcn\u00fc il d\u0131\u015f\u0131ndan gelen sporculara, y\u00f6neticilere tan\u0131tma f\u0131rsat\u0131n\u0131 buluyoruz. Son 3 y\u0131lda burada d\u00fczenlenen organizasyonlar kentimizin, il\u00e7emizin tan\u0131nmas\u0131na b\u00fcy\u00fck katk\u0131 sa\u011flad\u0131. Bundan sonra da buna benzer ve bundan daha b\u00fcy\u00fck organizasyonlar ger\u00e7ekle\u015ftirece\u011fiz. Bulundu\u011fumuz rak\u0131m yakla\u015f\u0131k 2 bin. Kayakl\u0131 ko\u015fu i\u00e7in muazzam bir yer. Pistlerde, konaklama ile ilgili eksiklerimiz vard\u0131. Ge\u00e7en sene Bakanl\u0131\u011f\u0131m\u0131z\u0131n, Valili\u011fimiz destekleriyle buraya 60 ki\u015filik Kamp E\u011fitim Merkezi yapt\u0131k. Sporcular\u0131m\u0131z\u0131 yava\u015f yava\u015f buraya almaya ba\u015flayaca\u011f\u0131z. Son iki y\u0131lda Y\u00fcksekoval\u0131 sporcular\u0131m\u0131z T\u00fcrkiye \u015fampiyonu oldu. Bu sene de in\u015fallah ayn\u0131 ba\u015far\u0131y\u0131 g\u00f6sterece\u011fiz.&#8221;<\/p>\n<p>Mu\u015f&#8217;tan gelen milli sporcu Rabia Akyol ise il\u00e7ede yar\u0131\u015flar i\u00e7in g\u00fczel bir havan\u0131n hakim oldu\u011funu dile getirerek, &#8220;Burada yar\u0131\u015fmak \u00e7ok g\u00fczel. Pist g\u00fczel, kald\u0131\u011f\u0131m\u0131z otel ve hava \u015fartlar\u0131 \u00e7ok iyi. 5 kilometrede yar\u0131\u015ft\u0131m. Yar\u0131\u015fmada kendi kategorimde 2. oldum. Yar\u0131\u015f g\u00fczel ge\u00e7ti. Buradaki pist de \u00e7ok iyi. Her \u015fey g\u00fczel.&#8221; diye konu\u015ftu.<\/p>\n<p>Yar\u0131n sona erecek yar\u0131\u015fmada Jandarma Arama Kurtarma, UMKE ve 112 Acil Sa\u011fl\u0131k ekipleri de haz\u0131r bulundu.<\/p>\n","protected":false},"excerpt":{"rendered":"<p>Hakkari Y\u00fcksekova&#8217;da d\u00fczenlenen Kayakl\u0131 Ko\u015fu 1. Etap Yar\u0131\u015fmas\u0131, 19 ilden 260 sporcuyla ba\u015flad\u0131.<\/p>\n","protected":false},"author":1,"featured_media":15144,"comment_status":"open","ping_status":"open","sticky":false,"template":"","format":"standard","meta":{"footnotes":""},"categories":[14],"tags":[1179,1487,1288,444],"class_list":["post-15143","post","type-post","status-publish","format-standard","has-post-thumbnail","hentry","category-spor","tag-guzel","tag-kayak","tag-sporcu","tag-yaris"],"_links":{"self":[{"href":"https:\/\/bihavadis.com\/index.php\/wp-json\/wp\/v2\/posts\/15143","targetHints":{"allow":["GET"]}}],"collection":[{"href":"https:\/\/bihavadis.com\/index.php\/wp-json\/wp\/v2\/posts"}],"about":[{"href":"https:\/\/bihavadis.com\/index.php\/wp-json\/wp\/v2\/types\/post"}],"author":[{"embeddable":true,"href":"https:\/\/bihavadis.com\/index.php\/wp-json\/wp\/v2\/users\/1"}],"replies":[{"embeddable":true,"href":"https:\/\/bihavadis.com\/index.php\/wp-json\/wp\/v2\/comments?post=15143"}],"version-history":[{"count":1,"href":"https:\/\/bihavadis.com\/index.php\/wp-json\/wp\/v2\/posts\/15143\/revisions"}],"predecessor-version":[{"id":15145,"href":"https:\/\/bihavadis.com\/index.php\/wp-json\/wp\/v2\/posts\/15143\/revisions\/15145"}],"wp:featuredmedia":[{"embeddable":true,"href":"https:\/\/bihavadis.com\/index.php\/wp-json\/wp\/v2\/media\/15144"}],"wp:attachment":[{"href":"https:\/\/bihavadis.com\/index.php\/wp-json\/wp\/v2\/media?parent=15143"}],"wp:term":[{"taxonomy":"category","embeddable":true,"href":"https:\/\/bihavadis.com\/index.php\/wp-json\/wp\/v2\/categories?post=15143"},{"taxonomy":"post_tag","embeddable":true,"href":"https:\/\/bihavadis.com\/index.php\/wp-json\/wp\/v2\/tags?post=15143"}],"curies":[{"name":"wp","href":"https:\/\/api.w.org\/{rel}","templated":true}]}}