{"id":15186,"date":"2026-02-04T14:09:09","date_gmt":"2026-02-04T14:09:09","guid":{"rendered":"https:\/\/bihavadis.com\/?p=15186"},"modified":"2026-02-04T14:09:09","modified_gmt":"2026-02-04T14:09:09","slug":"adanada-tirin-altinda-kaldi","status":"publish","type":"post","link":"https:\/\/bihavadis.com\/index.php\/2026\/02\/04\/adanada-tirin-altinda-kaldi\/","title":{"rendered":"Adana&#8217;da t\u0131r\u0131n alt\u0131nda kald\u0131"},"content":{"rendered":"<p>Adana\u2019da korkun\u00e7 kaza&#8230;\u00a0<\/p>\n<p>Mersin Tarsus-Adana-Gaziantep (TAG) otoyolu, Tellidere \u00e7\u0131k\u0131\u015f\u0131 mevkisinde ismi \u00f6\u011frenilemeyen bir \u015fah\u0131s, sabah saatlerinde otoyolda kar\u015f\u0131dan kar\u015f\u0131ya ge\u00e7meye \u00e7al\u0131\u015f\u0131rken t\u0131r\u0131n alt\u0131nda kald\u0131.<\/p>\n<p><strong>KURTARILAMADI<\/strong><\/p>\n<p>\u00c7evredekilerin ihbar\u0131 \u00fczerine b\u00f6lgeye sa\u011fl\u0131k ve polis ekipleri sevk edildi.<\/p>\n<p>Ekipler, \u015fahs\u0131n hayat\u0131n\u0131 kaybetti\u011fini belirlerken olayla ilgili inceleme ba\u015flat\u0131ld\u0131.<\/p>\n<p>Kaza sonucu b\u00f6lgede trafik yo\u011funlu\u011fu olu\u015ftu.<\/p>\n<p><img decoding=\"async\" src=\"https:\/\/bihavadis.com\/wp-content\/uploads\/2026\/02\/adanada-tirin-altinda-kaldi-0-YkHfyKeI.jpg\"\/><\/p>\n<p><img decoding=\"async\" src=\"https:\/\/bihavadis.com\/wp-content\/uploads\/2026\/02\/adanada-tirin-altinda-kaldi-1-XrYSVgcr.jpg\"\/><\/p>\n<p><img decoding=\"async\" src=\"https:\/\/bihavadis.com\/wp-content\/uploads\/2026\/02\/adanada-tirin-altinda-kaldi-2-71xDxwF1.jpg\"\/><\/p>\n","protected":false},"excerpt":{"rendered":"<p>Adana\u2019da otoyolda kar\u015f\u0131dan kar\u015f\u0131ya ge\u00e7meye \u00e7al\u0131\u015f\u0131rken t\u0131r\u0131n alt\u0131nda kalan \u015fah\u0131s, t\u00fcm m\u00fcdahalelere ra\u011fmen kurtar\u0131lamad\u0131.<\/p>\n","protected":false},"author":1,"featured_media":15187,"comment_status":"open","ping_status":"open","sticky":false,"template":"","format":"standard","meta":{"footnotes":""},"categories":[4,13],"tags":[],"class_list":["post-15186","post","type-post","status-publish","format-standard","has-post-thumbnail","hentry","category-gundem","category-son-dakika"],"_links":{"self":[{"href":"https:\/\/bihavadis.com\/index.php\/wp-json\/wp\/v2\/posts\/15186","targetHints":{"allow":["GET"]}}],"collection":[{"href":"https:\/\/bihavadis.com\/index.php\/wp-json\/wp\/v2\/posts"}],"about":[{"href":"https:\/\/bihavadis.com\/index.php\/wp-json\/wp\/v2\/types\/post"}],"author":[{"embeddable":true,"href":"https:\/\/bihavadis.com\/index.php\/wp-json\/wp\/v2\/users\/1"}],"replies":[{"embeddable":true,"href":"https:\/\/bihavadis.com\/index.php\/wp-json\/wp\/v2\/comments?post=15186"}],"version-history":[{"count":1,"href":"https:\/\/bihavadis.com\/index.php\/wp-json\/wp\/v2\/posts\/15186\/revisions"}],"predecessor-version":[{"id":15191,"href":"https:\/\/bihavadis.com\/index.php\/wp-json\/wp\/v2\/posts\/15186\/revisions\/15191"}],"wp:featuredmedia":[{"embeddable":true,"href":"https:\/\/bihavadis.com\/index.php\/wp-json\/wp\/v2\/media\/15187"}],"wp:attachment":[{"href":"https:\/\/bihavadis.com\/index.php\/wp-json\/wp\/v2\/media?parent=15186"}],"wp:term":[{"taxonomy":"category","embeddable":true,"href":"https:\/\/bihavadis.com\/index.php\/wp-json\/wp\/v2\/categories?post=15186"},{"taxonomy":"post_tag","embeddable":true,"href":"https:\/\/bihavadis.com\/index.php\/wp-json\/wp\/v2\/tags?post=15186"}],"curies":[{"name":"wp","href":"https:\/\/api.w.org\/{rel}","templated":true}]}}