{"id":15249,"date":"2026-02-04T14:54:07","date_gmt":"2026-02-04T14:54:07","guid":{"rendered":"https:\/\/bihavadis.com\/?p=15249"},"modified":"2026-02-04T14:54:07","modified_gmt":"2026-02-04T14:54:07","slug":"sdg-ve-suriye-anlasmasi-tarihi-donum-noktasi","status":"publish","type":"post","link":"https:\/\/bihavadis.com\/index.php\/2026\/02\/04\/sdg-ve-suriye-anlasmasi-tarihi-donum-noktasi\/","title":{"rendered":"SDG ve Suriye Anla\u015fmas\u0131 Tarihi D\u00f6n\u00fcm Noktas\u0131"},"content":{"rendered":"<p>ABD&#8217;nin Suriye \u00d6zel Temsilcisi Tom Barrack, ter\u00f6r \u00f6rg\u00fct\u00fc PKK\/YPG&#8217;nin uzant\u0131s\u0131 Suriye Demokratik G\u00fc\u00e7leri (SDG) ile \u015eam y\u00f6netimi aras\u0131nda var\u0131lan anla\u015fmaya ili\u015fkin, &#8220;Bug\u00fcn Suriye h\u00fck\u00fcmeti ile SDG aras\u0131nda a\u00e7\u0131klanan kapsaml\u0131 anla\u015fma, Suriye&#8217;nin ulusal uzla\u015fma, birlik ve kal\u0131c\u0131 istikrar yolculu\u011funda derin ve tarihi bir d\u00f6n\u00fcm noktas\u0131n\u0131 temsil ediyor&#8221; dedi.<\/p>\n<p>ABD&#8217;nin Suriye \u00d6zel Temsilcisi Tom Barrack, ter\u00f6r \u00f6rg\u00fct\u00fc PKK\/YPG&#8217;nin uzant\u0131s\u0131 Suriye Demokratik G\u00fc\u00e7leri (SDG) ile \u015eam y\u00f6netimi aras\u0131nda var\u0131lan ate\u015fkes ve entegrasyon anla\u015fmas\u0131na ili\u015fkin a\u00e7\u0131klama yapt\u0131. Barrack, &#8220;Bug\u00fcn Suriye h\u00fck\u00fcmeti ile SDG aras\u0131nda a\u00e7\u0131klanan kapsaml\u0131 anla\u015fma, Suriye&#8217;nin ulusal uzla\u015fma, birlik ve kal\u0131c\u0131 istikrar yolculu\u011funda derin ve tarihi bir d\u00f6n\u00fcm noktas\u0131n\u0131 temsil ediyor. \u00d6nceki \u00e7er\u00e7eveler ve gerilimi azaltma y\u00f6n\u00fcndeki son \u00e7abalar \u00fczerine in\u015fa edilen bu dikkatle m\u00fczakere edilmi\u015f ad\u0131m, kapsay\u0131c\u0131l\u0131k, kar\u015f\u0131l\u0131kl\u0131 sayg\u0131 ve t\u00fcm Suriye topluluklar\u0131n\u0131n ortak onuru konusunda payla\u015f\u0131lan bir ba\u011fl\u0131l\u0131\u011f\u0131 yans\u0131t\u0131yor&#8221; dedi.<\/p>\n<p>Barrack, Suriye h\u00fck\u00fcmeti a\u00e7\u0131s\u0131ndan anla\u015fman\u0131n ger\u00e7ek bir ulusal ortakl\u0131k ve kapsay\u0131c\u0131 bir y\u00f6netime olan ba\u011fl\u0131l\u0131\u011f\u0131 g\u00f6sterdi\u011fini belirterek, &#8220;Anla\u015fma, g\u00fcvenlik ve idari yap\u0131lar\u0131n a\u015famal\u0131 olarak birle\u015fik devlet kurumlar\u0131na entegrasyonunu kolayla\u015ft\u0131r\u0131rken, Suriye&#8217;nin g\u00fcc\u00fcn\u00fcn, \u00e7e\u015fitlili\u011fi benimsemek ve t\u00fcm halklar\u0131n\u0131n me\u015fru beklentilerini kar\u015f\u0131lamaktan do\u011fdu\u011funu teyit ediyor. Bu yakla\u015f\u0131m yaln\u0131zca \u00fclke genelinde egemenli\u011fi peki\u015ftirmekle kalm\u0131yor, ayn\u0131 zamanda uluslararas\u0131 topluma a\u00e7\u0131kl\u0131k ve adalet mesaj\u0131 da veriyor. K\u00fcrt halk\u0131 i\u00e7in ise a\u015f\u0131r\u0131c\u0131l\u0131\u011fa kar\u015f\u0131 Suriye&#8217;yi savunmada ve savunmas\u0131z n\u00fcfuslar\u0131 korumada oynad\u0131klar\u0131 ola\u011fan\u00fcst\u00fc rol ve g\u00f6sterdikleri kararl\u0131l\u0131k dikkate al\u0131nd\u0131\u011f\u0131nda, bu an \u00f6zel bir \u00f6nem ta\u015f\u0131yor&#8221; ifadelerini kulland\u0131.<\/p>\n<p>&#8220;Anla\u015fma, e\u015fitlik ve aidiyet y\u00f6n\u00fcnde d\u00f6n\u00fc\u015ft\u00fcr\u00fcc\u00fc bir ad\u0131m te\u015fkil ediyor&#8221;<\/p>\n<p>Devlet Ba\u015fkanl\u0131\u011f\u0131 Kararnamesi No. 13&#8217;\u00fcn yak\u0131n zamanda uygulanmas\u0131 gerekti\u011fi vurgusunu yapan Barrack, &#8220;Ge\u00e7mi\u015fte d\u0131\u015flanmalardan etkilenen ki\u015filere tam Suriye vatanda\u015fl\u0131\u011f\u0131n\u0131 geri veren, K\u00fcrt\u00e7eyi Arap\u00e7a ile birlikte ulusal dil olarak tan\u0131yan, ilgili alanlarda K\u00fcrt\u00e7e \u00f6\u011fretimini m\u00fcmk\u00fcn k\u0131lan ve ayr\u0131mc\u0131l\u0131\u011fa kar\u015f\u0131 korumalar\u0131 g\u00fcvence alt\u0131na alan 13 numaral\u0131 Cumhurba\u015fkanl\u0131\u011f\u0131 Kararnamesi&#8217;nin yak\u0131n zamanda y\u00fcr\u00fcrl\u00fc\u011fe girmesi, e\u015fitlik ve aidiyet yolunda d\u00f6n\u00fc\u015ft\u00fcr\u00fcc\u00fc bir ad\u0131md\u0131r. Bu \u00f6nlemler, uzun s\u00fcredir devam eden adaletsizlikleri d\u00fczeltmekte, K\u00fcrtlerin Suriye ulusu i\u00e7indeki ayr\u0131lmaz yerini teyit etmekte ve onlar\u0131n g\u00fcvenli, refah i\u00e7inde ve kapsay\u0131c\u0131 bir gelece\u011fin \u015fekillendirilmesine tam kat\u0131l\u0131mlar\u0131n\u0131n \u00f6n\u00fcn\u00fc a\u00e7maktad\u0131r&#8221; \u015feklinde konu\u015ftu.<\/p>\n<p>&#8220;T\u00fcm Suriyeliler i\u00e7in kal\u0131c\u0131 bar\u0131\u015f\u0131n sa\u011flanmas\u0131n\u0131n yolunu a\u00e7\u0131yor&#8221;<\/p>\n<p>Her iki taraf\u0131n da cesur ad\u0131mlar att\u0131\u011f\u0131n\u0131 kaydeden Barrack, &#8220;Suriye h\u00fck\u00fcmeti anlaml\u0131 kapsay\u0131c\u0131l\u0131k ve haklar sunarken, K\u00fcrt topluluklar\u0131 katk\u0131lar\u0131n\u0131 onurland\u0131ran ve ortak fayday\u0131 ilerleten birle\u015fik bir \u00e7er\u00e7eveyi benimsedi. Bu geli\u015fmeler bir araya gelerek kurumlar\u0131n yeniden in\u015fas\u0131, g\u00fcvenin yeniden tesis edilmesi, yeniden yap\u0131lanma i\u00e7in gerekli yat\u0131r\u0131mlar\u0131n \u00e7ekilmesi ve t\u00fcm Suriyeliler i\u00e7in kal\u0131c\u0131 bar\u0131\u015f\u0131n sa\u011flanmas\u0131 i\u00e7in zemin haz\u0131rlamaktad\u0131r. Diyalog ve sayg\u0131 yoluyla sa\u011flanan birlik sayesinde Suriye, b\u00f6lgede ve \u00f6tesinde istikrar ve umudun simgesi olarak hak etti\u011fi yeri geri almaya haz\u0131rd\u0131r&#8221; a\u00e7\u0131klamas\u0131n\u0131 yapt\u0131. &#8211; \u015eAM<\/p>\n","protected":false},"excerpt":{"rendered":"<p>Tom Barrack, SDG ve Suriye h\u00fck\u00fcmeti aras\u0131ndaki anla\u015fman\u0131n kal\u0131c\u0131 bar\u0131\u015f i\u00e7in \u00f6nemli bir ad\u0131m oldu\u011funu belirtti.<\/p>\n","protected":false},"author":1,"featured_media":15250,"comment_status":"open","ping_status":"open","sticky":false,"template":"","format":"standard","meta":{"footnotes":""},"categories":[12],"tags":[3017,356,361],"class_list":["post-15249","post","type-post","status-publish","format-standard","has-post-thumbnail","hentry","category-siyaset","tag-barrack","tag-kurt","tag-suriye"],"_links":{"self":[{"href":"https:\/\/bihavadis.com\/index.php\/wp-json\/wp\/v2\/posts\/15249","targetHints":{"allow":["GET"]}}],"collection":[{"href":"https:\/\/bihavadis.com\/index.php\/wp-json\/wp\/v2\/posts"}],"about":[{"href":"https:\/\/bihavadis.com\/index.php\/wp-json\/wp\/v2\/types\/post"}],"author":[{"embeddable":true,"href":"https:\/\/bihavadis.com\/index.php\/wp-json\/wp\/v2\/users\/1"}],"replies":[{"embeddable":true,"href":"https:\/\/bihavadis.com\/index.php\/wp-json\/wp\/v2\/comments?post=15249"}],"version-history":[{"count":1,"href":"https:\/\/bihavadis.com\/index.php\/wp-json\/wp\/v2\/posts\/15249\/revisions"}],"predecessor-version":[{"id":15251,"href":"https:\/\/bihavadis.com\/index.php\/wp-json\/wp\/v2\/posts\/15249\/revisions\/15251"}],"wp:featuredmedia":[{"embeddable":true,"href":"https:\/\/bihavadis.com\/index.php\/wp-json\/wp\/v2\/media\/15250"}],"wp:attachment":[{"href":"https:\/\/bihavadis.com\/index.php\/wp-json\/wp\/v2\/media?parent=15249"}],"wp:term":[{"taxonomy":"category","embeddable":true,"href":"https:\/\/bihavadis.com\/index.php\/wp-json\/wp\/v2\/categories?post=15249"},{"taxonomy":"post_tag","embeddable":true,"href":"https:\/\/bihavadis.com\/index.php\/wp-json\/wp\/v2\/tags?post=15249"}],"curies":[{"name":"wp","href":"https:\/\/api.w.org\/{rel}","templated":true}]}}