{"id":15327,"date":"2026-02-04T15:42:09","date_gmt":"2026-02-04T15:42:09","guid":{"rendered":"https:\/\/bihavadis.com\/?p=15327"},"modified":"2026-02-04T15:42:09","modified_gmt":"2026-02-04T15:42:09","slug":"cristiano-ronaldo-suudi-arabistanda-kriz-cikardi-maca-cikmayacak","status":"publish","type":"post","link":"https:\/\/bihavadis.com\/index.php\/2026\/02\/04\/cristiano-ronaldo-suudi-arabistanda-kriz-cikardi-maca-cikmayacak\/","title":{"rendered":"Cristiano Ronaldo, Suudi Arabistan&#8217;da kriz \u00e7\u0131kard\u0131: Ma\u00e7a \u00e7\u0131kmayacak!"},"content":{"rendered":"<p>Kariyerini Suudi Arabistan&#8217;da s\u00fcrd\u00fcren futbol efsanesi Cristiano Ronaldo&#8217;yla ilgili fla\u015f bir geli\u015fme ya\u015fand\u0131.<\/p>\n<p>Cristiano Ronaldo\u2019nun, Al Nassr\u2019\u0131n bu pazartesi kom\u015fu ekip Al Riyadh ile oynayaca\u011f\u0131 ve Suudi Arabistan Ligi\u2019nin 20. haftas\u0131na denk gelen kar\u015f\u0131la\u015fmada forma giymeme karar\u0131 ald\u0131\u011f\u0131 ortaya \u00e7\u0131kt\u0131.<\/p>\n<p>Ba\u015flang\u0131\u00e7ta yerel bas\u0131nda ileri s\u00fcr\u00fcld\u00fc\u011f\u00fc gibi bu karar\u0131n fiziksel dinlenmeyle ya da cuma g\u00fcn\u00fc Sergio Concei\u00e7ao\u2019nun \u00e7al\u0131\u015ft\u0131rd\u0131\u011f\u0131 son \u015fampiyon Al Ittihad ile oynanacak ma\u00e7la ilgisi olmad\u0131\u011f\u0131 belirtildi.<\/p>\n<p><strong>KUL\u00dcP Y\u00d6NET\u0130M\u0130NDEN MEMNUN DE\u011e\u0130L<\/strong><\/p>\n<p>A Bola&#8217;n\u0131n kul\u00fcp kaynaklar\u0131na dayand\u0131rd\u0131\u011f\u0131 bilgilere g\u00f6re Cristiano Ronaldo, \u00fc\u00e7 y\u0131ld\u0131r formas\u0131n\u0131 giydi\u011fi Al Nassr\u2019\u0131n Suudi Arabistan Kamu Yat\u0131r\u0131m Fonu (PIF) taraf\u0131ndan y\u00f6netilme bi\u00e7iminden rahats\u0131zl\u0131k duyuyor.<\/p>\n<p>\u00d6zellikle ayn\u0131 fon taraf\u0131ndan y\u00f6netilen rakip kul\u00fcplerle k\u0131yasland\u0131\u011f\u0131nda Al Nassr\u2019a daha az yat\u0131r\u0131m yap\u0131lmas\u0131ndan \u015fikayet\u00e7i.<\/p>\n<p>Tak\u0131m kaptan\u0131 olan Ronaldo, kul\u00fcpte ciddi bir yat\u0131r\u0131m eksikli\u011fi oldu\u011funu d\u00fc\u015f\u00fcn\u00fcyor.<\/p>\n<p><img decoding=\"async\" src=\"https:\/\/bihavadis.com\/wp-content\/uploads\/2026\/02\/cristiano-ronaldo-suudi-arabistanda-kriz-cikardi-maca-cikmayacak-0-JdXVB6s3.jpg\"\/><\/p>\n<p><strong>BEKLENEN TRANSFERLER YAPILMADI<\/strong><\/p>\n<p>Teknik direkt\u00f6r Jorge Jesus\u2019un talep etti\u011fi transferlerin yap\u0131lmad\u0131\u011f\u0131, bunun en a\u00e7\u0131k g\u00f6stergesinin ise k\u0131\u015f transfer d\u00f6neminde yaln\u0131zca Irak\u2019tan al\u0131nan 21 ya\u015f\u0131ndaki orta saha oyuncusu Haydeer Abdulkareem\u2019in kadroya kat\u0131lmas\u0131 oldu\u011fu ifade ediliyor.<\/p>\n<p>Al Nassr y\u00f6netiminde iki Portekizlinin bulundu\u011fu da hat\u0131rlat\u0131l\u0131yor: sportif direkt\u00f6r Simao Coutinho ve CEO Jose Semedo. Ancak bu iki ismin yetkilerinin ay ba\u015f\u0131nda y\u00f6netim kurulu karar\u0131yla donduruldu\u011fu belirtiliyor.<\/p>\n<p>T\u00fcm bu geli\u015fmeler Ronaldo\u2019nun memnuniyetsizli\u011fini art\u0131rm\u0131\u015f durumda.<\/p>\n<p>Y\u0131ld\u0131z futbolcu, mevcut y\u00f6netim anlay\u0131\u015f\u0131n\u0131n kul\u00fcbe zarar verdi\u011fini ve \u00f6zellikle transfer piyasas\u0131nda \u00e7ok daha aktif olan Al Hilal ile k\u0131yasland\u0131\u011f\u0131nda Al Nassr\u2019\u0131n geri planda kald\u0131\u011f\u0131n\u0131 d\u00fc\u015f\u00fcn\u00fcyor.<\/p>\n<p><img decoding=\"async\" src=\"https:\/\/bihavadis.com\/wp-content\/uploads\/2026\/02\/cristiano-ronaldo-suudi-arabistanda-kriz-cikardi-maca-cikmayacak-1-Oek6L6aY.jpg\"\/><\/p>\n<p><strong>BENZEMA \u0130HT\u0130MAL\u0130 BARDA\u011eI TA\u015eIRDI<\/strong><\/p>\n<p>Al Hilal\u2019in Fiorentina\u2019dan savunmac\u0131 Pablo Mari i\u00e7in 2 milyon euro \u00f6dedi\u011fi ve Rennes\u2019den gen\u00e7 forvet Kader Meite i\u00e7in 30 milyon euro harcamaya haz\u0131rland\u0131\u011f\u0131 hat\u0131rlat\u0131l\u0131yor. Bununla da s\u0131n\u0131rl\u0131 kalmayabilece\u011fi belirtiliyor.<\/p>\n<p>Son saatlerde Karim Benzema\u2019n\u0131n, Al Ittihad ile yeni s\u00f6zle\u015fme g\u00f6r\u00fc\u015fmelerindeki t\u0131kan\u0131kl\u0131k nedeniyle Al Hilal\u2019e transfer olma ihtimalinin g\u00fcndeme geldi\u011fi ifade ediliyor. Simone Inzaghi\u2019nin \u00e7al\u0131\u015ft\u0131rd\u0131\u011f\u0131 Al Hilal\u2019in ayr\u0131ca Neom\u2019dan Frans\u0131z U21 milli oyuncusu Saimon Bouabre\u2019yi 30 milyon euro kar\u015f\u0131l\u0131\u011f\u0131nda kadrosuna katmak \u00fczere oldu\u011fu aktar\u0131l\u0131yor.<\/p>\n<p><img decoding=\"async\" src=\"https:\/\/bihavadis.com\/wp-content\/uploads\/2026\/02\/cristiano-ronaldo-suudi-arabistanda-kriz-cikardi-maca-cikmayacak-2-ZtRFP6rp.jpg\"\/><\/p>\n<p><strong>\u0130LK MEMNUN\u0130YETS\u0130ZL\u0130\u011e\u0130 DE\u011e\u0130L<\/strong><\/p>\n<p>Cristiano Ronaldo\u2019nun bu tavr\u0131n\u0131n Al Nassr\u2019daki ilk a\u00e7\u0131k memnuniyetsizlik i\u015fareti olmad\u0131\u011f\u0131 da vurgulan\u0131yor.<\/p>\n<p>Ocak ortas\u0131nda teknik direkt\u00f6r Jorge Jesus\u2019un, kul\u00fcb\u00fcn\u00fcn <b><em>\u201cAl Hilal kadar politik g\u00fcce sahip olmad\u0131\u011f\u0131n\u0131\u201d <\/em><\/b>s\u00f6ylemesi Suudi futbolunda b\u00fcy\u00fck yank\u0131 uyand\u0131rm\u0131\u015f, Al Hilal y\u00f6netimi bu a\u00e7\u0131klamalar sonras\u0131 Portekizli teknik adam i\u00e7in alt\u0131 ay ila bir y\u0131l aras\u0131 men talebinde bulunmu\u015ftu.<\/p>\n<p><img decoding=\"async\" src=\"https:\/\/bihavadis.com\/wp-content\/uploads\/2026\/02\/cristiano-ronaldo-suudi-arabistanda-kriz-cikardi-maca-cikmayacak-3-2NYqj52r.jpg\"\/><\/p>\n","protected":false},"excerpt":{"rendered":"<p>D\u00fcnyaca \u00fcnl\u00fc y\u0131ld\u0131z Cristiano Ronaldo&#8217;nun, Suudi Arabistan Kamu Yat\u0131r\u0131m Fonu\u2019nun kul\u00fcp y\u00f6netiminden memnun olmad\u0131\u011f\u0131 ve bu nedenle bir sonraki ma\u00e7a \u00e7\u0131kmama karar\u0131 ald\u0131\u011f\u0131 \u00f6\u011frenildi.<\/p>\n","protected":false},"author":1,"featured_media":15328,"comment_status":"open","ping_status":"open","sticky":false,"template":"","format":"standard","meta":{"footnotes":""},"categories":[14],"tags":[3031,3030,404,369],"class_list":["post-15327","post","type-post","status-publish","format-standard","has-post-thumbnail","hentry","category-spor","tag-al-hilal","tag-al-nassr","tag-transfer","tag-yonetim"],"_links":{"self":[{"href":"https:\/\/bihavadis.com\/index.php\/wp-json\/wp\/v2\/posts\/15327","targetHints":{"allow":["GET"]}}],"collection":[{"href":"https:\/\/bihavadis.com\/index.php\/wp-json\/wp\/v2\/posts"}],"about":[{"href":"https:\/\/bihavadis.com\/index.php\/wp-json\/wp\/v2\/types\/post"}],"author":[{"embeddable":true,"href":"https:\/\/bihavadis.com\/index.php\/wp-json\/wp\/v2\/users\/1"}],"replies":[{"embeddable":true,"href":"https:\/\/bihavadis.com\/index.php\/wp-json\/wp\/v2\/comments?post=15327"}],"version-history":[{"count":1,"href":"https:\/\/bihavadis.com\/index.php\/wp-json\/wp\/v2\/posts\/15327\/revisions"}],"predecessor-version":[{"id":15333,"href":"https:\/\/bihavadis.com\/index.php\/wp-json\/wp\/v2\/posts\/15327\/revisions\/15333"}],"wp:featuredmedia":[{"embeddable":true,"href":"https:\/\/bihavadis.com\/index.php\/wp-json\/wp\/v2\/media\/15328"}],"wp:attachment":[{"href":"https:\/\/bihavadis.com\/index.php\/wp-json\/wp\/v2\/media?parent=15327"}],"wp:term":[{"taxonomy":"category","embeddable":true,"href":"https:\/\/bihavadis.com\/index.php\/wp-json\/wp\/v2\/categories?post=15327"},{"taxonomy":"post_tag","embeddable":true,"href":"https:\/\/bihavadis.com\/index.php\/wp-json\/wp\/v2\/tags?post=15327"}],"curies":[{"name":"wp","href":"https:\/\/api.w.org\/{rel}","templated":true}]}}