{"id":15334,"date":"2026-02-04T15:45:08","date_gmt":"2026-02-04T15:45:08","guid":{"rendered":"https:\/\/bihavadis.com\/?p=15334"},"modified":"2026-02-04T15:45:08","modified_gmt":"2026-02-04T15:45:08","slug":"konyada-fiyat-denetimleri-artirildi","status":"publish","type":"post","link":"https:\/\/bihavadis.com\/index.php\/2026\/02\/04\/konyada-fiyat-denetimleri-artirildi\/","title":{"rendered":"Konya&#8217;da Fiyat Denetimleri Art\u0131r\u0131ld\u0131"},"content":{"rendered":"<p> Konya&#8217;da Ramazan \u00f6ncesinde fahi\u015f fiyat art\u0131\u015flar\u0131n\u0131n \u00f6n\u00fcne ge\u00e7mek amac\u0131yla g\u0131da i\u015fletmelerine y\u00f6nelik denetimler ger\u00e7ekle\u015ftirildi.<\/p>\n<p>Konya Ticaret \u0130l M\u00fcd\u00fcrl\u00fc\u011f\u00fc ekiplerince kentte \u00f6zellikle temel g\u0131da ve temel ihtiya\u00e7 \u00fcr\u00fcnlerinde etiket, kasa fiyatlar\u0131 ile fahi\u015f fiyat uygulamalar\u0131 yap\u0131ld\u0131. Denetimlere kat\u0131lan Konya Ticaret \u0130l M\u00fcd\u00fcr\u00fc Mustafa \u00c7a\u011flayan her g\u00fcn sahada olduklar\u0131n\u0131 belirterek, &#8220;Ramazan \u00f6ncesi biraz daha denetimlerimizi art\u0131rd\u0131k. Vatanda\u015flar\u0131m\u0131z\u0131n Ramazan \u00f6ncesi ma\u011fdur olmamalar\u0131 ad\u0131na sahaya ekiplerimizi biraz daha fazla \u00e7\u0131kartarak denetimlerimizi Ramazan&#8217;\u0131 hay\u0131rl\u0131 bir \u015fekilde problem olmadan atlatmak i\u00e7in el birli\u011fiyle \u00e7al\u0131\u015f\u0131yoruz&#8221; dedi.<\/p>\n<p>&#8220;2025 y\u0131l\u0131nda 5 bin firma denetlendi ve 8 milyonun \u00fczerinde cezai i\u015flem uyguland\u0131&#8221;<\/p>\n<p>Marketlerdeki t\u00fcm \u00fcr\u00fcnleri denetlediklerini s\u00f6yleyen \u00c7a\u011flayan, &#8220;Geldi\u011fi \u00fcr\u00fcn\u00fcn birim fiyat\u0131na bak\u0131yoruz. Fiyat son de\u011fi\u015fikli\u011fi ne zaman yap\u0131lm\u0131\u015f ona bak\u0131yoruz. En \u00f6nemlisi kasa ve reyon fark\u0131 var m\u0131 yok mu, ona bak\u0131yoruz. E\u011fer bunlarda herhangi bir olumsuzluk tespit edersek cezai i\u015flem uyguluyoruz. Bir \u00fcr\u00fcnde cezam\u0131z 3 bin 964 lira. 2025 y\u0131l\u0131nda da denetimlerimizi yo\u011fun bir \u015fekilde yapt\u0131k. Konya&#8217;da yakla\u015f\u0131k 5 bin firma denetlendi ve 8 milyonun \u00fczerinde cezai i\u015flem uygulad\u0131k. Haks\u0131z fiyatla ilgili de 600 civar\u0131nda firmay\u0131 Haks\u0131z Fiyat Kurulumuza de\u011ferlendirmek \u00fczere g\u00f6nderdik. Onlar, de\u011ferlendirmelerini, ara\u015ft\u0131rmalar\u0131n\u0131 yapt\u0131klar\u0131 var, devam ettikleri var, sorun olanlara cezai i\u015flem uygulad\u0131lar, uyguluyorlar. Yo\u011fun bir \u015fekilde denetimlerimiz devam ediyor&#8221; \u015feklinde konu\u015ftu.<\/p>\n<p>Vatanda\u015flar\u0131n herhangi bir kusur g\u00f6rd\u00fc\u011f\u00fcnde hakk\u0131n\u0131 arayabilece\u011fi \u00e7e\u015fitli yollar oldu\u011funu ifade eden \u00c7a\u011flayan, &#8220;C\u0130MER \u00fczerinden yazarlarsa bize d\u00fc\u015fer. E-Devlet&#8217;ten Haks\u0131z Fiyat Kuruluna girer yazarsa bize gelir. Bakanl\u0131\u011f\u0131m\u0131z sistemine maille ba\u015fvurabilir. Alo 175&#8217;i aray\u0131p ba\u015fvurabilir. \u0130l m\u00fcd\u00fcrl\u00fc\u011f\u00fcm\u00fcz\u00fc direkt arayabilir. Yaz\u0131l\u0131 veya canl\u0131 olarak gelip bize ba\u015fvurabilir. Bu noktalarda bize ula\u015fan \u015fikayetleri her g\u00fcn ekiplerimize veriyoruz. Ekiplerimiz hemen sahaya \u00e7\u0131k\u0131yor ve gerekli denetimleri yap\u0131p olumsuz durumda da gerekli yapt\u0131r\u0131mlar\u0131n\u0131 uyguluyoruz&#8221; diye konu\u015ftu. &#8211; KONYA<\/p>\n","protected":false},"excerpt":{"rendered":"<p>Ramazan \u00f6ncesi g\u0131da fiyat art\u0131\u015flar\u0131na kar\u015f\u0131 denetimler yap\u0131ld\u0131, 5 bin firma kontrol edildi.<\/p>\n","protected":false},"author":1,"featured_media":15335,"comment_status":"open","ping_status":"open","sticky":false,"template":"","format":"standard","meta":{"footnotes":""},"categories":[8],"tags":[545,412,426],"class_list":["post-15334","post","type-post","status-publish","format-standard","has-post-thumbnail","hentry","category-ekonomi","tag-denetimler","tag-fiyat","tag-konya"],"_links":{"self":[{"href":"https:\/\/bihavadis.com\/index.php\/wp-json\/wp\/v2\/posts\/15334","targetHints":{"allow":["GET"]}}],"collection":[{"href":"https:\/\/bihavadis.com\/index.php\/wp-json\/wp\/v2\/posts"}],"about":[{"href":"https:\/\/bihavadis.com\/index.php\/wp-json\/wp\/v2\/types\/post"}],"author":[{"embeddable":true,"href":"https:\/\/bihavadis.com\/index.php\/wp-json\/wp\/v2\/users\/1"}],"replies":[{"embeddable":true,"href":"https:\/\/bihavadis.com\/index.php\/wp-json\/wp\/v2\/comments?post=15334"}],"version-history":[{"count":1,"href":"https:\/\/bihavadis.com\/index.php\/wp-json\/wp\/v2\/posts\/15334\/revisions"}],"predecessor-version":[{"id":15336,"href":"https:\/\/bihavadis.com\/index.php\/wp-json\/wp\/v2\/posts\/15334\/revisions\/15336"}],"wp:featuredmedia":[{"embeddable":true,"href":"https:\/\/bihavadis.com\/index.php\/wp-json\/wp\/v2\/media\/15335"}],"wp:attachment":[{"href":"https:\/\/bihavadis.com\/index.php\/wp-json\/wp\/v2\/media?parent=15334"}],"wp:term":[{"taxonomy":"category","embeddable":true,"href":"https:\/\/bihavadis.com\/index.php\/wp-json\/wp\/v2\/categories?post=15334"},{"taxonomy":"post_tag","embeddable":true,"href":"https:\/\/bihavadis.com\/index.php\/wp-json\/wp\/v2\/tags?post=15334"}],"curies":[{"name":"wp","href":"https:\/\/api.w.org\/{rel}","templated":true}]}}