{"id":15344,"date":"2026-02-04T15:57:06","date_gmt":"2026-02-04T15:57:06","guid":{"rendered":"https:\/\/bihavadis.com\/?p=15344"},"modified":"2026-02-04T15:57:06","modified_gmt":"2026-02-04T15:57:06","slug":"cumhurbaskani-yardimcisi-yilmaz-gecmiste-paramizi-odedigimiz-halde-alamadigimiz-urunleri-bugun-dunyaya-satiyoruz","status":"publish","type":"post","link":"https:\/\/bihavadis.com\/index.php\/2026\/02\/04\/cumhurbaskani-yardimcisi-yilmaz-gecmiste-paramizi-odedigimiz-halde-alamadigimiz-urunleri-bugun-dunyaya-satiyoruz\/","title":{"rendered":"Cumhurba\u015fkan\u0131 Yard\u0131mc\u0131s\u0131 Y\u0131lmaz: &#8220;Ge\u00e7mi\u015fte param\u0131z\u0131 \u00f6dedi\u011fimiz halde alamad\u0131\u011f\u0131m\u0131z \u00fcr\u00fcnleri bug\u00fcn d\u00fcnyaya sat\u0131yoruz&#8221;"},"content":{"rendered":"<p> Antalya&#8217;da d\u00fczenlenen Savunma ve Havac\u0131l\u0131k Sanayiinde K\u00fcresel Stratejiler Konferans\u0131&#8217;nda konu\u015fan Cumhurba\u015fkan\u0131 Yard\u0131mc\u0131s\u0131 Cevdet Y\u0131lmaz, T\u00fcrkiye&#8217;nin savunma sanayisinde \u00f6nemli bir d\u00f6n\u00fc\u015f\u00fcm ya\u015fad\u0131\u011f\u0131n\u0131 belirterek, &#8220;Ge\u00e7mi\u015fte param\u0131z\u0131 \u00f6dedi\u011fimiz halde bize sat\u0131lmayan \u00fcr\u00fcnleri bug\u00fcn d\u00fcnyan\u0131n d\u00f6rt bir yan\u0131na paras\u0131 mukabilinde satar hale gelmi\u015f durumday\u0131z&#8221; dedi.<\/p>\n<p>Antalya&#8217;n\u0131n Serik il\u00e7esindeki Belek Turizm Merkezi&#8217;nde 5. Savunma ve Havac\u0131l\u0131k Sanayiinde K\u00fcresel Stratejiler Konferans\u0131 ba\u015flad\u0131. \u00c7ok say\u0131da ihracat\u00e7\u0131n\u0131n kat\u0131l\u0131m sa\u011flad\u0131\u011f\u0131 konferans, a\u00e7\u0131l\u0131\u015f konu\u015fmalar\u0131yla ba\u015flad\u0131.<\/p>\n<p>&#8220;D\u00fcnya yap\u0131sal bir d\u00f6n\u00fc\u015f\u00fcm s\u00fcrecinden ge\u00e7iyor&#8221;<\/p>\n<p>Konferansta konu\u015fan Cumhurba\u015fkan\u0131 Yard\u0131mc\u0131s\u0131 Cevdet Y\u0131lmaz, k\u00fcresel d\u00fczeyde g\u00fcvenlik endi\u015felerinin ve belirsizliklerin artt\u0131\u011f\u0131 bir d\u00f6nemden ge\u00e7ildi\u011fine dikkat \u00e7ekti. D\u00fcnyada g\u00fc\u00e7 dengelerinin de\u011fi\u015fti\u011fini vurgulayan Y\u0131lmaz, ya\u015fanan geli\u015fmelerin belli siyasi tercihlerden \u00e7ok daha \u00f6te, yap\u0131sal bir d\u00f6n\u00fc\u015f\u00fcme i\u015faret etti\u011fini s\u00f6yledi. Jeopolitik gerilimlerin ve yapay zeka ba\u015fta olmak \u00fczere teknolojik d\u00f6n\u00fc\u015f\u00fcm\u00fcn g\u00fcvenlik alan\u0131n\u0131 do\u011frudan etkiledi\u011fini belirten Y\u0131lmaz, NATO ve Avrupa Birli\u011fi&#8217;nin savunma harcamalar\u0131na y\u00f6nelik hedeflerinin de bu d\u00f6n\u00fc\u015f\u00fcm\u00fcn somut g\u00f6stergeleri oldu\u011funu ifade etti.<\/p>\n<p>NATO&#8217;nun harcama hedeflerini art\u0131rd\u0131\u011f\u0131n\u0131 s\u00f6yleyen Y\u0131lmaz, &#8220;Jeopolitik gerilimlerin, belirsizliklerin artt\u0131\u011f\u0131, teknolojik d\u00f6n\u00fc\u015f\u00fcm\u00fcn yapay zeka merkezli h\u0131zland\u0131\u011f\u0131 bir ortamda stratejilerimizi belirlemek durumunday\u0131z. Bunu somut olarak NATO&#8217;nun hedeflerinde g\u00f6r\u00fcyoruz. 2035&#8217;te milli gelire oranla y\u00fcksek oranda harcama hedefleri konmu\u015f durumda. Bunu yine Avrupa Birli\u011fi&#8217;nin tart\u0131\u015fmalar\u0131nda g\u00f6r\u00fcyoruz. Avrupa&#8217;n\u0131n g\u00fcvenli\u011fi \u015fu anda \u00e7ok yo\u011fun bir tart\u0131\u015fma s\u00fcrecinden ge\u00e7iyor. Avrupa, ba\u015fkalar\u0131na g\u00fcvenerek yola devam edemeyece\u011fini, kendi \u00e7arelerini aramak gerekti\u011fini g\u00f6rd\u00fc. Rusya-Ukrayna \u00e7at\u0131\u015fmas\u0131 ba\u011flam\u0131nda \u00f6zellikle. Bir taraftan da ABD&#8217;nin &#8216;Art\u0131k bu maliyeti ben tek ba\u015f\u0131ma y\u00fcklenmek istemiyorum&#8217; yakla\u015f\u0131m\u0131n\u0131 g\u00f6rm\u00fc\u015f durumda. Dolay\u0131s\u0131yla Avrupa, savunma alan\u0131na \u00e7ok daha fazla kaynak ay\u0131racak&#8221; dedi.<\/p>\n<p>&#8220;Savunma sanayi g\u00fc\u00e7l\u00fc siyasi irade olmadan geli\u015femez&#8221;<\/p>\n<p>Bir \u00fclkenin g\u00fcvenli\u011finin yaln\u0131zca silahlarla \u00f6l\u00e7\u00fclemeyece\u011fini dile getiren Y\u0131lmaz, ekonomik, k\u00fclt\u00fcrel, idari ve hukuki yap\u0131n\u0131n da g\u00fc\u00e7l\u00fc olmas\u0131 gerekti\u011fini s\u00f6yledi. T\u00fcrkiye&#8217;nin savunma sanayisinde avantajl\u0131 bir konumda oldu\u011funun alt\u0131n\u0131 \u00e7izen Y\u0131lmaz, bu avantaj\u0131n erken d\u00f6nemde ortaya konulan g\u00fc\u00e7l\u00fc siyasi iradeden kaynakland\u0131\u011f\u0131n\u0131 vurgulad\u0131. Y\u0131lmaz, savunma sanayinin \u00f6nemine dikkat \u00e7ekerek, Cumhurba\u015fkan\u0131 Recep Tayyip Erdo\u011fan&#8217;\u0131n bu alana erken d\u00f6nemde verdi\u011fi g\u00fc\u00e7l\u00fc deste\u011fin T\u00fcrkiye&#8217;yi k\u00fcresel \u00f6l\u00e7ekte avantajl\u0131 bir noktaya ta\u015f\u0131d\u0131\u011f\u0131n\u0131 ifade etti.<\/p>\n<p>&#8220;185 \u00fclkeye ihracat yapan bir savunma sanayimiz var&#8221;<\/p>\n<p>T\u00fcrkiye&#8217;nin savunma sanayisinde geldi\u011fi noktaya ili\u015fkin rakamlar\u0131 da payla\u015fan Y\u0131lmaz, 3 bin 500&#8217;\u00fc a\u015fk\u0131n firman\u0131n faaliyet g\u00f6sterdi\u011fini, bin 400&#8217;\u00fcn \u00fczerinde projenin y\u00fcr\u00fct\u00fcld\u00fc\u011f\u00fcn\u00fc ve yakla\u015f\u0131k 100 bin ki\u015fiye nitelikli istihdam sa\u011fland\u0131\u011f\u0131n\u0131 belirtti. Yak\u0131n gelecekte istihdam\u0131n 150 bine \u00e7\u0131kar\u0131lmas\u0131n\u0131n hedeflendi\u011fini s\u00f6yledi. Savunma sanayisinde y\u00fczde 80&#8217;in \u00fczerinde yerlilik oran\u0131na ula\u015f\u0131ld\u0131\u011f\u0131n\u0131 kaydeden Y\u0131lmaz, T\u00fcrkiye&#8217;nin 185 \u00fclkeye ihracat yapt\u0131\u011f\u0131n\u0131 belirterek, &#8220;\u00dcr\u00fcn \u00e7e\u015fitlili\u011fi artm\u0131\u015f bir savunma sanayi s\u00f6z konusu. Ge\u00e7mi\u015fte param\u0131z\u0131 \u00f6dedi\u011fimiz halde bize sat\u0131lmayan \u00fcr\u00fcnleri bug\u00fcn biz d\u00fcnyan\u0131n d\u00f6rt bir yan\u0131na paras\u0131 mukabilinde satar hale gelmi\u015f durumday\u0131z. Asl\u0131nda bu T\u00fcrkiye&#8217;nin bence son \u00e7eyrek y\u00fczy\u0131l\u0131n\u0131 \u00f6zetliyor&#8221; dedi.<\/p>\n<p>&#8220;10 milyar dolar\u0131 a\u015fmak yeni sorumluluklar getiriyor&#8221;<\/p>\n<p>Savunma sanayi ihracat\u0131n\u0131n 10 milyar dolar\u0131 a\u015ft\u0131\u011f\u0131n\u0131 hat\u0131rlatan Y\u0131lmaz, bu ba\u015far\u0131n\u0131n yeni bir muhasebe yap\u0131lmas\u0131n\u0131 zorunlu k\u0131ld\u0131\u011f\u0131n\u0131 belirtti. T\u00fcrkiye&#8217;nin art\u0131k \u00e7ift haneli ihracat yapan \u00fclkeler aras\u0131nda kal\u0131c\u0131 bir \u015fekilde yer almas\u0131 gerekti\u011fini ifade eden Y\u0131lmaz, &#8220;Sat\u0131n alma g\u00fcc\u00fcne g\u00f6re d\u00fcnyan\u0131n 11&#8217;inci b\u00fcy\u00fck ekonomisiyiz. Savunma sanayisinde ise ilk 10 ihracat\u00e7\u0131 \u00fclke aras\u0131na girmi\u015f durumday\u0131z. Yeni hedefler belirlememiz laz\u0131m. Art\u0131k bu yeni teknolojilerin, yapay zekan\u0131n \u00e7ok daha etkili \u015fekilde sisteme girmesi gerekiyor. \u00dcr\u00fcn bazl\u0131 ortakl\u0131klar\u0131n daha fazla geli\u015fmesi laz\u0131m. ABD d\u00fcnyan\u0131n en zengin \u00fclkesi, orada bile bir \u00fcr\u00fcn geli\u015ftirirken bir\u00e7ok \u00fclkeyi i\u015fin i\u00e7ine dahil ediyorlar. Ba\u015fkalar\u0131n\u0131n \u00fcretti\u011fi sistemlerle \u00fclkelerin nereye kadar y\u00fcr\u00fcyebilece\u011fini \u00e7evremizdeki baz\u0131 \u00f6rneklerden g\u00f6rm\u00fc\u015f olduk. Kendi \u00fcr\u00fcnlerimizi geli\u015ftirmek durumunday\u0131z. Savunma sanayisi g\u00fc\u00e7l\u00fc olmayan bir \u00fclkenin uluslararas\u0131 politikada ba\u011f\u0131ms\u0131z tutum almas\u0131 zor&#8221; diye konu\u015ftu.<\/p>\n<p>Savunma sanayisinin cari a\u00e7\u0131\u011f\u0131n d\u00fc\u015fmesine destek oldu\u011funu belirten Y\u0131lmaz, &#8220;Bizim ekonomimizde en b\u00fcy\u00fck mesele, cari a\u00e7\u0131k meselesidir. Hem ihracat art\u0131\u015f\u0131yla hem ithalat ikamesiyle savunma sanayimiz cari a\u00e7\u0131\u011f\u0131n kal\u0131c\u0131 bir \u015fekilde d\u00fc\u015fmesine ciddi katk\u0131 sunuyor. \u00d6n\u00fcm\u00fczdeki d\u00f6nemde bunu \u00e7ok daha belirgin bir \u015fekilde g\u00f6rm\u00fc\u015f olaca\u011f\u0131z. Nitelikli istihdamla, katma de\u011feri y\u00fcksek \u00fcretimle daha b\u00fcy\u00fck gelir olu\u015fturmu\u015f oluyoruz. Savunma sanayisinde geli\u015fen teknolojiler bir s\u00fcre sonra sivil end\u00fcstrilere de sirayet ediyor. Neden sa\u011fl\u0131k end\u00fcstrilerinde de savunma sanayiinde oldu\u011fu gibi yerli ve milli \u00fcretimi \u00e7ok daha y\u00fckseklere ta\u015f\u0131mayal\u0131m&#8221; \u015feklinde konu\u015ftu.<\/p>\n<p>&#8220;Kartlar yeniden kar\u0131l\u0131yor, dengeler yeniden kuruluyor&#8221;<\/p>\n<p>Ticaret Bakan\u0131 \u00d6mer Bolat, k\u00fcresel \u00f6l\u00e7ekte savunma, ekonomi ve ticaret alanlar\u0131nda k\u00f6kl\u00fc bir d\u00f6n\u00fc\u015f\u00fcm ya\u015fand\u0131\u011f\u0131n\u0131 belirterek, mevcut uluslararas\u0131 d\u00fczenin ciddi \u015fekilde a\u015f\u0131nd\u0131\u011f\u0131n\u0131 s\u00f6yledi.<\/p>\n<p>&#8220;Kartlar yeniden kar\u0131l\u0131yor, dengeler yeniden kuruluyor&#8221; diyen Bolat, &#8220;\u0130kinci D\u00fcnya Sava\u015f\u0131&#8217;ndan sonra kurulan savunma, ekonomi, nakli ve ticaret rejimlerinde ciddi a\u015f\u0131nmalar, hatta \u00e7at\u0131rdamalar var. Davos&#8217;ta yap\u0131lan D\u00fcnya Ekonomi Forumu&#8217;nda da d\u00fcnya liderleri bunu a\u00e7\u0131k \u015fekilde itiraf etti. G\u00fcmr\u00fck vergisi sava\u015flar\u0131 ba\u015flad\u0131, ticaret sava\u015flar\u0131 ba\u015flad\u0131. Rekabet\u00e7ilikte ve fiyatlama davran\u0131\u015flar\u0131nda \u00e7ok \u00f6nemli de\u011fi\u015fiklikler ya\u015fan\u0131yor&#8221; dedi.<\/p>\n<p>T\u00fcrkiye&#8217;nin Bat\u0131&#8217;daki karma\u015fa ile Do\u011fu ve Uzak Do\u011fu&#8217;daki h\u0131zl\u0131 ilerleme aras\u0131nda bulundu\u011funu vurgulayan Bolat, &#8220;Biz bu tabloya g\u00f6re stratejilerimizi \u00e7iziyoruz ve s\u00fcrekli dinamik bir politika \u00fcretme s\u00fcreci i\u00e7inde hareket ediyoruz. Avrupa Birli\u011fi&#8217;nin Hindistan&#8217;la ve Mercosur \u00fclkeleriyle serbest ticaret anla\u015fmalar\u0131 \u00f6nemli geli\u015fmeler. Ancak unutulmamal\u0131 ki Avrupa Birli\u011fi&#8217;nin zaten 75 serbest ticaret anla\u015fmas\u0131 var. Bizimle de 30 y\u0131ld\u0131r g\u00fcmr\u00fck birli\u011fi mevcut ve bu s\u00fcre\u00e7ten \u00e7ok iyi \u015fekilde istifade ettik&#8221; ifadelerini kulland\u0131.<\/p>\n<p>\u0130hracat\u0131n T\u00fcrkiye ekonomisindeki kritik rol\u00fcne dikkat \u00e7eken Bolat, &#8220;2025 y\u0131l\u0131nda 396 milyar dolarl\u0131k mal ve hizmet ihracat\u0131yla y\u0131l\u0131 kapatt\u0131k. Mal ihracat\u0131nda 11,7 milyar dolarl\u0131k net art\u0131\u015f sa\u011flad\u0131k. \u0130hracat, b\u00fcy\u00fcmemizin en \u00f6nemli motorlar\u0131ndan biridir. G\u00f6reve geldi\u011fimden bu yana savunma sanayi ihracat\u0131m\u0131z neredeyse y\u00fczde 100 artt\u0131 ve 10 milyar 54 milyon dolara ula\u015ft\u0131. T\u00fcrk savunma sanayi \u00fcr\u00fcnleri gitti\u011fi her yerde kalite, teknoloji ve sa\u011flaml\u0131kla an\u0131l\u0131yor&#8221; dedi.<\/p>\n<p>Bolat, Ticaret Bakanl\u0131\u011f\u0131 olarak savunma sanayii ihracat\u00e7\u0131lar\u0131n\u0131 t\u00fcm destek mekanizmalar\u0131ndan faydaland\u0131rd\u0131klar\u0131n\u0131 vurgulayarak, &#8220;Orta y\u00fcksek ve y\u00fcksek teknolojili \u00fcr\u00fcnlerin toplam ihracattaki pay\u0131 y\u00fczde 43,5&#8217;e y\u00fckseldi. Bu tablo, ba\u015fard\u0131klar\u0131m\u0131zla iftihar etmemiz gerekti\u011fini g\u00f6steriyor&#8221; ifadelerini kulland\u0131.<\/p>\n<p>&#8220;2025&#8217;te ihracat y\u00fczde 48 art\u0131\u015fla 10,54 milyar dolara ula\u015ft\u0131&#8221;<\/p>\n<p>Savunma Sanayii Ba\u015fkan\u0131 Prof. Dr. Haluk G\u00f6rg\u00fcn ise &#8220;Savunma ve havac\u0131l\u0131k sanayii ihracat\u0131na genel bak\u0131\u015f&#8221; ba\u015fl\u0131kl\u0131 konu\u015fmas\u0131nda sekt\u00f6r\u00fcn ihracat performans\u0131n\u0131 ayr\u0131nt\u0131l\u0131 verilerle payla\u015ft\u0131.<\/p>\n<p>G\u00f6rg\u00fcn, b\u00f6lgesel da\u011f\u0131l\u0131ma ili\u015fkin \u015fu bilgileri verdi: <\/p>\n<p>&#8220;2025 y\u0131l\u0131nda savunma ve havac\u0131l\u0131k sanayii ihracat\u0131m\u0131z 10,54 milyar dolar seviyesine ula\u015fm\u0131\u015ft\u0131r. Bu rakam, bir \u00f6nceki y\u0131la g\u00f6re y\u00fczde 48&#8217;lik art\u0131\u015f anlam\u0131na geliyor. Avrupa&#8217;ya 4,3 milyar dolar, Orta Do\u011fu&#8217;ya 1,6 milyar dolar ihracat ger\u00e7ekle\u015ftirdik. En fazla ihracat yapt\u0131\u011f\u0131m\u0131z \u00fclkeler Amerika Birle\u015fik Devletleri, Birle\u015fik Krall\u0131k ve Slovakya oldu.&#8221;<\/p>\n<p>Savunma sanayiinin T\u00fcrkiye&#8217;nin toplam mal ihracat\u0131 i\u00e7indeki pay\u0131n\u0131n h\u0131zla artt\u0131\u011f\u0131n\u0131 belirten G\u00f6rg\u00fcn, &#8220;2022 y\u0131l\u0131nda bu oran y\u00fczde 1,7 iken, 2025 itibar\u0131yla y\u00fczde 3,6 seviyesine y\u00fckseldi. Uluslararas\u0131 endeksler de T\u00fcrkiye&#8217;nin savunma sanayiindeki y\u00fckseli\u015fini teyit ediyor. Yay\u0131nlanm\u0131\u015f verilere g\u00f6re T\u00fcrkiye, d\u00fcnyada son 10 y\u0131lda bir \u00f6nceki 10 y\u0131la oranla ihracat\u0131n\u0131 en \u00e7ok art\u0131ran \u00fclke olmu\u015ftur&#8221; diye konu\u015ftu.<\/p>\n<p>Hizmet ihracat\u0131na ili\u015fkin ilk kez veri topland\u0131\u011f\u0131n\u0131 da a\u00e7\u0131klayan G\u00f6rg\u00fcn, &#8220;2025 y\u0131l\u0131nda mal ihracat\u0131na ek olarak 184 milyon dolarl\u0131k hizmet ihracat\u0131 ger\u00e7ekle\u015ftirdi\u011fimizi tespit ettik. 2025 y\u0131l\u0131nda sekt\u00f6r\u00fcm\u00fcz, bir \u00f6nceki y\u0131la g\u00f6re y\u00fczde 79 art\u0131\u015fla toplam 17,9 milyar dolarl\u0131k yeni s\u00f6zle\u015fme imzalad\u0131. Bu s\u00f6zle\u015fmelerin \u00f6n\u00fcm\u00fczdeki y\u0131llarda teslimata d\u00f6n\u00fc\u015fmesiyle yeni ihracat rekorlar\u0131 g\u00f6rece\u011fiz. 2021 y\u0131l\u0131nda ki\u015fi ba\u015f\u0131na d\u00fc\u015fen ihracat cirosu 45 bin dolar seviyesindeydi. 2025&#8217;te bu rakam 100 bin dolara ula\u015ft\u0131. K\u00fcresel \u00f6l\u00e7ekte ihracat ba\u015far\u0131s\u0131 bulunan yabanc\u0131 \u015firketlerde ise bu rakam, ki\u015fi ba\u015f\u0131na yakla\u015f\u0131k 300 bin dolar civar\u0131ndad\u0131r. Bizim de verimli bir ihracat i\u00e7in, sekt\u00f6r ortalamas\u0131nda 300 bin dolar seviyesini yakalamam\u0131z gerekiyor&#8221; dedi.<\/p>\n<p>Sivil sekt\u00f6rlere a\u00e7\u0131l\u0131m\u0131n \u00f6nemine dikkat \u00e7eken G\u00f6rg\u00fcn, &#8220;Savunma sanayi firmalar\u0131n\u0131n sivil alandaki sat\u0131\u015f oranlar\u0131 k\u00fcresel \u00f6l\u00e7ekte y\u00fczde 50&#8217;ler seviyesinde. Biz de sekt\u00f6r olarak, sahip oldu\u011fumuz teknolojileri sivil pazarlara da \u00e7\u00f6z\u00fcm \u00fcretecek \u015fekilde \u00fcr\u00fcnle\u015ftirmeye daha fazla kafa yormal\u0131, strateji olu\u015fturmal\u0131 ve kaynak ay\u0131rmal\u0131y\u0131z&#8221; ifadelerini kulland\u0131.<\/p>\n<p>\u0130hracat \u015fampiyonlar\u0131na \u00f6d\u00fcl<\/p>\n<p>A\u00e7\u0131l\u0131\u015f konu\u015fmalar\u0131n\u0131n ard\u0131ndan d\u00fczenlenen Savunma ve Havac\u0131l\u0131kta 2025 \u0130hracat \u015eampiyonlar\u0131 \u00d6d\u00fcl T\u00f6reni&#8217;nde ba\u015far\u0131l\u0131 ihracat\u00e7\u0131lara \u00f6d\u00fclleri takdim edildi.<\/p>\n<p>Programa; Cumhurba\u015fkan\u0131 Yard\u0131mc\u0131s\u0131 Cevdet Y\u0131lmaz, Ticaret Bakan\u0131 \u00d6mer Bolat, Hazine ve Maliye Bakan\u0131 Mehmet \u015eim\u015fek, Antalya Valisi Hulusi \u015eahin, Savunma Sanayii Ba\u015fkan\u0131 Prof. Dr. Haluk G\u00f6rg\u00fcn, Savunma ve Havac\u0131l\u0131k Sanayii \u0130hracat\u00e7\u0131lar\u0131 Birli\u011fi Y\u00f6netim Kurulu Ba\u015fkan\u0131 Dr. Mehmet Demiro\u011flu, Antalya milletvekilleri ve \u00e7ok say\u0131da ihracat\u00e7\u0131 kat\u0131ld\u0131. &#8211; ANTALYA<\/p>\n","protected":false},"excerpt":{"rendered":"<p>Antalya&#8217;da d\u00fczenlenen Savunma ve Havac\u0131l\u0131k Sanayiinde K\u00fcresel Stratejiler Konferans\u0131&#8217;nda konu\u015fan Cumhurba\u015fkan\u0131 Yard\u0131mc\u0131s\u0131 Cevdet Y\u0131lmaz, T\u00fcrkiye&#8217;nin savunma sanayisinde \u00f6nemli bir d\u00f6n\u00fc\u015f\u00fcm ya\u015fad\u0131\u011f\u0131n\u0131 belirterek, &#8220;Ge\u00e7mi\u015fte param\u0131z\u0131 \u00f6dedi\u011fimiz halde bize sat\u0131lmayan \u00fcr\u00fcnleri bug\u00fcn d\u00fcnyan\u0131n d\u00f6rt&#8230;<\/p>\n","protected":false},"author":1,"featured_media":15345,"comment_status":"open","ping_status":"open","sticky":false,"template":"","format":"standard","meta":{"footnotes":""},"categories":[12],"tags":[437,396,1917,700,320],"class_list":["post-15344","post","type-post","status-publish","format-standard","has-post-thumbnail","hentry","category-siyaset","tag-dunya","tag-ihracat","tag-savunma-sanayi","tag-ulke","tag-yilmaz"],"_links":{"self":[{"href":"https:\/\/bihavadis.com\/index.php\/wp-json\/wp\/v2\/posts\/15344","targetHints":{"allow":["GET"]}}],"collection":[{"href":"https:\/\/bihavadis.com\/index.php\/wp-json\/wp\/v2\/posts"}],"about":[{"href":"https:\/\/bihavadis.com\/index.php\/wp-json\/wp\/v2\/types\/post"}],"author":[{"embeddable":true,"href":"https:\/\/bihavadis.com\/index.php\/wp-json\/wp\/v2\/users\/1"}],"replies":[{"embeddable":true,"href":"https:\/\/bihavadis.com\/index.php\/wp-json\/wp\/v2\/comments?post=15344"}],"version-history":[{"count":1,"href":"https:\/\/bihavadis.com\/index.php\/wp-json\/wp\/v2\/posts\/15344\/revisions"}],"predecessor-version":[{"id":15346,"href":"https:\/\/bihavadis.com\/index.php\/wp-json\/wp\/v2\/posts\/15344\/revisions\/15346"}],"wp:featuredmedia":[{"embeddable":true,"href":"https:\/\/bihavadis.com\/index.php\/wp-json\/wp\/v2\/media\/15345"}],"wp:attachment":[{"href":"https:\/\/bihavadis.com\/index.php\/wp-json\/wp\/v2\/media?parent=15344"}],"wp:term":[{"taxonomy":"category","embeddable":true,"href":"https:\/\/bihavadis.com\/index.php\/wp-json\/wp\/v2\/categories?post=15344"},{"taxonomy":"post_tag","embeddable":true,"href":"https:\/\/bihavadis.com\/index.php\/wp-json\/wp\/v2\/tags?post=15344"}],"curies":[{"name":"wp","href":"https:\/\/api.w.org\/{rel}","templated":true}]}}