{"id":15398,"date":"2026-02-04T16:33:06","date_gmt":"2026-02-04T16:33:06","guid":{"rendered":"https:\/\/bihavadis.com\/?p=15398"},"modified":"2026-02-04T16:33:06","modified_gmt":"2026-02-04T16:33:06","slug":"iran-disisleri-bakani-arakci-abd-ile-muzakereye-haziriz","status":"publish","type":"post","link":"https:\/\/bihavadis.com\/index.php\/2026\/02\/04\/iran-disisleri-bakani-arakci-abd-ile-muzakereye-haziriz\/","title":{"rendered":"\u0130ran D\u0131\u015fi\u015fleri Bakan\u0131 Arak\u00e7i: ABD ile m\u00fczakereye haz\u0131r\u0131z"},"content":{"rendered":"<p>D\u0131\u015fi\u015fleri Bakan\u0131 Hakan Fidan, \u0130stanbul&#8217;da \u0130ran D\u0131\u015fi\u015fleri Bakan\u0131 Abbas Arak\u00e7i ile \u0130stanbul&#8217;da bir araya geldi. B\u00f6lgesel ve ikili meselelerin ele al\u0131nd\u0131\u011f\u0131 g\u00f6r\u00fc\u015fmenin ard\u0131ndan iki bakan bas\u0131n toplant\u0131s\u0131 d\u00fczenledi.<\/p>\n<p><b>BAKAN F\u0130DAN: \u0130RAN&#8217;A Y\u00d6NEL\u0130K ASKER\u0130 M\u00dcDAHALEYE KAR\u015eIYIZ<\/b><\/p>\n<p>D\u0131\u015fi\u015fleri Bakan\u0131 Hakan Fidan bas\u0131n toplant\u0131s\u0131nda \u015fu a\u00e7\u0131klamalar\u0131 yapt\u0131; &#8220;\u0130ran&#8217;\u0131n huzuru hem bizim i\u00e7in hem de b\u00f6lge i\u00e7in \u00f6nemli. \u0130ran&#8217;a y\u00f6nelik bir askeri m\u00fcdahaleye kar\u015f\u0131y\u0131z. Sorunlar\u0131n \u00e7\u00f6z\u00fcm\u00fc i\u00e7in askeri m\u00fcdahaleye kar\u015f\u0131y\u0131z. Bunun sorunlar\u0131 \u00e7\u00f6zece\u011fini de sanm\u0131yoruz. Sorunlar m\u00fczakere ve diplomasi ile \u00e7\u00f6z\u00fclmeli. ABD ve \u0130ran&#8217;\u0131 m\u00fczakere masas\u0131na \u00e7a\u011f\u0131r\u0131yoruz. T\u00fcrkiye olarak, bar\u0131\u015f i\u00e7in elimizden geleni yapmaya haz\u0131r\u0131z. \u0130ran&#8217;\u0131n i\u00e7 meselelerine d\u0131\u015f m\u00fcdahale olmamal\u0131, geli\u015fmeleri yak\u0131ndan izliyoruz.&#8221;<\/p>\n<p><b>ARAK\u00c7\u0130: \u0130RAN B\u00dcT\u00dcN M\u00dcZAKERE S\u00dcRE\u00c7LER\u0130NE HAZIR<\/b><\/p>\n<p>Bakan Fidan&#8217;\u0131n ard\u0131ndan s\u00f6z alan \u0130ran D\u0131\u015fi\u015fleri Bakan\u0131 Abbas Arak\u00e7i ise Cumhurba\u015fkan\u0131 Erdo\u011fan&#8217;\u0131n da bug\u00fcn yapt\u0131\u011f\u0131 \u00e7a\u011fr\u0131ya yan\u0131t vererek &#8220;Biz T\u00fcrkiye ile hem fikiriz. B\u00f6lgede \u00e7at\u0131\u015fmalara ve y\u0131k\u0131c\u0131 geli\u015fmelere ili\u015fkin konu\u015ftuk. Bir \u00fclkenin sava\u015fa girmesi t\u00fcm b\u00f6lgede sava\u015f tehdidi do\u011furacakt\u0131r. \u0130ran ulusal \u00e7\u0131karlar\u0131 ve b\u00f6lge \u00e7\u0131karlar\u0131n\u0131 koruma taraf\u0131nday\u0131z. Tehditlere boyun e\u011fmeyece\u011fiz. \u0130ran b\u00fct\u00fcn m\u00fczakere s\u00fcre\u00e7lerine haz\u0131rd\u0131r. \u0130ran n\u00fckleer meseleler konusunda masaya oturmaya haz\u0131rd\u0131r. Her zaman n\u00fckleer m\u00fczakerelerin bar\u0131\u015f\u00e7\u0131l oldu\u011funu savunduk. M\u00fczakereler adil ve kar\u015f\u0131l\u0131kl\u0131 sayg\u0131 i\u00e7inde olursa ba\u015flamaya haz\u0131r\u0131z. <\/p>\n<p><b>&#8220;T\u00dcRK\u0130YE&#8217;YE EMEKLER\u0130 \u0130\u00c7\u0130N M\u0130NNETTARIZ&#8221;<\/b><\/p>\n<p>ABD iyi niyet g\u00f6stermiyor, \u0130ran m\u00fczakerelere haz\u0131r. B\u00f6lge \u00fclkeleri aras\u0131nda bar\u0131\u015f\u0131 sa\u011flamak ve \u00e7at\u0131\u015fmay\u0131 azaltmak i\u00e7in m\u00fczakereden yanay\u0131z. Gazze, Suriye, L\u00fcbnan, Irak konular\u0131 hakk\u0131nda konu\u015ftuk. Suriye&#8217;de toprak b\u00fct\u00fcnl\u00fc\u011f\u00fcnden yanay\u0131z. Suriye&#8217;nin dirli\u011fini ve birli\u011fini istiyoruz. Siyonist rejimin bitmesini istiyoruz. Bir an \u00f6nce Gazze&#8217;deki soyk\u0131r\u0131m\u0131n bitmesini ve insani yard\u0131mlar\u0131n ula\u015fmas\u0131n\u0131 istiyoruz. T\u00fcrkiye&#8217;ye bu konuda emekleri i\u00e7in minnettar\u0131z. Irak halk\u0131n\u0131n da istekleri dikkate al\u0131nmal\u0131d\u0131r. Adil bir se\u00e7im i\u00e7in tebrik ediyoruz. Bu \u00fclkenin hakimiyetini ihlal edecek zorbal\u0131\u011fa kar\u015f\u0131y\u0131z. L\u00fcbnan konusunda b\u00fct\u00fcn gruplar aras\u0131nda ulusal g\u00fcvenlik sa\u011flanmal\u0131d\u0131r. Bu diyalo\u011fun sonucunu destekliyoruz&#8221; diye konu\u015ftu.<\/p>\n<p><b>BASIN MENSUPLARININ SORULARI YANITLANDI<\/b><\/p>\n<p><strong>&#8220;Amerika&#8217;n\u0131n a\u00e7\u0131klamalar\u0131n\u0131 ve tehditlerini nas\u0131l de\u011ferlendiriyorsunuz?&#8221;<\/strong><\/p>\n<p><strong>Bakan Erak\u00e7i: <\/strong>ABD \u00e7eli\u015fkili konu\u015fuyor. Askeri sald\u0131r\u0131 bir se\u00e7enek de\u011fildir. Ge\u00e7en sefer bunu denediler ama ama\u00e7lar\u0131na ula\u015fmad\u0131lar. Bir taraftan tehdit ederken bir taraftan m\u00fczakere diyorlar. ABD h\u00fck\u00fcmeti farkl\u0131 arac\u0131larla defalarca m\u00fczakere talebinde bulundular. \u0130ran&#8217;\u0131n m\u00fczakere a\u00e7\u0131s\u0131ndan bir sorunu yok. Ancak m\u00fczakereye tehditle ba\u015flanmaz. \u0130nsafl\u0131 bir yakla\u015f\u0131mla m\u00fczakere edilirse \u0130ran hi\u00e7bir zaman diyalo\u011fu b\u0131rakmaz.<\/p>\n<p><strong>&#8220;Say\u0131n Bakan T\u00fcrkiye&#8217;nin arabuluculuk rol\u00fc kapsam\u0131nda ba\u015fkentlere hangi mesajlar\u0131 iletiyorsunuz?&#8221;<\/strong><\/p>\n<p><strong>Bakan Fidan:<\/strong> B\u00f6lgesel sava\u015flar\u0131n s\u00f6nd\u00fcr\u00fclmesi ve m\u00fcmk\u00fcnse yeni \u00e7at\u0131\u015fmalar\u0131n \u00e7\u0131kmamas\u0131. B\u00f6lgesel b\u00fct\u00fcn konularda ortaya koydu\u011fumuz tav\u0131r bu.<\/p>\n<p><strong>&#8220;Devrim Muhaf\u0131zlar\u0131&#8217;n\u0131 AB&#8217;nin ter\u00f6r \u00f6rg\u00fct\u00fc ilan etmesine ili\u015fkin g\u00f6r\u00fc\u015fleriniz nelerdir?&#8221;<\/strong><\/p>\n<p><strong>Bakan Erka\u00e7i:<\/strong> Sadece \u015funu diyebilirim. Avrupa&#8217;n\u0131n stratejik hatalar\u0131. \u00dcz\u00fcl\u00fcyorum bunun i\u00e7in. Maalesef AB d\u00fc\u015f\u00fc\u015fe y\u00f6nelik bir kurum haline gelmi\u015ftir; rol\u00fcn\u00fc kaybetmi\u015ftir. Hatta kendi \u00e7\u0131kar\u0131n\u0131 bile tam olarak g\u00f6remiyor. Onlar i\u00e7in yap\u0131lan \u015feyin k\u0131ymetini bilmiyorlar. Devrim Muhafizlar\u0131 d\u00fcnyay\u0131 \u00e7ok b\u00fcy\u00fck bir ter\u00f6r \u00f6rg\u00fct\u00fcnden kurtarm\u0131\u015ft\u0131r. Umuyorum ki yak\u0131n zamanda hatas\u0131n\u0131 fark edecektir.<\/p>\n<p><b>CUMHURBA\u015eKANI ERDO\u011eAN NE DEM\u0130\u015eT\u0130?<\/b><\/p>\n<p>Cumhurba\u015fkan\u0131 Erdo\u011fan, \u0130ran Cumhurba\u015fkan\u0131 Mesud Peze\u015fkiyan ile telefonla g\u00f6r\u00fc\u015ft\u00fc. G\u00f6r\u00fc\u015fmede T\u00fcrkiye-\u0130ran ikili ili\u015fkileri ile b\u00f6lgede t\u0131rmanan askeri gerilim ele al\u0131n\u0131rken, Erdo\u011fan &#8220;T\u00fcrkiye, \u0130ran ile ABD aras\u0131nda kolayla\u015ft\u0131r\u0131c\u0131 rol \u00fcstlenmeye haz\u0131r&#8221; mesaj\u0131n\u0131 verdi.<\/p>\n","protected":false},"excerpt":{"rendered":"<p>\u0130ran D\u0131\u015fi\u015fleri Bakan\u0131 Abbas Arak\u00e7i, b\u00f6lgesel ve ikili meseleleri g\u00f6r\u00fc\u015fmek \u00fczere T\u00fcrkiye&#8217;ye geldi. D\u0131\u015fi\u015fleri Bakan\u0131 Hakan Fidan ile g\u00f6r\u00fc\u015fen Arak\u00e7i bas\u0131n toplant\u0131s\u0131nda Cumhurba\u015fkan\u0131 Erdo\u011fan&#8217;\u0131n da \u00e7a\u011fr\u0131s\u0131na yan\u0131t vererek &#8220;ABD ile m\u00fczakereye haz\u0131r\u0131z&#8221; ifadelerini kulland\u0131.<\/p>\n","protected":false},"author":1,"featured_media":15399,"comment_status":"open","ping_status":"open","sticky":false,"template":"","format":"standard","meta":{"footnotes":""},"categories":[6],"tags":[436,510,1113,271,2597],"class_list":["post-15398","post","type-post","status-publish","format-standard","has-post-thumbnail","hentry","category-dunya","tag-bakan","tag-bolge","tag-hazir","tag-iran","tag-muzakere"],"_links":{"self":[{"href":"https:\/\/bihavadis.com\/index.php\/wp-json\/wp\/v2\/posts\/15398","targetHints":{"allow":["GET"]}}],"collection":[{"href":"https:\/\/bihavadis.com\/index.php\/wp-json\/wp\/v2\/posts"}],"about":[{"href":"https:\/\/bihavadis.com\/index.php\/wp-json\/wp\/v2\/types\/post"}],"author":[{"embeddable":true,"href":"https:\/\/bihavadis.com\/index.php\/wp-json\/wp\/v2\/users\/1"}],"replies":[{"embeddable":true,"href":"https:\/\/bihavadis.com\/index.php\/wp-json\/wp\/v2\/comments?post=15398"}],"version-history":[{"count":1,"href":"https:\/\/bihavadis.com\/index.php\/wp-json\/wp\/v2\/posts\/15398\/revisions"}],"predecessor-version":[{"id":15400,"href":"https:\/\/bihavadis.com\/index.php\/wp-json\/wp\/v2\/posts\/15398\/revisions\/15400"}],"wp:featuredmedia":[{"embeddable":true,"href":"https:\/\/bihavadis.com\/index.php\/wp-json\/wp\/v2\/media\/15399"}],"wp:attachment":[{"href":"https:\/\/bihavadis.com\/index.php\/wp-json\/wp\/v2\/media?parent=15398"}],"wp:term":[{"taxonomy":"category","embeddable":true,"href":"https:\/\/bihavadis.com\/index.php\/wp-json\/wp\/v2\/categories?post=15398"},{"taxonomy":"post_tag","embeddable":true,"href":"https:\/\/bihavadis.com\/index.php\/wp-json\/wp\/v2\/tags?post=15398"}],"curies":[{"name":"wp","href":"https:\/\/api.w.org\/{rel}","templated":true}]}}