{"id":15447,"date":"2026-02-04T17:15:09","date_gmt":"2026-02-04T17:15:09","guid":{"rendered":"https:\/\/bihavadis.com\/?p=15447"},"modified":"2026-02-04T17:15:09","modified_gmt":"2026-02-04T17:15:09","slug":"calisma-ve-sosyal-guvenlik-bakani-isikhan-orduda-toki-kura-cekilisinde-konustu-aciklamasi","status":"publish","type":"post","link":"https:\/\/bihavadis.com\/index.php\/2026\/02\/04\/calisma-ve-sosyal-guvenlik-bakani-isikhan-orduda-toki-kura-cekilisinde-konustu-aciklamasi\/","title":{"rendered":"\u00c7al\u0131\u015fma ve Sosyal G\u00fcvenlik Bakan\u0131 I\u015f\u0131khan, Ordu&#8217;da TOK\u0130 kura \u00e7ekili\u015finde konu\u015ftu A\u00e7\u0131klamas\u0131"},"content":{"rendered":"<p>\u00c7al\u0131\u015fma ve Sosyal G\u00fcvenlik Bakan\u0131 Vedat I\u015f\u0131khan, 500 Bin Sosyal Konut Projesi&#8217;nin T\u00fcrkiye&#8217;nin hem sosyal hem de kentsel d\u00f6n\u00fc\u015f\u00fcm tarihinde bug\u00fcne kadar at\u0131lm\u0131\u015f en b\u00fcy\u00fck ad\u0131mlardan biri oldu\u011funu belirtti.<\/p>\n<p>I\u015f\u0131khan, Ordu&#8217;da Atat\u00fcrk K\u00fclt\u00fcr Merkezi&#8217;nde &#8220;Y\u00fczy\u0131l\u0131n Konut Projesi&#8221; kapsam\u0131nda d\u00fczenlenen TOK\u0130 500 Bin Sosyal Konut Projesi Kura \u00c7ekili\u015fi&#8217;nde yapt\u0131\u011f\u0131 konu\u015fmada, &#8220;Ev Sahibi T\u00fcrkiye&#8221; diyerek yola \u00e7\u0131kt\u0131klar\u0131 konut seferberli\u011finde Ordu&#8217;da 3 bin 334 ki\u015fiyi ev sahibi yapacak kuralar\u0131n \u00e7ekili\u015fini ger\u00e7ekle\u015ftireceklerini s\u00f6yledi.<\/p>\n<p>Projenin hay\u0131rl\u0131 olmas\u0131n\u0131 dileyen I\u015f\u0131khan, &#8220;Say\u0131n Cumhurba\u015fkan\u0131m\u0131z\u0131n liderlik etti\u011fi T\u00fcrkiye Y\u00fczy\u0131l\u0131 vizyonumuz var. T\u00fcrkiye olarak art\u0131k bu vizyona tam anlam\u0131yla kilitlenmi\u015f durumday\u0131z. Hamdolsun ki bu hedefi gerek i\u00e7 politikada, gerekse d\u0131\u015f politikada, \u00e7al\u0131\u015fma hayat\u0131ndan ekonomiye, sa\u011fl\u0131ktan e\u011fitime, k\u00fclt\u00fcrden sosyal politikalara kadar her alanda kendimize mihenk olarak belirledik.&#8221; diye konu\u015ftu.<\/p>\n<p>I\u015f\u0131khan, Y\u00fczy\u0131l\u0131n Konut Projesi&#8217;nin b\u00f6yle bir akl\u0131n ve anlay\u0131\u015f\u0131n eseri oldu\u011funu anlatarak, &#8220;\u00dclkemiz i\u00e7in \u00f6nemli bir d\u00f6n\u00fcm noktas\u0131 olarak g\u00f6rd\u00fc\u011f\u00fcm\u00fcz 500 Bin Konut Projesi, T\u00fcrkiye&#8217;nin hem sosyal hem de kentsel d\u00f6n\u00fc\u015f\u00fcm tarihinde bug\u00fcne kadar at\u0131lm\u0131\u015f en b\u00fcy\u00fck ad\u0131m, hayata ge\u00e7irilmi\u015f en b\u00fcy\u00fck sosyal devlet projelerinden birisidir.&#8221; ifadelerini kulland\u0131.<\/p>\n<p>Toplumun huzuru, mutlulu\u011fu ve g\u00fcc\u00fcn\u00fcn, vatanda\u015flar\u0131n evlerinde ba\u015flad\u0131\u011f\u0131na i\u015faret eden I\u015f\u0131khan, \u015funlar\u0131 kaydetti: <\/p>\n<p>&#8220;Ev demek, aile, birlik, beraberlik, \u00fcretim, dayan\u0131\u015fma demektir. Bu \u015fuurla, T\u00fcrkiye&#8217;nin g\u00fcc\u00fc de \u00e7al\u0131\u015fan, \u00fcreten, ayn\u0131 \u00e7at\u0131 alt\u0131nda birbirine destek olan ve payla\u015fan insanlar\u0131ndan geliyor. Devletimiz, sosyal devlet anlay\u0131\u015f\u0131yla, devlet-millet i\u015fbirli\u011fine inanarak, ge\u00e7mi\u015ften bug\u00fcne bar\u0131nma gibi en temel ihtiya\u00e7lar hususunda hi\u00e7bir vatanda\u015f\u0131m\u0131z\u0131 ma\u011fdur etmemi\u015f, millete hizmet sevdas\u0131yla \u00e7al\u0131\u015fan kadrolar eliyle daima vatanda\u015f\u0131m\u0131z\u0131n yan\u0131nda olmu\u015ftur. H\u00fck\u00fcmetimizin \u00e7eyrek asra yakla\u015fan iktidar\u0131 boyunca Say\u0131n Cumhurba\u015fkan\u0131m\u0131z\u0131n liderli\u011finde, aziz milletimizin ve \u00fclkemizin menfaatleri i\u00e7in gece g\u00fcnd\u00fcz \u00e7al\u0131\u015ft\u0131k, \u00e7al\u0131\u015fmaya da devam ediyoruz.&#8221;<\/p>\n<p>Bakan I\u015f\u0131khan, bu \u00e7abay\u0131, \u00f6zveriyi ve gayreti en iyi Karadeniz&#8217;in \u00f6z\u00fc s\u00f6z\u00fc bir, mert ve vefal\u0131 insanlar\u0131n\u0131n bildi\u011fini dile getirerek, &#8220;Ordu&#8217;nun ge\u00e7mi\u015fini de bug\u00fcn\u00fcn\u00fc de en iyi sizler bilirsiniz. \u015eehrimize hangi hizmetleri kazand\u0131rd\u0131\u011f\u0131m\u0131za en yak\u0131n \u015fahit, sizlersiniz.&#8221; dedi.<\/p>\n<p>&#8220;\u015eehirlerimizi eskisinden \u00e7ok daha sa\u011flam, \u00e7ok daha modern p\u0131r\u0131l p\u0131r\u0131l evlerle donatt\u0131k&#8221;<\/p>\n<p>Bakan I\u015f\u0131khan, 6 \u015eubat depremlerinde 11 ilde b\u00fcy\u00fck y\u0131k\u0131m ya\u015fand\u0131\u011f\u0131n\u0131 hat\u0131rlatarak, \u015fu de\u011ferlendirmede bulundu: <\/p>\n<p>&#8220;Bize, &#8216;Bu facian\u0131n alt\u0131ndan kalkamazlar&#8217;, &#8216;Devlet bu enkaz\u0131n alt\u0131nda kal\u0131r, bu kadar b\u00fcy\u00fck bir y\u0131k\u0131m\u0131 aya\u011fa kald\u0131ramazlar&#8217; dediler. Peki biz ne yapt\u0131k? Daha birinci y\u0131l\u0131 dolmadan 11 ilimizin tamam\u0131n\u0131 d\u00fcnyan\u0131n en b\u00fcy\u00fck \u015fantiyesine \u00e7evirerek, evlerimizi, i\u015f yerlerimizi, binalar\u0131m\u0131z\u0131 bir bir aya\u011fa kald\u0131rmaya ba\u015flad\u0131k. \u015eehirlerimizi eskisinden \u00e7ok daha sa\u011flam, \u00e7ok daha modern p\u0131r\u0131l p\u0131r\u0131l evlerle donatt\u0131k. D\u00fcnyada e\u015fi benzeri g\u00f6r\u00fclmemi\u015f bir kenetlenmeyle, asr\u0131n felaketini, asr\u0131n dayan\u0131\u015fmas\u0131na ve yard\u0131mla\u015fmas\u0131na \u00e7evirdik. Hamdolsun, Rabb&#8217;imizin yard\u0131m\u0131, milletimizin duas\u0131, Say\u0131n Cumhurba\u015fkan\u0131m\u0131z ve millete hizmet sevdal\u0131s\u0131 yol arkada\u015flar\u0131 sayesinde depremin izlerini yava\u015f yava\u015f silmeye ba\u015flad\u0131k.&#8221;<\/p>\n<p>Konut seferberli\u011fiyle b\u00fct\u00fcn \u015fehirlerin \u00e7ehresi ve sosyal dokusunun yeni bir boyut kazanaca\u011f\u0131n\u0131 dile getiren I\u015f\u0131khan, ev sahibi olmak isteyen vatanda\u015flar\u0131n hem g\u00fcvenli hem de en uygun \u00f6deme kolayl\u0131\u011f\u0131yla yeni hanelerine kavu\u015faca\u011f\u0131n\u0131 ifade etti.<\/p>\n<p>I\u015f\u0131khan, bu heyecan\u0131n ve sevincin ya\u015fanmas\u0131na vesile olan Cumhurba\u015fkan\u0131 Erdo\u011fan&#8217;a, \u00c7evre, \u015eehircilik ve \u0130klim De\u011fi\u015fikli\u011fi Bakan\u0131 Murat Kurum&#8217;a, y\u0131llard\u0131r \u015fehirlerde adeta sessiz bir devrim ger\u00e7ekle\u015ftirerek, vatanda\u015flar\u0131 sa\u011flam ve g\u00fcvenli hanelere kavu\u015fturan TOK\u0130 Ba\u015fkanl\u0131\u011f\u0131na ve in\u015fa s\u00fcrecinde eme\u011fi ge\u00e7en t\u00fcm firmalara te\u015fekk\u00fcr etti.<\/p>\n<p>Kura sonucunda hak sahibi olacak vatanda\u015flar\u0131 tebrik eden I\u015f\u0131khan, aileleriyle sa\u011fl\u0131k ve huzur i\u00e7erisinde oturacaklar\u0131 konutlar\u0131n \u015fimdiden hay\u0131rl\u0131 olmas\u0131 temennisinde bulundu.<\/p>\n<p>\u00c7evre, \u015eehircilik ve \u0130klim De\u011fi\u015fikli\u011fi Bakan Yard\u0131mc\u0131s\u0131 Hasan Suver ise 6 \u015eubat depremlerinin ard\u0131ndan yap\u0131lan \u00e7al\u0131\u015fmalar\u0131 anlatarak, &#8220;Bu b\u00fcy\u00fck ba\u015far\u0131y\u0131 Say\u0131n Cumhurba\u015fkan\u0131m\u0131z\u0131n \u00f6nderli\u011finde ve say\u0131n Murat Kurum&#8217;un azimli ve gayretli \u00e7al\u0131\u015fmalar\u0131yla ger\u00e7ekle\u015ftirdik.&#8221; diye konu\u015ftu.<\/p>\n<p>Suver, TOK\u0130&#8217;nin \u015fu anda d\u00fcnyan\u0131n en say\u0131l\u0131 ve sayg\u0131n kurumlar\u0131 aras\u0131nda yer ald\u0131\u011f\u0131n\u0131 belirtti.<\/p>\n<p>???????Konu\u015fmalar\u0131n ard\u0131ndan Bakan I\u015f\u0131khan ve beraberindeki heyet, noter huzurunda TOK\u0130 konutlar\u0131n\u0131n kura \u00e7ekili\u015fi i\u00e7in butona bast\u0131.<\/p>\n<p>Programa, Vali Muammer Erol, AK Parti Ordu Milletvekilleri \u0130brahim Ufuk Kaynak ve Mustafa Hamarat, MHP Ordu Milletvekili Naci \u015eanl\u0131t\u00fcrk, TOK\u0130 Ba\u015fkan Yard\u0131mc\u0131s\u0131 Osman Diren\u00e7, il\u00e7e belediye ba\u015fkanlar\u0131 ve vatanda\u015flar kat\u0131ld\u0131.<\/p>\n<p>Bakan Vedat I\u015f\u0131khan, programlar\u0131 kapsam\u0131nda Vali Muammer Erol&#8217;u da makam\u0131nda ziyaret etti.<\/p>\n","protected":false},"excerpt":{"rendered":"<p>\u00c7al\u0131\u015fma ve Sosyal G\u00fcvenlik Bakan\u0131 Vedat I\u015f\u0131khan, 500 Bin Sosyal Konut Projesi&#8217;nin T\u00fcrkiye&#8217;nin hem sosyal hem de kentsel d\u00f6n\u00fc\u015f\u00fcm tarihinde bug\u00fcne kadar at\u0131lm\u0131\u015f en b\u00fcy\u00fck ad\u0131mlardan biri oldu\u011funu belirtti.<\/p>\n","protected":false},"author":1,"featured_media":15448,"comment_status":"open","ping_status":"open","sticky":false,"template":"","format":"standard","meta":{"footnotes":""},"categories":[12],"tags":[436,3036,172,197,1135],"class_list":["post-15447","post","type-post","status-publish","format-standard","has-post-thumbnail","hentry","category-siyaset","tag-bakan","tag-isikhan","tag-sosyal","tag-turkiye","tag-vatandaslar"],"_links":{"self":[{"href":"https:\/\/bihavadis.com\/index.php\/wp-json\/wp\/v2\/posts\/15447","targetHints":{"allow":["GET"]}}],"collection":[{"href":"https:\/\/bihavadis.com\/index.php\/wp-json\/wp\/v2\/posts"}],"about":[{"href":"https:\/\/bihavadis.com\/index.php\/wp-json\/wp\/v2\/types\/post"}],"author":[{"embeddable":true,"href":"https:\/\/bihavadis.com\/index.php\/wp-json\/wp\/v2\/users\/1"}],"replies":[{"embeddable":true,"href":"https:\/\/bihavadis.com\/index.php\/wp-json\/wp\/v2\/comments?post=15447"}],"version-history":[{"count":1,"href":"https:\/\/bihavadis.com\/index.php\/wp-json\/wp\/v2\/posts\/15447\/revisions"}],"predecessor-version":[{"id":15449,"href":"https:\/\/bihavadis.com\/index.php\/wp-json\/wp\/v2\/posts\/15447\/revisions\/15449"}],"wp:featuredmedia":[{"embeddable":true,"href":"https:\/\/bihavadis.com\/index.php\/wp-json\/wp\/v2\/media\/15448"}],"wp:attachment":[{"href":"https:\/\/bihavadis.com\/index.php\/wp-json\/wp\/v2\/media?parent=15447"}],"wp:term":[{"taxonomy":"category","embeddable":true,"href":"https:\/\/bihavadis.com\/index.php\/wp-json\/wp\/v2\/categories?post=15447"},{"taxonomy":"post_tag","embeddable":true,"href":"https:\/\/bihavadis.com\/index.php\/wp-json\/wp\/v2\/tags?post=15447"}],"curies":[{"name":"wp","href":"https:\/\/api.w.org\/{rel}","templated":true}]}}