{"id":15468,"date":"2026-02-04T17:30:15","date_gmt":"2026-02-04T17:30:15","guid":{"rendered":"https:\/\/bihavadis.com\/?p=15468"},"modified":"2026-02-04T17:30:15","modified_gmt":"2026-02-04T17:30:15","slug":"bursada-sokak-ortasinda-yasanan-cinayete-iliskin-yeni-goruntuler-ortaya-cikti","status":"publish","type":"post","link":"https:\/\/bihavadis.com\/index.php\/2026\/02\/04\/bursada-sokak-ortasinda-yasanan-cinayete-iliskin-yeni-goruntuler-ortaya-cikti\/","title":{"rendered":"Bursa&#8217;da sokak ortas\u0131nda ya\u015fanan cinayete ili\u015fkin yeni g\u00f6r\u00fcnt\u00fcler ortaya \u00e7\u0131kt\u0131"},"content":{"rendered":"<p>Bursa&#8217;n\u0131n\u00a0\u0130neg\u00f6l il\u00e7esinde ya\u015fanan cinayette yeni geli\u015fme&#8230;<\/p>\n<p>Adem \u00dc. isimli \u015fah\u0131s husumetlisi oldu\u011fu kay\u0131nbabas\u0131 Ahmet Kalkanc\u0131 ve kay\u0131nbiraderi Halil Can Kalkanc\u0131&#8217;ya elindeki tabancayla defalarca ate\u015f etti.<\/p>\n<p>\u015e\u00fcphelinin tabancas\u0131ndan \u00e7\u0131kan mermiler kay\u0131nbabas\u0131n\u0131n karn\u0131na, kay\u0131nbiraderinin ise sol baca\u011f\u0131na isabet etti.<\/p>\n<p>Tabancadan \u00e7\u0131kan mermiler i\u015f yerlerine ve ara\u00e7lara da isabet etti.<\/p>\n<p><strong>KAYINBABA KURTARILMADI<\/strong><\/p>\n<p>\u015e\u00fcpheli ko\u015farak ka\u00e7arken, yaral\u0131lar olay yerine sevk edilen ambulanslarla \u0130neg\u00f6l Devlet Hastanesi&#8217;ne kald\u0131r\u0131ld\u0131.<\/p>\n<p>Ahmet Kalkanc\u0131 yap\u0131lan t\u00fcm m\u00fcdahalelere ra\u011fmen kurtar\u0131lamad\u0131.<\/p>\n<p><img decoding=\"async\" src=\"https:\/\/bihavadis.com\/wp-content\/uploads\/2026\/02\/bursada-sokak-ortasinda-yasanan-cinayete-iliskin-yeni-goruntuler-ortaya-cikti-0-2cTeuH8A.jpg\"\/><\/p>\n<p><strong>MEVL\u0130T KAVGASI <\/strong><\/p>\n<p>Adem \u00dc.&#8217;n\u00fcn 5 sene \u00f6nce kanser nedeniyle vefat eden e\u015fi T\u00fcrkan \u00dc.&#8217;n\u00fcn mevlit merasimine yak\u0131nlar\u0131n\u0131 \u00e7a\u011f\u0131rmad\u0131\u011f\u0131n\u0131 iddia etti\u011fi kay\u0131nbabas\u0131yla tart\u0131\u015fma sonucu olay\u0131n ya\u015fand\u0131\u011f\u0131 \u00f6\u011frenildi.<\/p>\n<p><img decoding=\"async\" src=\"https:\/\/bihavadis.com\/wp-content\/uploads\/2026\/02\/bursada-sokak-ortasinda-yasanan-cinayete-iliskin-yeni-goruntuler-ortaya-cikti-1-Z38L2VE9.jpg\"\/><\/p>\n<p><strong>C\u0130NAYET ANI KAMERAYA YANSIDI<\/strong><\/p>\n<p>Ya\u015fanan silahl\u0131 sald\u0131r\u0131 bir i\u015f yerinin g\u00fcvenlik kameras\u0131na saniye saniye yans\u0131d\u0131.<\/p>\n<p>G\u00f6r\u00fcnt\u00fclerde Adem \u00dc.&#8217;n\u00fcn kay\u0131nbabas\u0131na ate\u015f etti\u011fi ve merminin isabet etti\u011fi Ahmet Kalkanc\u0131&#8217;n\u0131n yere y\u0131\u011f\u0131ld\u0131\u011f\u0131 anlar yer ald\u0131.<\/p>\n<p><img decoding=\"async\" src=\"https:\/\/bihavadis.com\/wp-content\/uploads\/2026\/02\/bursada-sokak-ortasinda-yasanan-cinayete-iliskin-yeni-goruntuler-ortaya-cikti-2-IjNkny2Y.jpg\"\/><\/p>\n<p><strong>YEN\u0130 G\u00d6R\u00dcNT\u00dcLER ORTAYA \u00c7IKTI<\/strong><\/p>\n<p>\u00d6te yandan Adem \u00dc.&#8217;n\u00fcn silahla kay\u0131nbabas\u0131 ve kay\u0131nbiraderine ate\u015f etti\u011fi anlar\u0131n yeni g\u00f6r\u00fcnt\u00fcleri ortaya \u00e7\u0131kt\u0131.<\/p>\n<p>G\u00f6r\u00fcnt\u00fclerde Adem \u00dc.&#8217;n\u00fcn tart\u0131\u015ft\u0131\u011f\u0131 kay\u0131nbiraderinin bacaklar\u0131na ate\u015f etti\u011fi, olaya m\u00fcdahale eden kay\u0131nbabas\u0131na ise ka\u00e7arken ate\u015f etti\u011fi anlar yer ald\u0131.<\/p>\n","protected":false},"excerpt":{"rendered":"<p>\u0130neg\u00f6l il\u00e7esinde Adem \u00dc. isimli \u015fah\u0131s husumetlisi oldu\u011fu kay\u0131nbabas\u0131 Ahmet Kalkanc\u0131&#8217;y\u0131 sokak ortas\u0131nda vurarak \u00f6ld\u00fcrd\u00fc. Olaya ili\u015fkin ortaya \u00e7\u0131kan yeni g\u00f6r\u00fcnt\u00fclerde Kalkanc\u0131&#8217;n\u0131n karn\u0131ndan vuruldu\u011fu anlar yer ald\u0131.<\/p>\n","protected":false},"author":1,"featured_media":15469,"comment_status":"open","ping_status":"open","sticky":false,"template":"","format":"standard","meta":{"footnotes":""},"categories":[4,13],"tags":[389,1469],"class_list":["post-15468","post","type-post","status-publish","format-standard","has-post-thumbnail","hentry","category-gundem","category-son-dakika","tag-ates","tag-ettigi"],"_links":{"self":[{"href":"https:\/\/bihavadis.com\/index.php\/wp-json\/wp\/v2\/posts\/15468","targetHints":{"allow":["GET"]}}],"collection":[{"href":"https:\/\/bihavadis.com\/index.php\/wp-json\/wp\/v2\/posts"}],"about":[{"href":"https:\/\/bihavadis.com\/index.php\/wp-json\/wp\/v2\/types\/post"}],"author":[{"embeddable":true,"href":"https:\/\/bihavadis.com\/index.php\/wp-json\/wp\/v2\/users\/1"}],"replies":[{"embeddable":true,"href":"https:\/\/bihavadis.com\/index.php\/wp-json\/wp\/v2\/comments?post=15468"}],"version-history":[{"count":1,"href":"https:\/\/bihavadis.com\/index.php\/wp-json\/wp\/v2\/posts\/15468\/revisions"}],"predecessor-version":[{"id":15473,"href":"https:\/\/bihavadis.com\/index.php\/wp-json\/wp\/v2\/posts\/15468\/revisions\/15473"}],"wp:featuredmedia":[{"embeddable":true,"href":"https:\/\/bihavadis.com\/index.php\/wp-json\/wp\/v2\/media\/15469"}],"wp:attachment":[{"href":"https:\/\/bihavadis.com\/index.php\/wp-json\/wp\/v2\/media?parent=15468"}],"wp:term":[{"taxonomy":"category","embeddable":true,"href":"https:\/\/bihavadis.com\/index.php\/wp-json\/wp\/v2\/categories?post=15468"},{"taxonomy":"post_tag","embeddable":true,"href":"https:\/\/bihavadis.com\/index.php\/wp-json\/wp\/v2\/tags?post=15468"}],"curies":[{"name":"wp","href":"https:\/\/api.w.org\/{rel}","templated":true}]}}