{"id":15483,"date":"2026-02-04T17:45:15","date_gmt":"2026-02-04T17:45:15","guid":{"rendered":"https:\/\/bihavadis.com\/?p=15483"},"modified":"2026-02-04T17:45:15","modified_gmt":"2026-02-04T17:45:15","slug":"gaziantepte-esinin-dovdugu-kadin-feryat-etti","status":"publish","type":"post","link":"https:\/\/bihavadis.com\/index.php\/2026\/02\/04\/gaziantepte-esinin-dovdugu-kadin-feryat-etti\/","title":{"rendered":"Gaziantep&#8217;te e\u015finin d\u00f6vd\u00fc\u011f\u00fc kad\u0131n feryat etti"},"content":{"rendered":"<p>Gaziantep Zeytinli Mahallesi\u2019nde Nazl\u0131 Yavuz, \u015fiddetli ge\u00e7imsizlik nedeniyle e\u015fi Feyzullah Yavuz\u2019dan bo\u015fanmak i\u00e7in ba\u015fvuru yapt\u0131.<\/p>\n<p>Feyzullah Yavuz, karar\u0131ndan vazge\u00e7mesi ve ba\u015fvurusunu geri \u00e7ekmesi i\u00e7in daha \u00f6nce de \u015fiddet uygulad\u0131\u011f\u0131 e\u015fini adliyeye g\u00f6t\u00fcrmek istedi.<\/p>\n<p>Bu s\u0131rada \u00e7ift aras\u0131nda tart\u0131\u015fma \u00e7\u0131kt\u0131, Feyzullah Yavuz, kald\u0131r\u0131m ta\u015f\u0131yla e\u015finin ba\u015f\u0131na vurdu.<\/p>\n<p>\u0130hbar \u00fczerine olay yerine polis ekipleri sevk edildi.<\/p>\n<p>Feyzullah Yavuz g\u00f6zalt\u0131na al\u0131n\u0131rken, Nazl\u0131 Yavuz ise Gaziantep \u00dcniversitesi \u015eahinbey Ara\u015ft\u0131rma ve Uygulama Hastanesi\u2019ne kald\u0131r\u0131ld\u0131.<\/p>\n<p><strong>YO\u011eUN BAKIMDA TEDAV\u0130 G\u00d6RD\u00dc<\/strong><\/p>\n<p>Yo\u011fun bak\u0131m \u00fcnitesinde tedaviye al\u0131nan Yavuz\u2019un kafatas\u0131nda ve burnunda k\u0131r\u0131k tespit edildi. G\u00f6rme kayb\u0131 da ya\u015fayan gen\u00e7 kad\u0131n, tutuklanarak cezaevine g\u00f6nderilen kocas\u0131na en a\u011f\u0131r cezan\u0131n verilmesini istedi.<\/p>\n<p>Feyzullah Yavuz ise emniyetteki i\u015flemlerinin ard\u0131ndan sevk edildi\u011fi adliyede \u00e7\u0131kar\u0131ld\u0131\u011f\u0131 mahkemede tutuklanarak cezaevine g\u00f6nderildi.<\/p>\n<p><img decoding=\"async\" src=\"https:\/\/bihavadis.com\/wp-content\/uploads\/2026\/02\/gaziantepte-esinin-dovdugu-kadin-feryat-etti-0-r9JBukqI.jpg\"\/><\/p>\n<p><strong>&#8220;D\u00dcZELD\u0130M ARTIK D\u0130YE ISRAR ETT\u0130 EVE D\u00d6ND\u00dcM&#8221;<\/strong><\/p>\n<p>Ya\u015fad\u0131klar\u0131n\u0131 anlatan Nazl\u0131 Yavuz, e\u015fini \u015fikayetin ard\u0131ndan kad\u0131n s\u0131\u011f\u0131nma evine gitti\u011fini ve birka\u00e7 ay orada ya\u015fad\u0131ktan sonra e\u015finin \u0131srar\u0131 \u00fczerine tekrar d\u00f6nmek zorunda kald\u0131\u011f\u0131n\u0131 s\u00f6yledi.<\/p>\n<p>Eve d\u00f6nd\u00fckten sonra da bask\u0131 ve \u015fiddet olaylar\u0131n\u0131n devam etti\u011fini s\u00f6yleyen Nazl\u0131 Yavuz, <em><b>\u201cE\u015fimle 3 ay \u00f6nce tart\u0131\u015fm\u0131\u015ft\u0131m. \u015eikayet\u00e7i olmu\u015ftum. Sonra kad\u0131n s\u0131\u011f\u0131nma evine s\u0131\u011f\u0131nd\u0131m. Birka\u00e7 ay orda kald\u0131m 3 \u00e7ocu\u011fumla birlikte. <\/b><\/em><\/p>\n<p><em><b>E\u015fim o s\u00fcre\u00e7te \u00e7ok \u0131srarc\u0131 oldu bir daha eskisi gibi olmayaca\u011f\u0131m seni d\u00f6vmeyece\u011fim deyince benim de ba\u015fka \u00e7arem olmad\u0131\u011f\u0131 i\u00e7in geldim. <\/b><\/em><\/p>\n<p><em><b>Ayakta duracak g\u00fcc\u00fcm yoktu. O olaydan sonra 3 ay birlikte ya\u015fad\u0131k ayn\u0131 evde. Bana s\u00fcrekli bask\u0131 yapt\u0131. Eve gel ama yine \u015fikayetini \u00e7ekme demi\u015fti. Bende \u015fikayetimi \u00e7ekmedim bu y\u00fczden \u00e7ok bask\u0131 yapt\u0131<\/b><\/em>\u201d dedi.<\/p>\n<p><img decoding=\"async\" src=\"https:\/\/bihavadis.com\/wp-content\/uploads\/2026\/02\/gaziantepte-esinin-dovdugu-kadin-feryat-etti-1-gsRUhyrU.jpg\"\/><\/p>\n<p><strong>&#8220;SA\u011e G\u00d6Z\u00dcMDE G\u00d6RME KAYBI VAR&#8221;<\/strong><\/p>\n<p>Nazl\u0131 Yavuz, \u00e7ocuklar\u0131n\u0131n 2 tanesinin babas\u0131n\u0131n ailesinin yan\u0131nda oldu\u011funu ve \u00e7ocuklar\u0131 al\u0131p kendi ayaklar\u0131 \u00fczerinde durmak istedi\u011fini s\u00f6yledi.<\/p>\n<p>Sa\u011fl\u0131k durumunun iyi olmad\u0131\u011f\u0131n\u0131 ve tedavi s\u00fcrecinin de uzun y\u0131llar s\u00fcrece\u011fini s\u00f6yleyen Yavuz, sa\u011f g\u00f6z\u00fcnde g\u00f6rme kayb\u0131 oldu\u011funu ifade ederek, <em><b>\u201cSa\u011f g\u00f6z\u00fcmde g\u00f6rme kayb\u0131m var. Burnum k\u0131r\u0131k. \u00c7enemde yamukluk olu\u015ftu. Kafamda k\u0131r\u0131k var. G\u00f6z\u00fcm\u00fcn alt\u0131nda k\u0131r\u0131k var. <\/b><\/em><\/p>\n<p><em><b>Elmac\u0131k kemi\u011fim da\u011f\u0131lm\u0131\u015f durumda. Tedavim \u00e7ok uzun y\u0131llar s\u00fcrecek. G\u00f6z\u00fcm g\u00f6remeyebilir. \u00c7ocuklar\u0131m\u0131n \u015fu anda 2\u2019si onlar\u0131n yan\u0131nda. <\/b><\/em><\/p>\n<p><em><b>Bir tanesi benim yan\u0131mda onlara iyi davrand\u0131klar\u0131n\u0131 da d\u00fc\u015f\u00fcnm\u00fcyorum. \u00c7ocuklar\u0131m\u0131 almak istiyorum. \u00c7ocuklar\u0131m\u0131 al\u0131p kendime yeni bir hayat kurmak istiyorum<\/b><\/em>\u201d dedi.<\/p>\n<p><img decoding=\"async\" src=\"https:\/\/bihavadis.com\/wp-content\/uploads\/2026\/02\/gaziantepte-esinin-dovdugu-kadin-feryat-etti-2-vpKaPAPs.jpg\"\/><\/p>\n<p><strong>&#8220;YARDIM \u0130ST\u0130YORUM&#8221;<\/strong><\/p>\n<p>Nazl\u0131 Yavuz, yetkililere \u00e7a\u011fr\u0131da bulunarak, <em><b>\u201cBir g\u00fcn \u00e7ocu\u011fu sosyal tesise g\u00f6t\u00fcrd\u00fck, \u00e7\u0131kt\u0131k arabay\u0131 farkl\u0131 bir yere s\u00fcrd\u00fc. \u00c7ok sinirliydi. \u2018\u015eikayetini ne zaman \u00e7ekeceksin\u2019 dedi. \u2018Sen bana \u00e7ok k\u00f6t\u00fc davran\u0131yorsun\u2019, dedim. <\/b><\/em><\/p>\n<p><em><b>\u2018Senin burnunu k\u0131rar\u0131m, surat\u0131n\u0131 da\u011f\u0131t\u0131r\u0131m burada\u2019 dedi. K\u0131rm\u0131z\u0131 \u0131\u015f\u0131k yand\u0131 beni yine d\u00f6vecek diye arabadan indim ka\u00e7t\u0131m. O da pe\u015fimden geldi. Yan\u0131mdaki bebe\u011fimi ald\u0131 arabaya koydu, tekrar beni arabayla takip etti. Toprakl\u0131k bir alana ka\u00e7t\u0131m takip etmesin diye.<\/b><\/em><\/p>\n<p><em><b> Karde\u015fimi ar\u0131yordum o s\u0131rada tekme ile surat\u0131ma vurunca ben yere d\u00fc\u015ft\u00fcm. \u00dczerime gelip oturdu. Eline ald\u0131\u011f\u0131 ta\u015fla surat\u0131ma defalarca vurdu. Her yerimi kan i\u00e7inde b\u0131rakt\u0131.<\/b><\/em><\/p>\n<p><em><b> Oradan ge\u00e7en bir vatanda\u015f olmasayd\u0131 beni \u00f6ld\u00fcrecekti. \u2018Ben hapse gireceksem sen de mezara gireceksin sana bu d\u00fcnyada huzur yok\u2019 dedi. \u00c7ocuklar\u0131m bana bunu ya\u015fat\u0131rken arabadan g\u00f6rd\u00fcler. Devletimden milletimden yard\u0131m istiyorum.<\/b><\/em><\/p>\n<p><em><b> Ayaklar\u0131m \u00fczerinde dursayd\u0131m o adama d\u00f6nmezdim. Bu adam hapisten \u00e7\u0131kmas\u0131n. \u00c7\u0131karsa yar\u0131m b\u0131rakt\u0131\u011f\u0131 i\u015fi yapacak beni \u00f6ld\u00fcrecektir. \u2018Ben yar\u0131m b\u0131rakmam gelir seni \u00f6ld\u00fcr\u00fcr\u00fcm\u2019 dedi<\/b><\/em>\u201d diye konu\u015ftu.<\/p>\n<p>\u00d6te yandan Kad\u0131n Cinayetlerini Durdurma Platformu temsilcileri ise Nazl\u0131 Yavuz&#8217;un ya\u015fad\u0131\u011f\u0131 evin \u00f6n\u00fcnde a\u00e7\u0131klama yaparak kad\u0131n cinayetlerinin durdurulmas\u0131 i\u00e7in yetkililere seslendi.<\/p>\n<p><img decoding=\"async\" src=\"https:\/\/bihavadis.com\/wp-content\/uploads\/2026\/02\/gaziantepte-esinin-dovdugu-kadin-feryat-etti-3-ix9WlfZ5.jpg\"\/><\/p>\n","protected":false},"excerpt":{"rendered":"<p>E\u015fi Feyzullah Yavuz taraf\u0131ndan kald\u0131r\u0131m ta\u015f\u0131 ile darbedilen Nazl\u0131 Yavuz \u201cDevletimden milletimden yard\u0131m istiyorum. Ayaklar\u0131m \u00fczerinde dursayd\u0131m o adama d\u00f6nmezdim. Bu adam hapisten \u00e7\u0131kmas\u0131n. \u00c7\u0131karsa yar\u0131m b\u0131rakt\u0131\u011f\u0131 i\u015fi yapacak beni \u00f6ld\u00fcrecektir\u201d dedi.<\/p>\n","protected":false},"author":1,"featured_media":15484,"comment_status":"open","ping_status":"open","sticky":false,"template":"","format":"standard","meta":{"footnotes":""},"categories":[4,13],"tags":[3044,3037,380,3043,1928],"class_list":["post-15483","post","type-post","status-publish","format-standard","has-post-thumbnail","hentry","category-gundem","category-son-dakika","tag-feyzullah-yavuz","tag-gel","tag-kadin","tag-nazli-yavuz","tag-sen"],"_links":{"self":[{"href":"https:\/\/bihavadis.com\/index.php\/wp-json\/wp\/v2\/posts\/15483","targetHints":{"allow":["GET"]}}],"collection":[{"href":"https:\/\/bihavadis.com\/index.php\/wp-json\/wp\/v2\/posts"}],"about":[{"href":"https:\/\/bihavadis.com\/index.php\/wp-json\/wp\/v2\/types\/post"}],"author":[{"embeddable":true,"href":"https:\/\/bihavadis.com\/index.php\/wp-json\/wp\/v2\/users\/1"}],"replies":[{"embeddable":true,"href":"https:\/\/bihavadis.com\/index.php\/wp-json\/wp\/v2\/comments?post=15483"}],"version-history":[{"count":1,"href":"https:\/\/bihavadis.com\/index.php\/wp-json\/wp\/v2\/posts\/15483\/revisions"}],"predecessor-version":[{"id":15489,"href":"https:\/\/bihavadis.com\/index.php\/wp-json\/wp\/v2\/posts\/15483\/revisions\/15489"}],"wp:featuredmedia":[{"embeddable":true,"href":"https:\/\/bihavadis.com\/index.php\/wp-json\/wp\/v2\/media\/15484"}],"wp:attachment":[{"href":"https:\/\/bihavadis.com\/index.php\/wp-json\/wp\/v2\/media?parent=15483"}],"wp:term":[{"taxonomy":"category","embeddable":true,"href":"https:\/\/bihavadis.com\/index.php\/wp-json\/wp\/v2\/categories?post=15483"},{"taxonomy":"post_tag","embeddable":true,"href":"https:\/\/bihavadis.com\/index.php\/wp-json\/wp\/v2\/tags?post=15483"}],"curies":[{"name":"wp","href":"https:\/\/api.w.org\/{rel}","templated":true}]}}