{"id":15490,"date":"2026-02-04T17:48:08","date_gmt":"2026-02-04T17:48:08","guid":{"rendered":"https:\/\/bihavadis.com\/?p=15490"},"modified":"2026-02-04T17:48:08","modified_gmt":"2026-02-04T17:48:08","slug":"turkiye-ab-iliskilerinde-yeni-adimlar","status":"publish","type":"post","link":"https:\/\/bihavadis.com\/index.php\/2026\/02\/04\/turkiye-ab-iliskilerinde-yeni-adimlar\/","title":{"rendered":"T\u00fcrkiye-AB \u0130li\u015fkilerinde Yeni Ad\u0131mlar"},"content":{"rendered":"<p>T\u00dcRK\u0130YE-AB: Diyalogdan Aksiyona AB Liderlerine A\u00e7\u0131k Mektup Bas\u0131n Bulu\u015fmas\u0131 program\u0131nda konu\u015fan DE\u0130K Ba\u015fkan\u0131 Nail Olpak, &#8220;Anla\u015fma imzalan\u0131rken biz masada taraf olam\u0131yoruz ama anla\u015fman\u0131n sonu\u00e7lar\u0131ndan bizzat etkilenen konumday\u0131z. AB&#8217;nin STA imzalad\u0131\u011f\u0131 \u00fclke say\u0131s\u0131 85 oluyor. Bu ciddi bir \u015fekilde bizim \u00fczerinde d\u00fc\u015f\u00fcnmemiz gereken konulardan. Bizim en \u00f6nemli fonksiyonlar\u0131m\u0131zdan birisi, siyaset\u00e7ilerin siyaseten s\u00f6ylemek istemedikleri ya da zorland\u0131klar\u0131 alanlarda i\u015f d\u00fcnyas\u0131 olarak daha aktif olmaya \u00e7al\u0131\u015fmak. Bir\u00e7ok AB \u00fclkesi anlatt\u0131klar\u0131m\u0131z konusunda bizimle hemfikir. Ama zannederim veya biz \u00f6yle anl\u0131yoruz, bizim de onlar\u0131 destekleyici arg\u00fcmanlar\u0131 net bir \u015fekilde sadece bug\u00fcnk\u00fc toplant\u0131 ya da ilan\u0131m\u0131zla da kalmayaca\u011f\u0131z. Biz Avrupa&#8217;n\u0131n farkl\u0131 noktalar\u0131nda o kap\u0131lar\u0131 a\u015f\u0131nd\u0131rmaya, 2-3 ay \u00f6nce yapt\u0131\u011f\u0131m\u0131z Br\u00fcksel toplant\u0131s\u0131 dahil olmak \u00fczere devam edece\u011fiz&#8221; dedi. <\/p>\n<p>D\u0131\u015f Ekonomik \u0130li\u015fkiler Kurulu (DE\u0130K) T\u00fcrkiye-Avrupa \u0130\u015f Konseyleri, Avrupa Birli\u011fi (AB) liderlerine &#8220;T\u00fcrkiye&#8217;nin AB \u00fcyeli\u011finin \u00f6n\u00fcn\u00fcn a\u00e7\u0131lmas\u0131, G\u00fcmr\u00fck Birli\u011fi&#8217;nin g\u00fcncellenmesi ve i\u015fbirli\u011finin g\u00fc\u00e7lendirilmesi&#8221; \u00e7a\u011fr\u0131lar\u0131n\u0131n yer ald\u0131\u011f\u0131 mektup g\u00f6nderdi. DE\u0130K T\u00fcrkiye-Avrupa \u0130\u015f Konseyleri taraf\u0131ndan haz\u0131rlanan ve T\u00fcrk i\u015f d\u00fcnyas\u0131n\u0131n taleplerinin bulundu\u011fu mektup, 26 AB \u00fcyesi \u00fclkenin i\u015f konseyi ba\u015fkan\u0131n\u0131n imzas\u0131yla AB liderlerine g\u00f6nderildi. Yar\u0131n Financial Times&#8217;ta da yay\u0131mlanacak mektuba ve s\u00fcrece ili\u015fkin \u0130stanbul&#8217;da &#8220;T\u00fcrkiye-AB: Diyalogdan Aksiyona AB Liderlerine A\u00e7\u0131k Mektup Bas\u0131n Bulu\u015fmas\u0131&#8221; ba\u015fl\u0131kl\u0131 toplant\u0131 d\u00fczenlendi. Toplant\u0131ya DE\u0130K Ba\u015fkan\u0131 Nail Olpak, DE\u0130K T\u00fcrkiye-Avrupa \u0130\u015f Konseyleri Koordinat\u00f6r Ba\u015fkan\u0131 Mehmet Ali Yal\u00e7\u0131nda\u011f ve DE\u0130K\/ Avrupa \u0130\u015f Konseyleri Koordinat\u00f6r Ba\u015fkan Yard\u0131mc\u0131s\u0131 Ali Kibar kat\u0131ld\u0131.<\/p>\n<p>&#8216;\u00d6NG\u00d6R\u00dcLEMEZL\u0130\u011e\u0130N OLDU\u011eU B\u0130R S\u00dcRE\u00c7 YA\u015eIYORUZ&#8217;<\/p>\n<p>DE\u0130K Ba\u015fkan\u0131 Nail Olpak, &#8220;Avrupa&#8217;yla aram\u0131zda bir entegrasyon s\u00fcreci var. Siyasi sebepleriyle bloke olmu\u015f, herkesin birbirini &#8216;Sen onu yerine getirmiyorsun&#8217; diyerek geriye b\u0131rakt\u0131\u011f\u0131 bir s\u00fcre\u00e7 var ama kabul etmeliyiz ki yak\u0131n bir ili\u015fki i\u00e7erisinde de oldu\u011fumuzu g\u00f6rmek laz\u0131m. Dolay\u0131s\u0131yla bug\u00fcnk\u00fc toplant\u0131n\u0131n g\u00fcndemi sadece bir G\u00fcmr\u00fck Birli\u011fi&#8217;nin g\u00fcncellenmesi konusu de\u011fil. \u00d6nemli mi G\u00fcmr\u00fck Birli\u011fi&#8217;nin g\u00fcncellenmesi? Elbette \u00f6nemli. Vazge\u00e7tik, \u00f6nemsizdir, b\u00f6yle bir \u015feyden bahsetmiyoruz. Bir de G\u00fcmr\u00fck Birli\u011fi hadisenin sadece ticari rakamlardan ibaret olmad\u0131\u011f\u0131n\u0131 da anlamam\u0131z laz\u0131m. Maalesef i\u015f d\u00fcnyas\u0131n\u0131n hi\u00e7 ho\u015flanmad\u0131\u011f\u0131 bir s\u00fcreci ya\u015f\u0131yoruz. Nedir hi\u00e7 ho\u015flanmad\u0131\u011f\u0131 s\u00fcre\u00e7 diye bahsetti\u011fimiz? Belirsizlik, \u00f6ng\u00f6r\u00fclemezlik. \u00d6ng\u00f6r\u00fclemezli\u011fin oldu\u011fu bir s\u00fcre\u00e7 ya\u015f\u0131yoruz ve ne kadar devam edece\u011fini de \u00f6ng\u00f6remiyoruz. Faizin y\u00fcksek olmas\u0131 bizi rahats\u0131z eder, enflasyonun y\u00fcksek olmas\u0131, i\u015f g\u00fcc\u00fc, bunlar\u0131n hepsi rahats\u0131z eder mutlaka ama en \u00e7ok rahats\u0131z eden konu da \u00f6ng\u00f6r\u00fclemezliktir. \u015eimdi bu s\u00fcrecin i\u00e7erisinde bak\u0131ld\u0131\u011f\u0131nda Avrupa \u00f6zelinde ne ya\u015f\u0131yoruz? G\u00fcmr\u00fck Birli\u011fi&#8217;nden geldik, s\u0131k\u0131nt\u0131lar\u0131 konu\u015fuyoruz. G\u00fcncellemeyi, dijitalle\u015fmenin bug\u00fcn geldi\u011fi noktada kamu al\u0131mlar\u0131ndan tar\u0131ma kadar bir s\u00fcre\u00e7lerin i\u00e7erisinde bir g\u00fcncelleme ihtiyac\u0131m\u0131z var. Ama devam\u0131nda da ba\u015fka konular g\u00fcndeme geldi. Karbon d\u00fczenlemesi. Bakt\u0131\u011f\u0131n\u0131zda yeni bir duvar. \u00c7elikle ilgili kotalarda resmen bir \u015fey ifade edilmedi ama ciddi \u015fekilde azaltma s\u00fcre\u00e7leri g\u00fcndemde. Demek ki bunlar\u0131n b\u00fct\u00fcn\u00fcn\u00fc biz de\u011ferlendirmek durumunday\u0131z. Made in Europe var, en g\u00fcncel konular\u0131m\u0131zdan birisi. Avrupal\u0131 dostlar\u0131m\u0131zla g\u00f6r\u00fc\u015ft\u00fc\u011f\u00fcm\u00fczde asl\u0131nda Asya-Pasifik&#8217;e y\u00f6nelik diyorlar. \u00dclke ismi s\u00f6ylemeyelim, \u00c7in demiyorlar da Asya-Pasifik veya s\u00f6yleniyor. Ama i\u00e7erisine bak\u0131ld\u0131\u011f\u0131nda endi\u015fe etti\u011fimiz \u015fekilde ger\u00e7ekle\u015fmez, T\u00fcrkiye&#8217;nin o \u00e7emberin d\u0131\u015f\u0131nda kal\u0131p yeni bir duvar\u0131n \u00f6n\u00fcm\u00fcze \u00e7\u0131kmas\u0131 gibi bir risk var&#8221; dedi.<\/p>\n<p>&#8216;B\u0130Z AVRUPA&#8217;NIN FARKLI NOKTALARINDA O KAPILARI A\u015eINDIRMAYA DEVAM EDECE\u011e\u0130Z&#8217;<\/p>\n<p>DE\u0130K Ba\u015fkan\u0131 Nail Olpak, &#8220;Anla\u015fma imzalan\u0131rken biz masada taraf olam\u0131yoruz ama anla\u015fman\u0131n sonu\u00e7lar\u0131ndan bizzat etkilenen konumday\u0131z. Bununla AB&#8217;nin STA imzalad\u0131\u011f\u0131 \u00fclke say\u0131s\u0131 85 oluyor. Bu ciddi bir \u015fekilde bizim \u00fczerinde d\u00fc\u015f\u00fcnmemiz gereken konulardan. Bu evrilmenin i\u00e7erisinde zannederim bizim en \u00f6nemli fonksiyonlar\u0131m\u0131zdan birisi, siyaset\u00e7ilerin siyaseten s\u00f6ylemek istemedikleri ya da zorland\u0131klar\u0131 alanlarda i\u015f d\u00fcnyas\u0131 olarak daha aktif olmaya \u00e7al\u0131\u015fmak. Bir\u00e7ok AB \u00fclkesi anlatt\u0131klar\u0131m\u0131z konusunda bizimle hemfikir. Ama zannederim veya biz \u00f6yle anl\u0131yoruz, bizim de onlar\u0131 destekleyici arg\u00fcmanlar\u0131 net bir \u015fekilde sadece bug\u00fcnk\u00fc toplant\u0131 ya da ilan\u0131m\u0131zla da kalmayaca\u011f\u0131z. Biz Avrupa&#8217;n\u0131n farkl\u0131 noktalar\u0131nda o kap\u0131lar\u0131 a\u015f\u0131nd\u0131rmaya, 2-3 ay \u00f6nce yapt\u0131\u011f\u0131m\u0131z Br\u00fcksel toplant\u0131s\u0131 dahil olmak \u00fczere devam edece\u011fiz. Onlar ad\u0131na bir \u015feylerin s\u00f6ylenmesini de kolayla\u015ft\u0131rmaya gayret etmeliyiz. \u00c7\u00fcnk\u00fc gelinen noktada da AB&#8217;nin ve Avrupa&#8217;n\u0131n bize ihtiya\u00e7 k\u0131sm\u0131n\u0131 Mehmet Ali Bey oray\u0131 s\u00f6yledi, tekrarlamayaca\u011f\u0131m ama kendi i\u00e7imizde ger\u00e7ekten ihtiyac\u0131m\u0131z var. Niye var? \u015eimdi Amerika&#8217;n\u0131n havalarda u\u00e7u\u015fan g\u00fcmr\u00fck vergileri s\u00fcrecinden asl\u0131nda biz de nasibimizi ald\u0131k. Bizi AB ile ayn\u0131 kefeye koyarak y\u00fczde 15 yapt\u0131. &#8216;Devam\u0131nda in\u015fallah olmaz. \u015eu \u0130ran \u00e7eki\u015fmesiyle ilgili &#8216;\u0130ran&#8217;la ticareti olanlar\u0131 ben 25&#8217;e koyaca\u011f\u0131m&#8217; dedi. Karar\u0131 yay\u0131nlamad\u0131 ama yay\u0131nlarsa ne olacak diye d\u00fc\u015f\u00fcnmeye ba\u015fl\u0131yorum. Rusya ile olan yapt\u0131r\u0131mlar sebebiyle ticaretim gerilerken, bizim T\u00fcrk Devletleri Te\u015fkilat\u0131 olan ticaretimiz de yapt\u0131r\u0131mlar\u0131n dolayl\u0131 etkisiyle gitmeye ba\u015flad\u0131. O zaman bizim daha proaktif olmaya \u00e7ok daha ihtiyac\u0131m\u0131z oldu\u011fu bir d\u00f6nem. Demek ki s\u00fcreci daha proaktif \u015fekilde g\u00f6t\u00fcrmek durumunday\u0131z. Yapmaya \u00e7al\u0131\u015ft\u0131\u011f\u0131m\u0131z hem g\u00f6rev tan\u0131m\u0131m\u0131zdan hem de s\u00fcrecin bizi getirdi\u011fi noktadan o globalle\u015fmeden glokolle\u015fmeye geldik mi, hepsini ya\u015fad\u0131k; \u015fimdi gittik\u00e7e korumac\u0131, kendi s\u0131n\u0131rlar\u0131 i\u00e7erisine adeta gitmeyi hedefleyen garip bir d\u00fcnya d\u00fczeninin i\u00e7erisinde yol bulmaya \u00e7al\u0131\u015f\u0131yoruz. Birlikte bulaca\u011f\u0131z, beraber olaca\u011f\u0131z. Sizlerin network&#8217;\u00fc geni\u015f, bizimki geni\u015f. Anlataca\u011f\u0131z, dinleyece\u011fiz&#8221; ifadelerini kulland\u0131.<\/p>\n<p>&#8216;AB&#8217;DE B\u0130Z\u0130 DESTEKLEMED\u0130\u011e\u0130N\u0130 S\u00d6YLEYEN YOK&#8217;<\/p>\n<p>DE\u0130K Ba\u015fkan\u0131 Nail Olpak, &#8220;Belki \u00f6zele\u015ftiri yap\u0131lacaksa bu s\u00fcrece kim ne kadar haz\u0131rl\u0131kl\u0131 oldu, biz dahil olmak \u00fczere \u00f6yle bakmak laz\u0131m. Bunu vurgulamak istiyorum ve riskin orada oldu\u011fu konusunda hemfikirim. \u015eimdi elbette bir taraftan ihtiya\u00e7 bir taraftan rekabet var. Tamamlay\u0131c\u0131l\u0131k ne \u00f6l\u00e7\u00fcde ve ihtiya\u00e7 ne \u00f6l\u00e7\u00fcde, buna bakmak laz\u0131m. AB ile olan ili\u015fkilerde birebir g\u00f6r\u00fc\u015fmelerle siz de ifade ettiniz, bakanlar, ba\u015fbakanlar yani g\u00f6revim gere\u011fi ben de hepsiyle, b\u00fcy\u00fckel\u00e7ilerle yapt\u0131\u011f\u0131m\u0131z g\u00f6r\u00fc\u015fmede, 2-3 \u00fclkeyi hari\u00e7 tutal\u0131m AB&#8217;de, bizi bu konuda desteklemedi\u011fini s\u00f6yleyen yok&#8221; diye konu\u015ftu.<\/p>\n<p>&#8216;D\u00dcNYANIN YEN\u0130 B\u0130R AVRUPA&#8217;YA \u0130HT\u0130YACI VAR&#8217;<\/p>\n<p>DE\u0130K T\u00fcrkiye-Avrupa \u0130\u015f Konseyleri Koordinat\u00f6r Ba\u015fkan\u0131 Mehmet Ali Yal\u00e7\u0131nda\u011f, &#8220;AB ile Avrupa Birli\u011fi aras\u0131ndaki ili\u015fki yaln\u0131zca diplomatik bir ba\u015fl\u0131k de\u011fil, T\u00fcrkiye&#8217;nin Avrupa Birli\u011fi \u00fcyesi olmas\u0131. D\u00fcnyan\u0131n yeni bir Avrupa&#8217;ya ihtiyac\u0131 var. Bu yeni Avrupa&#8217;y\u0131 birlikte in\u015fa edelim. Bu her iki taraf i\u00e7in de bir k\u00fcresel rekabet g\u00fcc\u00fc gereklili\u011fi. T\u00fcrk i\u015f d\u00fcnyas\u0131 a\u00e7\u0131s\u0131ndan ise halihaz\u0131rda ait oldu\u011fumuz ekonomik co\u011frafya s\u00f6z konusu. T\u00fcrkiye-Avrupa \u0130\u015f Konseyleri olarak AB liderlerine, Avrupa&#8217;y\u0131 y\u00f6netenlere bir mektup haz\u0131rlad\u0131k ve g\u00f6nderdik. Mektubumuz yar\u0131n Financial Times&#8217;ta a\u00e7\u0131k mektup olarak yay\u0131mlanacak ve ba\u015fta Avrupa olmak \u00fczere geni\u015f kitlelere ula\u015facak. Bu mektupla, i\u015f d\u00fcnyas\u0131n\u0131n T\u00fcrkiye&#8217;nin tam \u00fcyeli\u011fine verdi\u011fi deste\u011fi, ortak projelerdeki potansiyeli ve somut i\u015f birli\u011fi alanlar\u0131n\u0131 a\u00e7\u0131k bir \u015fekilde ortaya koyuyoruz&#8221; dedi.<\/p>\n<p>&#8216;BUG\u00dcN T\u00dcRK\u0130YE AB&#8217;N\u0130N 5&#8217;\u0130NC\u0130 B\u00dcY\u00dcK T\u0130CARET ORTA\u011eI&#8217;<\/p>\n<p>DE\u0130K T\u00fcrkiye-Avrupa \u0130\u015f Konseyleri Koordinat\u00f6r Ba\u015fkan\u0131 Mehmet Ali Yal\u00e7\u0131nda\u011f, &#8220;T\u00fcrkiye ile Avrupa Birli\u011fi aras\u0131ndaki ili\u015fki yaln\u0131zca diplomatik bir ba\u015fl\u0131k de\u011fildir; bu ili\u015fki ayn\u0131 zamanda ekonomik entegrasyon, ortak \u00fcretim ve kar\u015f\u0131l\u0131kl\u0131 ba\u011f\u0131ml\u0131l\u0131k demektir. Bug\u00fcn Avrupa Birli\u011fi, T\u00fcrkiye&#8217;nin en b\u00fcy\u00fck ticaret orta\u011f\u0131; T\u00fcrkiye ise AB&#8217;nin 5&#8217;inci b\u00fcy\u00fck ticaret orta\u011f\u0131. Yat\u0131r\u0131mlar, turizm, finansal hareketler ve sermaye ak\u0131mlar\u0131 gibi t\u00fcm g\u00f6stergeler, Avrupa&#8217;n\u0131n T\u00fcrkiye a\u00e7\u0131s\u0131ndan ne kadar merkezi bir yerde durdu\u011funu a\u00e7\u0131k\u00e7a g\u00f6steriyor. Ancak T\u00fcrkiye a\u00e7\u0131s\u0131ndan Avrupa yaln\u0131zca bir co\u011frafya de\u011fil. Avrupa ortak de\u011ferler demek. Ekonomik entegrasyon demek, ilerleme demek. \u00c7\u00fcnk\u00fc k\u00fcresel g\u00fc\u00e7 dengeleri h\u0131zla de\u011fi\u015fiyor. Avrupa, ABD ve \u00c7in merkezli askeri, finansal ve teknolojik g\u00fc\u00e7 dengelerinde son y\u0131llarda zay\u0131flayan konumunu tekrardan g\u00fc\u00e7lendirmek i\u00e7in at\u0131l\u0131mlar i\u00e7inde. Jeopolitika art\u0131k yaln\u0131zca diplomasiyi de\u011fil, do\u011frudan i\u015f d\u00fcnyas\u0131n\u0131 etkiliyor. Yapay zeka ve ileri teknolojiler ekonomileri ba\u015ftan a\u015fa\u011f\u0131 yeniden \u015fekillendiriyor. B\u00f6yle bir ortamda Avrupa&#8217;n\u0131n stratejik b\u00fct\u00fcnl\u00fc\u011f\u00fcn\u00fc g\u00fc\u00e7lendirmesi ve yak\u0131n \u00e7evresiyle daha derin bir entegrasyona y\u00f6nelmesi art\u0131k bir tercih de\u011fil, a\u00e7\u0131k bir zorunluluk haline geldi. Tam da bu noktada T\u00fcrkiye, Avrupa&#8217;n\u0131n kar\u015f\u0131 kar\u015f\u0131ya oldu\u011fu k\u00fcresel meydan okumalar i\u00e7in vazge\u00e7ilmez bir ortak olarak \u00f6ne \u00e7\u0131k\u0131yor. Arz g\u00fcvenli\u011finin jeopolitik g\u00fcce d\u00f6n\u00fc\u015ft\u00fc\u011f\u00fc bir d\u00fcnyada T\u00fcrkiye, kritik hammaddeler ve bunlar\u0131n ileri \u00fcretim a\u015famalar\u0131 i\u00e7in Avrupa&#8217;n\u0131n en ger\u00e7ek\u00e7i ve en yak\u0131n tedarik orta\u011f\u0131n\u0131 temsil ediyor. T\u00fcm bu tabloya ra\u011fmen bug\u00fcn eksik olan AB&#8217;deki siyasi irade ve stratejik vizyon eksikli\u011fi, belirsizlik g\u00fcven \u00fcretmiyor. Yat\u0131r\u0131m kararlar\u0131n\u0131 geciktiriyor. Stratejik f\u0131rsatlar\u0131 zay\u0131flat\u0131yor&#8221; ifadelerini kulland\u0131.<\/p>\n<p>&#8216;T\u00dcRK\u0130YE, AVRUPA&#8217;NIN GELECE\u011e\u0130N\u0130N AYRILMAZ B\u0130R PAR\u00c7ASIDIR&#8217;<\/p>\n<p>DE\u0130K T\u00fcrkiye-Avrupa \u0130\u015f Konseyleri Koordinat\u00f6r Ba\u015fkan\u0131 Mehmet Ali Yal\u00e7\u0131nda\u011f, &#8220;Bu nedenle Avrupa Birli\u011fi yetkililerine \u00e7a\u011fr\u0131m\u0131z net: T\u00fcrkiye, Avrupa&#8217;n\u0131n gelece\u011finin ayr\u0131lmaz bir par\u00e7as\u0131d\u0131r. Ekonomi, teknoloji, g\u00fcvenlik, enerji ve toplumsal alanlarda somut ilerleme sa\u011flayacak pratik modeller h\u0131zla devreye sokulmal\u0131. Bizler T\u00fcrkiye-Avrupa i\u015f d\u00fcnyas\u0131 temsilcileri olarak bu mesaj\u0131 Avrupal\u0131 muhataplar\u0131m\u0131za kararl\u0131l\u0131kla iletmeyi s\u00fcrd\u00fcrece\u011fiz. 2026&#8217;n\u0131n s\u00f6ylemlerin aksiyona d\u00f6n\u00fc\u015ft\u00fc\u011f\u00fc bir y\u0131l olmas\u0131 i\u00e7in oda\u011f\u0131m\u0131z\u0131 T\u00fcrkiye&#8217;nin Avrupa entegrasyon s\u00fcrecine y\u00f6neltiyoruz. Avrupa Birli\u011fi&#8217;nden beklentimiz \u00e7ok a\u00e7\u0131k: Stratejik ve vizyoner bir yakla\u015f\u0131m ve gecikmeden harekete ge\u00e7ilmesi. Yeni nesillerin g\u00fcvenli\u011fi, refah\u0131 ve bar\u0131\u015f\u0131 kendili\u011finden olu\u015fmayacak. Bunlar birlikte in\u015fa edilecek. T\u00fcrkiye&#8217;nin de Avrupa&#8217;n\u0131n da buna haz\u0131r olmas\u0131 gerekiyor&#8221; dedi.<\/p>\n<p>&#8216;AVRUPA&#8217;NIN T\u00dcRK\u0130YE&#8217;Y\u0130 DI\u015eLAYARAK EKONOM\u0130K VE STRATEJ\u0130K \u00d6ZERKL\u0130K KURAB\u0130LECE\u011e\u0130NE \u0130NANMIYORUZ&#8217;<\/p>\n<p>DE\u0130K T\u00fcrkiye-Avrupa \u0130\u015f Konseyleri Koordinat\u00f6r Ba\u015fkan\u0131 Mehmet Ali Yal\u00e7\u0131nda\u011f, &#8220;D\u00fcnyan\u0131n yeni bir Avrupa&#8217;ya ihtiyac\u0131 var. Bu yeni Avrupa&#8217;y\u0131 da birlikte in\u015fa edelim. Daha farkl\u0131 s\u00f6ylemem gerekirse, Avrupa&#8217;n\u0131n T\u00fcrkiye&#8217;ye ihtiyac\u0131 var. T\u00fcrkiye&#8217;nin Avrupa&#8217;ya ihtiyac\u0131 var. D\u00fcnyan\u0131n b\u00f6yle bir Avrupa&#8217;ya ihtiyac\u0131 var. Avrupa&#8217;n\u0131n T\u00fcrkiye&#8217;yi d\u0131\u015flayarak ekonomik ve stratejik \u00f6zerklik kurabilece\u011fine inanm\u0131yoruz. AB&#8217;nin ve n\u00fcfus sahibi \u00fcye \u00fclke liderlerinin T\u00fcrkiye&#8217;yi d\u0131\u015flayarak stratejik k\u00f6rl\u00fckten bir an \u00f6nce kurtulmalar\u0131 ve T\u00fcrkiye&#8217;nin tam \u00fcyeli\u011finin getirece\u011fi yararlar\u0131 g\u00f6rmeleri \u015fartt\u0131r. Bizim \u015fu andaki \u00e7al\u0131\u015fmam\u0131z \u00e7ok net ve hedef odakl\u0131; T\u00fcrkiye Avrupa Birli\u011fi \u00fcyesi olmal\u0131d\u0131r ve \u015fu anda vaktidir&#8221; diye konu\u015ftu.<\/p>\n<p>&#8216;B\u0130Z\u0130MLE BERABER YAZIN BU H\u0130KAYEY\u0130 D\u0130YORUZ&#8217;<\/p>\n<p>DE\u0130K T\u00fcrkiye-Avrupa \u0130\u015f Konseyleri Koordinat\u00f6r Ba\u015fkan\u0131 Mehmet Ali Yal\u00e7\u0131nda\u011f, &#8220;\u015eimdi Avrupa&#8217;da yeni bir hikaye yazmas\u0131 laz\u0131m. D\u00fcnyada biraz daha Avrupa&#8217;n\u0131n dinlenebilir hale gelmesi i\u00e7in, biraz daha ciddiye al\u0131nmas\u0131 i\u00e7in, biraz daha masada Trump&#8217;\u0131n \u00f6n\u00fcnde de\u011fil de yan\u0131nda veya e\u015fit seviyede oturabilecekleri bir konuma gelmeleri i\u00e7in g\u00fc\u00e7lerini ortaya \u00e7\u0131karmalar\u0131 laz\u0131m. Avrupa&#8217;n\u0131n g\u00fcc\u00fc de bence kendi co\u011frafyas\u0131ndan ve bu hikayeyi yeniden yazmaktan ge\u00e7iyor. Biz diyoruz ki burada: &#8216;Bu hikayeyi T\u00fcrkiyesiz de\u011fil, T\u00fcrkiye ile birlikte yazarsan d\u00fcnya yeni Avrupa&#8217;y\u0131 T\u00fcrkiye ile birlikte yaz\u0131lm\u0131\u015f hikayede g\u00f6rmek istiyor. Avrupa&#8217;n\u0131n da kendini bu \u015fekilde konumland\u0131rmaya ihtiyac\u0131 var. Biz Avrupa de\u011ferlerine ger\u00e7ekten kendimiz de ciddi de\u011ferler katabiliriz, bunu mix edebiliriz (harmanlayabiliriz). Buradan birbirimizden \u00e7ok \u015fey \u00f6\u011frenebiliriz. Eksiklerimizden, fazlalar\u0131m\u0131zdan faydalan\u0131r\u0131z; kendimizi tekrarlamay\u0131z, kanalize etmeyiz, aksine entegre ederiz diyoruz. Onun i\u00e7in &#8216;Bizimle beraber yaz\u0131n bu hikayeyi&#8217; diyoruz. Bu mektubun ger\u00e7ekten esas amac\u0131, Avrupa&#8217;n\u0131n yeniden tarif edildi\u011fi d\u00f6nemde bizim de o masada olup katk\u0131da bulunmam\u0131z ve bizim de art\u0131k do\u011fal olarak Avrupa Birli\u011fi \u00fcyesi kabul edilmemiz&#8221; ifadelerini kulland\u0131. <\/p>\n","protected":false},"excerpt":{"rendered":"<p>DE\u0130K, AB liderlerine a\u00e7\u0131k mektup g\u00f6ndererek G\u00fcmr\u00fck Birli\u011fi&#8217;nin g\u00fcncellenmesi ve i\u015fbirli\u011finin g\u00fc\u00e7lendirilmesi \u00e7a\u011fr\u0131s\u0131nda bulundu.<\/p>\n","protected":false},"author":1,"featured_media":15491,"comment_status":"open","ping_status":"open","sticky":false,"template":"","format":"standard","meta":{"footnotes":""},"categories":[8],"tags":[1090,3046,3045,517,211],"class_list":["post-15490","post","type-post","status-publish","format-standard","has-post-thumbnail","hentry","category-ekonomi","tag-avrupa","tag-avrupa-birligi","tag-avrupanin","tag-turk","tag-var"],"_links":{"self":[{"href":"https:\/\/bihavadis.com\/index.php\/wp-json\/wp\/v2\/posts\/15490","targetHints":{"allow":["GET"]}}],"collection":[{"href":"https:\/\/bihavadis.com\/index.php\/wp-json\/wp\/v2\/posts"}],"about":[{"href":"https:\/\/bihavadis.com\/index.php\/wp-json\/wp\/v2\/types\/post"}],"author":[{"embeddable":true,"href":"https:\/\/bihavadis.com\/index.php\/wp-json\/wp\/v2\/users\/1"}],"replies":[{"embeddable":true,"href":"https:\/\/bihavadis.com\/index.php\/wp-json\/wp\/v2\/comments?post=15490"}],"version-history":[{"count":1,"href":"https:\/\/bihavadis.com\/index.php\/wp-json\/wp\/v2\/posts\/15490\/revisions"}],"predecessor-version":[{"id":15492,"href":"https:\/\/bihavadis.com\/index.php\/wp-json\/wp\/v2\/posts\/15490\/revisions\/15492"}],"wp:featuredmedia":[{"embeddable":true,"href":"https:\/\/bihavadis.com\/index.php\/wp-json\/wp\/v2\/media\/15491"}],"wp:attachment":[{"href":"https:\/\/bihavadis.com\/index.php\/wp-json\/wp\/v2\/media?parent=15490"}],"wp:term":[{"taxonomy":"category","embeddable":true,"href":"https:\/\/bihavadis.com\/index.php\/wp-json\/wp\/v2\/categories?post=15490"},{"taxonomy":"post_tag","embeddable":true,"href":"https:\/\/bihavadis.com\/index.php\/wp-json\/wp\/v2\/tags?post=15490"}],"curies":[{"name":"wp","href":"https:\/\/api.w.org\/{rel}","templated":true}]}}