{"id":15593,"date":"2026-02-04T19:03:11","date_gmt":"2026-02-04T19:03:11","guid":{"rendered":"https:\/\/bihavadis.com\/?p=15593"},"modified":"2026-02-04T19:03:11","modified_gmt":"2026-02-04T19:03:11","slug":"murat-kurumdan-6-subat-depreminin-3-yilinda-anlamli-video-gun-agarir-yaralar-sarilir","status":"publish","type":"post","link":"https:\/\/bihavadis.com\/index.php\/2026\/02\/04\/murat-kurumdan-6-subat-depreminin-3-yilinda-anlamli-video-gun-agarir-yaralar-sarilir\/","title":{"rendered":"Murat Kurum&#8217;dan 6 \u015eubat Depremi&#8217;nin 3. y\u0131l\u0131nda anlaml\u0131 video: G\u00fcn a\u011far\u0131r, yaralar sar\u0131l\u0131r"},"content":{"rendered":"<p>T\u00fcrkiye, 6 \u015eubat 2023&#8217;te Kahramanmara\u015f merkezli ya\u015fanan ve &#8216;asr\u0131n felaketi&#8217; olarak nitelendirilen depremlerin \u00fc\u00e7\u00fcnc\u00fc y\u0131l d\u00f6n\u00fcm\u00fcne yakla\u015f\u0131yor.<\/p>\n<p>Resmi verilere g\u00f6re 53 binden fazla can kayb\u0131 ve 107 binden fazla yaralanmayla sonu\u00e7lanan bu y\u0131k\u0131c\u0131 afet, 11 ili derinden etkileyerek milyonlarca insan\u0131n hayat\u0131n\u0131 alt\u00fcst etti.<\/p>\n<p><strong>OSMAN\u0130YE&#8217;DE &#8216;T\u00dcRK\u0130YE&#8217;M\u0130N G\u00dcC\u00dcNE BAK&#8217; TEMALI PROGRAM D\u00dcZENLENECEK<\/strong><\/p>\n<p>\u00dc\u00e7 y\u0131l sonra, deprem b\u00f6lgesinde &#8216;Asr\u0131n \u0130n\u015fa Seferberli\u011fi&#8217; kapsam\u0131nda tamamlanan konutlar, altyap\u0131 projeleri ve yeniden do\u011fu\u015f hikayeleriyle birlikte anma t\u00f6renleri d\u00fczenlenecek.<\/p>\n<p>Cumhurba\u015fkan\u0131 Recep Tayyip Erdo\u011fan ile MHP Genel Ba\u015fkan\u0131 Devlet Bah\u00e7eli&#8217;nin kat\u0131l\u0131m\u0131yla Osmaniye&#8217;de, &#8216;T\u00fcrkiye&#8217;min G\u00fcc\u00fcne Bak&#8217; temal\u0131 \u00f6zel bir program ger\u00e7ekle\u015ftirilecek.<\/p>\n<p><img decoding=\"async\" src=\"https:\/\/bihavadis.com\/wp-content\/uploads\/2026\/02\/murat-kurumdan-6-subat-depreminin-3-yilinda-anlamli-video-gun-agarir-yaralar-sarilir-0-ChNQh45w.jpg\"\/><\/p>\n<p><strong>&#8220;G\u00dcN A\u011eARDI, YARALARI SARDIK&#8221;<\/strong><\/p>\n<p>\u00c7evre, \u015eehircilik ve \u0130klim De\u011fi\u015fikli\u011fi Bakan\u0131 Murat Kurum da y\u0131l d\u00f6n\u00fcm\u00fcne g\u00fcnler kala, ya\u015fanan afetin yaratt\u0131\u011f\u0131 y\u0131k\u0131m\u0131n ve ard\u0131ndan devlet-millet el ele yeni aya\u011fa kalk\u0131\u015f\u0131n g\u00f6zler \u00f6n\u00fcne serildi\u011fi bir payla\u015f\u0131m yapt\u0131.<\/p>\n<p><em><b>&#8220;G\u00fcn a\u011fard\u0131, yaralar\u0131 sard\u0131k, biz yine k\u00fcllerimizden dipdiri aya\u011fa kalkarak yeniden umutla, gururla do\u011fduk.&#8221;<\/b> <\/em>s\u00f6zleriyle ba\u015flayan payla\u015f\u0131m, deprem sonras\u0131 yeniden in\u015fa s\u00fcrecini vurgulayan bir \u015fark\u0131 e\u015fli\u011finde yay\u0131mland\u0131.<\/p>\n<p><img decoding=\"async\" src=\"https:\/\/bihavadis.com\/wp-content\/uploads\/2026\/02\/murat-kurumdan-6-subat-depreminin-3-yilinda-anlamli-video-gun-agarir-yaralar-sarilir-1-zlddQ2vM.jpg\"\/><\/p>\n<p><strong>DEPREMDEN ETK\u0130LENEN \u0130LLER HAVADAN G\u00d6R\u00dcNT\u00dcLEND\u0130<\/strong><\/p>\n<p>Ad\u0131yaman, Osmaniye, Hatay, Malatya, Kahramanmara\u015f, Gaziantep, Kilis, \u015eanl\u0131urfa, Diyarbak\u0131r, Adana ve Mersin gibi depremden etkilenen illerin ge\u00e7irdi\u011fi de\u011fi\u015fim, havadan g\u00f6r\u00fcnt\u00fclendi.<\/p>\n<p>Simge Sa\u011f\u0131n&#8217;\u0131n seslendirdi\u011fi \u015fark\u0131 e\u015fli\u011findeki videoda, y\u0131k\u0131lan b\u00f6lgelerin yerine y\u00fckselen modern, afete dayan\u0131kl\u0131 konutlar, i\u015f yerleri ve altyap\u0131 projeleri g\u00f6r\u00fcld\u00fc.<\/p>\n<p>Kurum, <em><b>&#8220;Elini milletinin \u00fczerinden bir an olsun \u00e7ekmeyen liderimiz Say\u0131n Cumhurba\u015fkan\u0131m\u0131z Recep Tayyip Erdo\u011fan ve MHP Genel Ba\u015fkan\u0131 Say\u0131n Devlet Bah\u00e7eli&#8217;nin te\u015frifleriyle Osmaniye&#8217;de bulu\u015faca\u011f\u0131z.&#8221; <\/b><\/em>ifadelerini kulland\u0131.<\/p>\n<p><img decoding=\"async\" src=\"https:\/\/bihavadis.com\/wp-content\/uploads\/2026\/02\/murat-kurumdan-6-subat-depreminin-3-yilinda-anlamli-video-gun-agarir-yaralar-sarilir-2-gdDdzWBt.jpg\"\/><\/p>\n<p><img decoding=\"async\" src=\"https:\/\/bihavadis.com\/wp-content\/uploads\/2026\/02\/murat-kurumdan-6-subat-depreminin-3-yilinda-anlamli-video-gun-agarir-yaralar-sarilir-3-d9MTJNaA.jpg\"\/><\/p>\n<p><img decoding=\"async\" src=\"https:\/\/bihavadis.com\/wp-content\/uploads\/2026\/02\/murat-kurumdan-6-subat-depreminin-3-yilinda-anlamli-video-gun-agarir-yaralar-sarilir-4-BbBD4fUk.jpg\"\/><\/p>\n<p><img decoding=\"async\" src=\"https:\/\/bihavadis.com\/wp-content\/uploads\/2026\/02\/murat-kurumdan-6-subat-depreminin-3-yilinda-anlamli-video-gun-agarir-yaralar-sarilir-5-FZHmPq57.jpg\"\/><\/p>\n<p><img decoding=\"async\" src=\"https:\/\/bihavadis.com\/wp-content\/uploads\/2026\/02\/murat-kurumdan-6-subat-depreminin-3-yilinda-anlamli-video-gun-agarir-yaralar-sarilir-6-aJSxiwpP.jpg\"\/><\/p>\n<p><img decoding=\"async\" src=\"https:\/\/bihavadis.com\/wp-content\/uploads\/2026\/02\/murat-kurumdan-6-subat-depreminin-3-yilinda-anlamli-video-gun-agarir-yaralar-sarilir-7-wv12ePbf.jpg\"\/><\/p>\n","protected":false},"excerpt":{"rendered":"<p>6 \u015eubat depreminin 3. y\u0131l d\u00f6n\u00fcm\u00fcnde T\u00fcrkiye, ac\u0131lar\u0131na ra\u011fmen bir araya gelme ve gelece\u011fe umutla bakma kararl\u0131l\u0131\u011f\u0131n\u0131 ortaya koyuyor. \u00c7evre \u015eehircilik ve \u0130klim De\u011fi\u015fikli\u011fi Bakan\u0131 Murat Kurum, depremden etkilenen illerin yeni halini sosyal medya hesab\u0131ndan payla\u015ft\u0131.<\/p>\n","protected":false},"author":1,"featured_media":15594,"comment_status":"open","ping_status":"open","sticky":false,"template":"","format":"standard","meta":{"footnotes":""},"categories":[9,13],"tags":[60],"class_list":["post-15593","post","type-post","status-publish","format-standard","has-post-thumbnail","hentry","category-genel","category-son-dakika","tag-deprem"],"_links":{"self":[{"href":"https:\/\/bihavadis.com\/index.php\/wp-json\/wp\/v2\/posts\/15593","targetHints":{"allow":["GET"]}}],"collection":[{"href":"https:\/\/bihavadis.com\/index.php\/wp-json\/wp\/v2\/posts"}],"about":[{"href":"https:\/\/bihavadis.com\/index.php\/wp-json\/wp\/v2\/types\/post"}],"author":[{"embeddable":true,"href":"https:\/\/bihavadis.com\/index.php\/wp-json\/wp\/v2\/users\/1"}],"replies":[{"embeddable":true,"href":"https:\/\/bihavadis.com\/index.php\/wp-json\/wp\/v2\/comments?post=15593"}],"version-history":[{"count":1,"href":"https:\/\/bihavadis.com\/index.php\/wp-json\/wp\/v2\/posts\/15593\/revisions"}],"predecessor-version":[{"id":15603,"href":"https:\/\/bihavadis.com\/index.php\/wp-json\/wp\/v2\/posts\/15593\/revisions\/15603"}],"wp:featuredmedia":[{"embeddable":true,"href":"https:\/\/bihavadis.com\/index.php\/wp-json\/wp\/v2\/media\/15594"}],"wp:attachment":[{"href":"https:\/\/bihavadis.com\/index.php\/wp-json\/wp\/v2\/media?parent=15593"}],"wp:term":[{"taxonomy":"category","embeddable":true,"href":"https:\/\/bihavadis.com\/index.php\/wp-json\/wp\/v2\/categories?post=15593"},{"taxonomy":"post_tag","embeddable":true,"href":"https:\/\/bihavadis.com\/index.php\/wp-json\/wp\/v2\/tags?post=15593"}],"curies":[{"name":"wp","href":"https:\/\/api.w.org\/{rel}","templated":true}]}}