{"id":15615,"date":"2026-02-04T19:15:09","date_gmt":"2026-02-04T19:15:09","guid":{"rendered":"https:\/\/bihavadis.com\/?p=15615"},"modified":"2026-02-04T19:15:09","modified_gmt":"2026-02-04T19:15:09","slug":"koreli-rapcinin-usakspor-ceketi-gundem-oldu","status":"publish","type":"post","link":"https:\/\/bihavadis.com\/index.php\/2026\/02\/04\/koreli-rapcinin-usakspor-ceketi-gundem-oldu\/","title":{"rendered":"Koreli rap\u00e7inin U\u015fakspor ceketi g\u00fcndem oldu"},"content":{"rendered":"<p>3&#8217;\u00fcnc\u00fc Lig 4&#8217;\u00fcnc\u00fc Grup&#8217;ta bu sezon g\u00f6sterdi\u011fi ba\u015far\u0131l\u0131 performansa ra\u011fmen kul\u00fcpteki mali s\u0131k\u0131nt\u0131lar nedeniyle ge\u00e7en hafta Teknik Direkt\u00f6r Erg\u00fcn Penbe&#8217;nin g\u00f6revinden ayr\u0131ld\u0131\u011f\u0131 U\u015fakspor s\u00fcrpriz \u015fekilde d\u00fcnya \u00e7ap\u0131nda g\u00fcndem olmay\u0131 ba\u015fard\u0131.<\/p>\n<p>D\u00fcnya \u00e7ap\u0131nda milyonlarca hayran\u0131 bulunan G\u00fcney Koreli rap\u00e7i Lee Taeyong&#8217;un \u00fclkesinin ba\u015fkenti Seul&#8217;de verdi\u011fi konsere \u00fczerinde U\u015fakspor logosunun bulundu\u011fu k\u0131rm\u0131z\u0131-siyah ceketle \u00e7\u0131kmas\u0131 sosyal medyada g\u00fcndem oldu.<\/p>\n<p><img decoding=\"async\" src=\"https:\/\/bihavadis.com\/wp-content\/uploads\/2026\/02\/koreli-rapcinin-usakspor-ceketi-gundem-oldu-0-NvJXMcgj.jpg\"\/><\/p>\n<p><strong>CEKET \u00c7ILGINLI\u011eI<\/strong><\/p>\n<p>U\u015fak&#8217;a ku\u015f u\u00e7usu 8 bin kilometre mesafede olan Seul&#8217;de U\u015fakspor logolu ceket \u00e7\u0131lg\u0131nl\u0131\u011f\u0131 ya\u015fand\u0131.<\/p>\n<p><img decoding=\"async\" src=\"https:\/\/bihavadis.com\/wp-content\/uploads\/2026\/02\/koreli-rapcinin-usakspor-ceketi-gundem-oldu-1-Z4H76M4f.jpg\"\/><\/p>\n<p><strong>REKLAM OLDU<\/strong><\/p>\n<p>Taeyong&#8217;un U\u015fakspor&#8217;un 2 y\u0131l \u00f6nceki forma tedarik\u00e7isinin \u00fcr\u00fcn\u00fc olan \u00f6zel ceketinin Kore&#8217;de yakla\u015f\u0131k 40 bin TL&#8217;den sat\u0131\u015fa \u00e7\u0131kt\u0131\u011f\u0131 \u00f6\u011frenilirken, U\u015fakspor ise d\u00fcnya \u00e7ap\u0131nda reklam oldu.<\/p>\n<p><strong>&#8220;BU ANLAMLI TEMS\u0130L\u0130YET \u0130\u00c7\u0130N TE\u015eEKK\u00dcRLER\u0130M\u0130Z\u0130 SUNUYORUZ&#8221;<\/strong><\/p>\n<p>U\u015fakspor y\u00f6netimi ilgin\u00e7 olay\u0131n ard\u0131ndan, <em><b>&#8220;Sanat\u00e7\u0131 Taeyong\u2019un sahne performans\u0131 s\u0131ras\u0131nda U\u015fakspor ceketimizle yer almas\u0131, kul\u00fcb\u00fcm\u00fcz ad\u0131na b\u00fcy\u00fck bir gurur kayna\u011f\u0131 olmu\u015ftur. U\u015fakspor armas\u0131n\u0131n uluslararas\u0131 bir sahnede temsil edilmesi, kul\u00fcb\u00fcm\u00fcz\u00fcn de\u011ferlerinin ve marka g\u00fcc\u00fcn\u00fcn s\u0131n\u0131rlar\u0131 a\u015ft\u0131\u011f\u0131n\u0131 bir kez daha g\u00f6stermi\u015ftir. U\u015fakspor olarak, armam\u0131z\u0131 d\u00fcnyan\u0131n farkl\u0131 noktalar\u0131nda g\u00f6rmekten onur duyuyor; bu anlaml\u0131 temsiliyet i\u00e7in te\u015fekk\u00fcrlerimizi sunuyoruz&#8221;<\/b><\/em> a\u00e7\u0131klamas\u0131n\u0131 yapt\u0131.<\/p>\n<p><img decoding=\"async\" src=\"https:\/\/bihavadis.com\/wp-content\/uploads\/2026\/02\/koreli-rapcinin-usakspor-ceketi-gundem-oldu-2-PLmS6l4J.jpg\"\/><\/p>\n","protected":false},"excerpt":{"rendered":"<p>G\u00fcney Koreli rap\u00e7i Lee Taeyong&#8217;un verdi\u011fi konsere \u00fczerinde U\u015fakspor logosunun bulundu\u011fu k\u0131rm\u0131z\u0131-siyah ceketle \u00e7\u0131kmas\u0131 g\u00fcndem yaratt\u0131.<\/p>\n","protected":false},"author":1,"featured_media":15616,"comment_status":"open","ping_status":"open","sticky":false,"template":"","format":"standard","meta":{"footnotes":""},"categories":[14],"tags":[3056,3055],"class_list":["post-15615","post","type-post","status-publish","format-standard","has-post-thumbnail","hentry","category-spor","tag-ceket","tag-usakspor"],"_links":{"self":[{"href":"https:\/\/bihavadis.com\/index.php\/wp-json\/wp\/v2\/posts\/15615","targetHints":{"allow":["GET"]}}],"collection":[{"href":"https:\/\/bihavadis.com\/index.php\/wp-json\/wp\/v2\/posts"}],"about":[{"href":"https:\/\/bihavadis.com\/index.php\/wp-json\/wp\/v2\/types\/post"}],"author":[{"embeddable":true,"href":"https:\/\/bihavadis.com\/index.php\/wp-json\/wp\/v2\/users\/1"}],"replies":[{"embeddable":true,"href":"https:\/\/bihavadis.com\/index.php\/wp-json\/wp\/v2\/comments?post=15615"}],"version-history":[{"count":1,"href":"https:\/\/bihavadis.com\/index.php\/wp-json\/wp\/v2\/posts\/15615\/revisions"}],"predecessor-version":[{"id":15620,"href":"https:\/\/bihavadis.com\/index.php\/wp-json\/wp\/v2\/posts\/15615\/revisions\/15620"}],"wp:featuredmedia":[{"embeddable":true,"href":"https:\/\/bihavadis.com\/index.php\/wp-json\/wp\/v2\/media\/15616"}],"wp:attachment":[{"href":"https:\/\/bihavadis.com\/index.php\/wp-json\/wp\/v2\/media?parent=15615"}],"wp:term":[{"taxonomy":"category","embeddable":true,"href":"https:\/\/bihavadis.com\/index.php\/wp-json\/wp\/v2\/categories?post=15615"},{"taxonomy":"post_tag","embeddable":true,"href":"https:\/\/bihavadis.com\/index.php\/wp-json\/wp\/v2\/tags?post=15615"}],"curies":[{"name":"wp","href":"https:\/\/api.w.org\/{rel}","templated":true}]}}