{"id":15621,"date":"2026-02-04T19:18:38","date_gmt":"2026-02-04T19:18:38","guid":{"rendered":"https:\/\/bihavadis.com\/?p=15621"},"modified":"2026-02-04T19:18:38","modified_gmt":"2026-02-04T19:18:38","slug":"buyuksimitciden-orta-anadolu-uretim-havzasi-icin-tesekkur","status":"publish","type":"post","link":"https:\/\/bihavadis.com\/index.php\/2026\/02\/04\/buyuksimitciden-orta-anadolu-uretim-havzasi-icin-tesekkur\/","title":{"rendered":"B\u00fcy\u00fcksimitci&#8217;den Orta Anadolu \u00dcretim Havzas\u0131 i\u00e7in te\u015fekk\u00fcr"},"content":{"rendered":"<p>KAYSO Ba\u015fkan\u0131 Mehmet B\u00fcy\u00fcksimitci, Ocak ay\u0131 meclis toplant\u0131s\u0131nda yapt\u0131\u011f\u0131 konu\u015fmada, Orta Anadolu \u00dcretim Havzas\u0131 s\u00fcrecine verdikleri destek dolay\u0131s\u0131yla Cumhurba\u015fkan\u0131 Recep Tayyip Erdo\u011fan ile Sanayi ve Teknoloji Bakan\u0131 Mehmet Fatih Kac\u0131r&#8217;a te\u015fekk\u00fcr etti.<\/p>\n<p>Kayseri Sanayi Odas\u0131 (KAYSO) Ocak Ay\u0131 Ola\u011fan Meclis Toplant\u0131s\u0131, Meclis Ba\u015fkan\u0131 Abidin \u00d6zkaya Ba\u015fkanl\u0131\u011f\u0131nda ger\u00e7ekle\u015ftirildi. Toplant\u0131ya, Meclis \u00dcyeleri, Meslek Komitesi \u00dcyeleri, Y\u00fcksek \u0130sti\u015fare Kurulu \u00dcyeleri ve Kayseri Gen\u00e7 Giri\u015fimciler \u0130cra Komitesi \u00fcyeleri kat\u0131ld\u0131. Toplant\u0131n\u0131n a\u00e7\u0131l\u0131\u015f konu\u015fmas\u0131n\u0131 yapan KAYSO Meclis Ba\u015fkan\u0131 Abidin \u00d6zkaya; k\u00fcresel ve ulusal \u00f6l\u00e7ekte ya\u015fanan ekonomik geli\u015fmelere ili\u015fkin de\u011ferlendirmelerde bulundu. \u00d6zkaya; &#8220;2026 y\u0131l\u0131 da 2025 y\u0131l\u0131 gibi benzer bir\u00e7ok \u00f6zelli\u011fin oldu\u011fu dalgal\u0131 bir y\u0131l olacak gibi g\u00f6r\u00fcnmektedir. K\u00fcresel ekonomilerde ve T\u00fcrkiye ekonomisinde politik geli\u015fmelerin ve s\u0131cak \u00e7at\u0131\u015fmalar\u0131n etkisiyle fiyat istikrar\u0131 kadar risk y\u00f6netiminin \u00f6ne \u00e7\u0131kt\u0131\u011f\u0131 bir y\u0131l olacak gibi durmaktad\u0131r&#8221; dedi. 2025 y\u0131l\u0131n\u0131n olduk\u00e7a zor ge\u00e7ti\u011fini ifade eden \u00d6zkaya; &#8220;K\u00fcresel \u00f6l\u00e7ekte s\u0131cak \u00e7at\u0131\u015fmalar\u0131n artt\u0131\u011f\u0131, hemen yan\u0131 ba\u015f\u0131m\u0131zdaki sava\u015flar\u0131n s\u00fcrd\u00fc\u011f\u00fc, g\u00fcmr\u00fck duvarlar\u0131n\u0131n y\u00fckseltildi\u011fi, ham madde fiyatlar\u0131nda ani de\u011fi\u015fimlerin ya\u015fand\u0131\u011f\u0131 ve belirsizli\u011fin hakim oldu\u011fu bir y\u0131l\u0131 geride b\u0131rakt\u0131k&#8221; diye konu\u015ftu. K\u00fcresel piyasalarda ya\u015fanan belirsizliklerin g\u00fcnl\u00fck, hatta saatlik krizlere d\u00f6n\u00fc\u015ft\u00fc\u011f\u00fcne dikkat \u00e7eken \u00d6zkaya; &#8220;D\u00fcnya genelinde \u00f6ng\u00f6r\u00fclebilirli\u011fin azald\u0131\u011f\u0131, g\u00fc\u00e7l\u00fcn\u00fcn hakl\u0131 oldu\u011fu garip bir d\u00fczenle kar\u015f\u0131 kar\u015f\u0131yay\u0131z&#8221; ifadelerini kulland\u0131. T\u00fcrkiye&#8217;nin bu geli\u015fmelerden do\u011frudan etkilendi\u011fini vurgulayan \u00d6zkaya; &#8220;S\u0131n\u0131rlar\u0131m\u0131zdaki gerilimler devam ederken, y\u00fcksek enflasyon, y\u00fcksek faiz, d\u00fc\u015f\u00fck kur ve finansmana eri\u015fimde ya\u015fanan zorluklar sanayicilerimizin \u00fczerinde ciddi bask\u0131 olu\u015fturmaktad\u0131r&#8221; diye konu\u015ftu. 2026 y\u0131l\u0131na ili\u015fkin beklentileri de payla\u015fan \u00d6zkaya; &#8220;2026 y\u0131l\u0131nda b\u00fcy\u00fcme beklentimizin y\u00fczde 3,5 olaca\u011f\u0131, t\u00fcm ilgili kurum ve kurulu\u015flar taraf\u0131ndan desteklenmekte ve teyit edilmektedir. Ancak s\u0131k\u0131 para ve kredi politikalar\u0131 nedeniyle i\u00e7 talebin ve kamu yat\u0131r\u0131mlar\u0131n\u0131n b\u00fcy\u00fcmeye katk\u0131s\u0131n\u0131n s\u0131n\u0131rl\u0131 kalaca\u011f\u0131 g\u00f6r\u00fclmektedir. Faizlerin beklenenden daha yava\u015f d\u00fc\u015f\u00fcr\u00fclmesi, yat\u0131r\u0131mlar ve \u00fcretim \u00fczerinde bask\u0131 olu\u015fturmaya devam etmektedir. Alternatif ve spek\u00fclatif kazan\u00e7lar da \u00fcretime dayal\u0131 b\u00fcy\u00fcme i\u015ftah\u0131n\u0131 bask\u0131 alt\u0131nda tutmaktad\u0131r&#8221; dedi. Konu\u015fmas\u0131nda enflasyonla m\u00fccadeleye de de\u011finen \u00d6zkaya; &#8220;Enflasyonla m\u00fccadelede 2025 y\u0131l\u0131na g\u00f6re daha belirgin ve olumlu geli\u015fmeler olacak gibi g\u00f6r\u00fcnmektedir. Ancak burada dikkat edilmesi gereken husus, \u00fcretimi zorla\u015ft\u0131rarak ve \u00fcretimi azaltarak de\u011fil, aksine \u00fcretimi kolayla\u015ft\u0131rarak ve talepten \u00e7ok \u00fcretim yaparak m\u00fccadele edilmesidir. Ekonomide en basit fiyat kural\u0131n\u0131n arz-talep dengesine g\u00f6re kuruldu\u011fu ger\u00e7e\u011fi unutulmamal\u0131d\u0131r. 2026 y\u0131l\u0131nda beklenen enflasyonun y\u00fczde 23&#8217;ler civar\u0131nda olmas\u0131 \u00f6ng\u00f6r\u00fcl\u00fcrken, bu oran\u0131n da hala y\u00fcksek oldu\u011fu bir ger\u00e7ektir&#8221; dedi. Cari denge ve rezervlerdeki iyile\u015fmelere de de\u011finen \u00d6zkaya; &#8220;Merkez Bankas\u0131 rezervlerinin tarihi seviyelere ula\u015ft\u0131\u011f\u0131 bu d\u00f6nemde d\u00f6viz k\u0131s\u0131tlamalar\u0131n\u0131n gev\u015fetilmesi, ihracat\u00e7\u0131n\u0131n d\u00f6viz gelirlerini daha serbest kullanabilmesi b\u00fcy\u00fck \u00f6nem ta\u015f\u0131maktad\u0131r. Faiz politikalar\u0131n\u0131n da beklenen enflasyonla uyumlu hale getirilmesi sanayicilerimizin en temel beklentisidir&#8221; diye konu\u015ftu. Kayseri sanayisinin \u00fcretim g\u00fcc\u00fcne dikkat \u00e7eken \u00d6zkaya; &#8220;\u00dcr\u00fcn ve \u00fcretim \u00e7e\u015fitlili\u011fimiz y\u00fcksek olmas\u0131na ra\u011fmen, y\u00fcksek teknolojili \u00fcretimin pay\u0131 halen yetersizdir. Emek yo\u011fun sekt\u00f6rlerde faaliyet g\u00f6steren firmalar\u0131m\u0131z\u0131n yurt d\u0131\u015f\u0131na y\u00f6neldi\u011fini g\u00f6rmekteyiz. Bu noktada emek yo\u011fun sekt\u00f6rler ba\u015fta olmak \u00fczere, \u00fcretimi ve istihdam\u0131 koruyacak desteklerin daha fazla gecikmeden hayata ge\u00e7irilmesi gerekmektedir. Bu destekler b\u00fcy\u00fck-k\u00fc\u00e7\u00fck i\u015fletme ayr\u0131m\u0131 yap\u0131lmadan uygulanmal\u0131, \u00fcretici \u00fczerindeki ilave maliyet unsurlar\u0131 yeniden g\u00f6zden ge\u00e7irilmelidir&#8221; ifadelerini kulland\u0131.<\/p>\n<p>&#8220;2025 zor bir y\u0131l oldu&#8221;<\/p>\n<p>Konu\u015fmalar\u0131n\u0131 yapmak \u00fczere k\u00fcrs\u00fcye gelen Kayseri Sanayi Odas\u0131 (KAYSO) Y\u00f6netim Kurulu Ba\u015fkan\u0131 Mehmet B\u00fcy\u00fcksimitci; geride kalan 2025 y\u0131l\u0131n\u0131n ekonomik a\u00e7\u0131dan kolay bir y\u0131l olmad\u0131\u011f\u0131na dikkat \u00e7ekerek, k\u00fcresel \u00f6l\u00e7ekte belirsizliklerin artt\u0131\u011f\u0131, jeopolitik risklerin ve ekonomik dalgalanmalar\u0131n yo\u011fun \u015fekilde hissedildi\u011fi bir d\u00f6nemden ge\u00e7ildi\u011fini ifade etti. Bu k\u00fcresel tablonun T\u00fcrkiye ekonomisini de do\u011frudan etkiledi\u011fini belirten B\u00fcy\u00fcksimitci, y\u0131l boyunca uygulanan s\u0131k\u0131 para politikalar\u0131 ve enflasyonla m\u00fccadele ad\u0131mlar\u0131n\u0131n, sekt\u00f6rler aras\u0131nda belirgin bir ayr\u0131\u015fmaya yol a\u00e7t\u0131\u011f\u0131n\u0131 s\u00f6yledi. Sanayi sekt\u00f6r\u00fcn\u00fcn bu s\u00fcre\u00e7ten daha fazla etkilendi\u011fini vurgulayan B\u00fcy\u00fcksimitci; &#8220;\u0130\u00e7 talepteki yava\u015flama, finansmana eri\u015fimde ya\u015fanan g\u00fc\u00e7l\u00fckler ve artan maliyetler nedeniyle sanayi sekt\u00f6r\u00fc di\u011fer sekt\u00f6rlere k\u0131yasla daha s\u0131n\u0131rl\u0131 bir performans sergiledi. Enflasyonla m\u00fccadelenin y\u00fck\u00fc b\u00fcy\u00fck \u00f6l\u00e7\u00fcde \u00fcretim kesiminin omuzlar\u0131nda kald\u0131&#8221; dedi. Buna ra\u011fmen sanayicilerin \u00fcretimden, istihdamdan ve ihracattan vazge\u00e7meden s\u00fcreci b\u00fcy\u00fck bir \u00f6zveriyle y\u00f6netmeye devam etti\u011fini belirten B\u00fcy\u00fcksimitci, sanayinin desteklenmesinin her zamankinden daha b\u00fcy\u00fck \u00f6nem ta\u015f\u0131d\u0131\u011f\u0131n\u0131 vurgulad\u0131. Konu\u015fmas\u0131nda b\u00f6lgesel geli\u015fmelere de de\u011finen KAYSO Ba\u015fkan\u0131 B\u00fcy\u00fcksimitci, Suriye konusunda T\u00fcrkiye&#8217;nin benimsedi\u011fi &#8216;tek toprak, tek bayrak, tek devlet&#8217; ilkesini g\u00fc\u00e7l\u00fc \u015fekilde desteklediklerini vurgulayarak; &#8220;B\u00f6lgemizde kal\u0131c\u0131 bar\u0131\u015f ve istikrar\u0131n ancak bu anlay\u0131\u015fla m\u00fcmk\u00fcn olaca\u011f\u0131na inan\u0131yoruz&#8221; dedi. Orta Do\u011fu&#8217;da ya\u015fanan ABD-\u0130ran geriliminin de yak\u0131ndan takip edilmesi gereken \u00f6nemli bir risk ba\u015fl\u0131\u011f\u0131 oldu\u011funa dikkat \u00e7eken B\u00fcy\u00fcksimitci, bu t\u00fcr geli\u015fmelerin k\u00fcresel ticaretin seyrini do\u011frudan etkileyebilece\u011fini belirterek, firmalar a\u00e7\u0131s\u0131ndan pazar \u00e7e\u015fitlili\u011fini \u00f6nceleyen bir yakla\u015f\u0131m\u0131n hayati \u00f6nem ta\u015f\u0131d\u0131\u011f\u0131n\u0131 ifade etti.<\/p>\n<p>&#8220;Enflasyonla m\u00fccadelede daha somut sonu\u00e7lar bekliyoruz&#8221;<\/p>\n<p>2026 y\u0131l\u0131na ili\u015fkin beklentilerini de payla\u015fan B\u00fcy\u00fcksimitci, enflasyonla m\u00fccadelede somut sonu\u00e7lar\u0131n daha belirgin \u015fekilde hissedilece\u011fi bir d\u00f6neme girildi\u011fine inand\u0131\u011f\u0131n\u0131 ifade etti. Kal\u0131c\u0131 ekonomik istikrar i\u00e7in yap\u0131sal ad\u0131mlar\u0131n kararl\u0131l\u0131kla at\u0131lmas\u0131 gerekti\u011fini vurgulayan B\u00fcy\u00fcksimitci; &#8220;\u00dcretimi ve yat\u0131r\u0131m\u0131 merkeze alan ekonomi politikalar\u0131, sanayimizin g\u00fc\u00e7lenmesine ve s\u00fcrd\u00fcr\u00fclebilir kalk\u0131nma hedeflerimize ula\u015fmam\u0131za katk\u0131 sa\u011flayacakt\u0131r&#8221; dedi. Konu\u015fmas\u0131nda Orta Anadolu \u00dcretim Havzas\u0131 vizyonuna da de\u011finen B\u00fcy\u00fcksimitci, 2016 y\u0131l\u0131nda ger\u00e7ekle\u015ftirdi\u011fimiz Sanayi Gecemizde, Orta Anadolu \u00dcretim Havzas\u0131 vizyonunu ilk kez Kayseri Sanayi Odas\u0131 olarak Cumhurba\u015fkan\u0131m\u0131za arz etmi\u015f, b\u00f6lgemizin \u00fcretim g\u00fcc\u00fcn\u00fc ve potansiyelini o g\u00fcn a\u00e7\u0131k bir \u015fekilde ifade etmi\u015ftik. Bug\u00fcn gelinen noktada, bu vizyonun somut ad\u0131mlarla hayata ge\u00e7iriliyor olmas\u0131, \u00fcretimin Anadolu&#8217;ya yay\u0131lmas\u0131, sanayide s\u00fcrd\u00fcr\u00fclebilir b\u00fcy\u00fcmenin sa\u011flanmas\u0131 ve b\u00f6lgemizin rekabet g\u00fcc\u00fcn\u00fcn art\u0131r\u0131lmas\u0131 a\u00e7\u0131s\u0131ndan son derece k\u0131ymetlidir. Orta Anadolu \u00dcretim Havzas\u0131&#8217;n\u0131n hayata ge\u00e7irilmesi noktas\u0131nda ortaya koyduklar\u0131 g\u00fc\u00e7l\u00fc irade ve desteklerinden dolay\u0131 ba\u015fta Cumhurba\u015fkan\u0131m\u0131z Recep Tayyip Erdo\u011fan&#8217;a, Sanayi ve Teknoloji Bakan\u0131m\u0131z Mehmet Fatih Kac\u0131r&#8217;a ve eme\u011fi ge\u00e7en herkese te\u015fekk\u00fcr ediyorum&#8221; dedi. Konu\u015fmas\u0131nda firmalar\u0131n verimli\u011fine ve sekt\u00f6rlerin s\u00fcrd\u00fcr\u00fclebilirli\u011fine de\u011finen Ba\u015fkan B\u00fcy\u00fcksimitci, bu noktada, firmalar\u0131m\u0131z\u0131n yal\u0131n \u00fcretim anlay\u0131\u015f\u0131n\u0131 benimsemeleri, dijital d\u00f6n\u00fc\u015f\u00fcm s\u00fcre\u00e7lerini tamamlamalar\u0131 ve ye\u015fil \u00fcretim modeliyle rekabet avantaj\u0131 elde etmeleri b\u00fcy\u00fck \u00f6nem ta\u015f\u0131yor. Verimlilik art\u0131\u015f\u0131, maliyetlerin kontrol alt\u0131na al\u0131nmas\u0131 ve k\u00fcresel pazarlarda g\u00fc\u00e7l\u00fc bir konum elde edilmesi ancak bu d\u00f6n\u00fc\u015f\u00fcmle m\u00fcmk\u00fcnd\u00fcr. Kayseri Model Fabrikam\u0131z arac\u0131l\u0131\u011f\u0131yla, yal\u0131n \u00fcretim, verimlilik ve dijital d\u00f6n\u00fc\u015f\u00fcm alanlar\u0131nda uygulamal\u0131 e\u011fitimler vermeye, ment\u00f6rl\u00fck hizmetleri sunmaya 2026 y\u0131l\u0131nda da kararl\u0131l\u0131kla devam edece\u011fiz. Bu sayede i\u015fletmelerimizin verimlili\u011fini, dolay\u0131s\u0131 ile rekabet g\u00fcc\u00fcn\u00fc art\u0131rmay\u0131 s\u00fcrd\u00fcrece\u011fiz&#8221; diye konu\u015ftu. Yapay zeka teknolojilerinin sanayinin gelece\u011fini \u015fekillendiren en kritik ba\u015fl\u0131klardan biri haline geldi\u011fine dikkat \u00e7eken B\u00fcy\u00fcksimitci; &#8220;\u00dcretimden planlamaya, tedarik zincirinden kalite kontrol s\u00fcre\u00e7lerine kadar bir\u00e7ok alanda yapay zeka destekli uygulamalar, firmalar\u0131m\u0131za h\u0131z, esneklik ve verimlilik kazand\u0131rmaktad\u0131r. Oda olarak, yapay zekay\u0131 yaln\u0131zca bir teknoloji ba\u015fl\u0131\u011f\u0131 de\u011fil, stratejik bir d\u00f6n\u00fc\u015f\u00fcm arac\u0131 olarak g\u00f6r\u00fcyoruz. KAYSO Akademi ba\u015fta olmak \u00fczere y\u00fcr\u00fctece\u011fimiz e\u011fitim ve bilgilendirme faaliyetleriyle, sanayicilerimizin bu alandaki fark\u0131ndal\u0131\u011f\u0131n\u0131 art\u0131rmay\u0131 ve d\u00f6n\u00fc\u015f\u00fcm s\u00fcrecine g\u00fc\u00e7l\u00fc bir \u015fekilde haz\u0131rlamay\u0131 hedefliyoruz&#8221; dedi. Kayseri&#8217;nin g\u00fc\u00e7l\u00fc sanayi k\u00fclt\u00fcr\u00fc ve y\u00fcksek yat\u0131r\u0131m i\u015ftah\u0131na sahip bir \u015fehir oldu\u011funu vurgulayan B\u00fcy\u00fcksimitci, \u015fehrin 4&#8217;\u00fcnc\u00fc Organize Sanayi B\u00f6lgesi olan Erciyes OSB&#8217;de arsa \u00f6n tahsislerinin devam etti\u011fini, \u00f6n\u00fcm\u00fczdeki aylarda altyap\u0131 \u00e7al\u0131\u015fmalar\u0131na ba\u015flanaca\u011f\u0131n\u0131 a\u00e7\u0131klad\u0131. Ayr\u0131ca Geri D\u00f6n\u00fc\u015f\u00fcm \u0130htisas OSB ile Uzay, Havac\u0131l\u0131k ve Savunma Sanayi \u0130htisas OSB projelerinin de s\u00fcrd\u00fc\u011f\u00fcn\u00fc belirten B\u00fcy\u00fcksimitci, yakla\u015f\u0131k 323 hektarl\u0131k alanda kurulacak olan Uzay, Havac\u0131l\u0131k ve Savunma Sanayi \u0130htisas OSB&#8217;nin Kayseri sanayisi a\u00e7\u0131s\u0131ndan tarihi bir ad\u0131m oldu\u011funu ifade etti. Bu projenin tam kapasiteye ula\u015fmas\u0131yla yakla\u015f\u0131k 4 bin nitelikli istihdam sa\u011flanmas\u0131n\u0131n ve ihracata 1 milyar dolar\u0131n \u00fczerinde katk\u0131 sunulmas\u0131n\u0131n \u00f6ng\u00f6r\u00fcld\u00fc\u011f\u00fcn\u00fc belirten B\u00fcy\u00fcksimitci, projenin yerli ve milli \u00fcretime \u00f6nemli katk\u0131lar sa\u011flayaca\u011f\u0131n\u0131 s\u00f6yledi.<\/p>\n<p>Konu\u015fmas\u0131n\u0131n sonunda t\u00fcm payda\u015flarla isti\u015fare i\u00e7inde, ortak ak\u0131lla hareket ettiklerini vurgulayan B\u00fcy\u00fcksimitci; &#8220;\u00dcyelerimizden gelen sorun ve talepleri, benim de y\u00f6netiminde yer ald\u0131\u011f\u0131m \u00e7at\u0131 kurulu\u015fumuz T\u00fcrkiye Odalar ve Borsalar Birli\u011fi ba\u015fta olmak \u00fczere ilgili t\u00fcm mercilere aktarmaya devam ediyoruz. Bu anlamda desteklerinden TOBB Ba\u015fkan\u0131m\u0131z Rifat Hisarc\u0131k\u0131l\u0131o\u011flu&#8217;na te\u015fekk\u00fcr ediyorum. \u0130nanc\u0131m odur ki; 2026 y\u0131l\u0131, sanayimiz i\u00e7in d\u00f6n\u00fc\u015f\u00fcm\u00fcn h\u0131zland\u0131\u011f\u0131, yat\u0131r\u0131mlar\u0131n g\u00fc\u00e7lendi\u011fi ve gelece\u011fe dair umutlar\u0131m\u0131z\u0131n daha da peki\u015fti\u011fi bir y\u0131l olacakt\u0131r. Hep birlikte \u00e7al\u0131\u015farak, Kayseri sanayisini hak etti\u011fi noktaya ta\u015f\u0131yaca\u011f\u0131m\u0131za y\u00fcrekten inan\u0131yorum&#8221; \u015feklinde konu\u015fmas\u0131n\u0131 tamamlad\u0131. &#8211; KAYSER\u0130<\/p>\n","protected":false},"excerpt":{"rendered":"<p>KAYSO Ba\u015fkan\u0131 Mehmet B\u00fcy\u00fcksimitci, Ocak ay\u0131 meclis toplant\u0131s\u0131nda yapt\u0131\u011f\u0131 konu\u015fmada, Orta Anadolu \u00dcretim Havzas\u0131 s\u00fcrecine verdikleri destek dolay\u0131s\u0131yla Cumhurba\u015fkan\u0131 Recep Tayyip Erdo\u011fan ile Sanayi ve Teknoloji Bakan\u0131 Mehmet Fatih Kac\u0131r&#8217;a te\u015fekk\u00fcr etti.<\/p>\n","protected":false},"author":1,"featured_media":15622,"comment_status":"open","ping_status":"open","sticky":false,"template":"","format":"standard","meta":{"footnotes":""},"categories":[12],"tags":[1568,3057,374,375,859],"class_list":["post-15621","post","type-post","status-publish","format-standard","has-post-thumbnail","hentry","category-siyaset","tag-kayseri","tag-ozkaya","tag-sanayi","tag-uretim","tag-yili"],"_links":{"self":[{"href":"https:\/\/bihavadis.com\/index.php\/wp-json\/wp\/v2\/posts\/15621","targetHints":{"allow":["GET"]}}],"collection":[{"href":"https:\/\/bihavadis.com\/index.php\/wp-json\/wp\/v2\/posts"}],"about":[{"href":"https:\/\/bihavadis.com\/index.php\/wp-json\/wp\/v2\/types\/post"}],"author":[{"embeddable":true,"href":"https:\/\/bihavadis.com\/index.php\/wp-json\/wp\/v2\/users\/1"}],"replies":[{"embeddable":true,"href":"https:\/\/bihavadis.com\/index.php\/wp-json\/wp\/v2\/comments?post=15621"}],"version-history":[{"count":1,"href":"https:\/\/bihavadis.com\/index.php\/wp-json\/wp\/v2\/posts\/15621\/revisions"}],"predecessor-version":[{"id":15623,"href":"https:\/\/bihavadis.com\/index.php\/wp-json\/wp\/v2\/posts\/15621\/revisions\/15623"}],"wp:featuredmedia":[{"embeddable":true,"href":"https:\/\/bihavadis.com\/index.php\/wp-json\/wp\/v2\/media\/15622"}],"wp:attachment":[{"href":"https:\/\/bihavadis.com\/index.php\/wp-json\/wp\/v2\/media?parent=15621"}],"wp:term":[{"taxonomy":"category","embeddable":true,"href":"https:\/\/bihavadis.com\/index.php\/wp-json\/wp\/v2\/categories?post=15621"},{"taxonomy":"post_tag","embeddable":true,"href":"https:\/\/bihavadis.com\/index.php\/wp-json\/wp\/v2\/tags?post=15621"}],"curies":[{"name":"wp","href":"https:\/\/api.w.org\/{rel}","templated":true}]}}