{"id":15651,"date":"2026-02-04T19:45:07","date_gmt":"2026-02-04T19:45:07","guid":{"rendered":"https:\/\/bihavadis.com\/?p=15651"},"modified":"2026-02-04T19:45:07","modified_gmt":"2026-02-04T19:45:07","slug":"bakan-kurum-beyoglu-okmeydani-kentsel-donusum-projesi-778-konut-kura-cekim-toreninde-konustu-aciklamasi","status":"publish","type":"post","link":"https:\/\/bihavadis.com\/index.php\/2026\/02\/04\/bakan-kurum-beyoglu-okmeydani-kentsel-donusum-projesi-778-konut-kura-cekim-toreninde-konustu-aciklamasi\/","title":{"rendered":"Bakan Kurum, Beyo\u011flu Okmeydan\u0131 Kentsel D\u00f6n\u00fc\u015f\u00fcm Projesi 778 Konut Kura \u00c7ekim T\u00f6reni&#8217;nde konu\u015ftu A\u00e7\u0131klamas\u0131"},"content":{"rendered":"<p> \u00c7evre, \u015eehircilik ve \u0130klim De\u011fi\u015fikli\u011fi Bakan\u0131 Murat Kurum, Cumhurba\u015fkan\u0131 Recep Tayyip Erdo\u011fan&#8217;\u0131n a\u00e7\u0131klad\u0131\u011f\u0131 Y\u00fczy\u0131l\u0131n Konut Projesi ile 500 bin sosyal konutu millete kazand\u0131rmak i\u00e7in h\u0131zla \u00e7al\u0131\u015ft\u0131klar\u0131n\u0131 belirterek, &#8220;\u015eu ana kadar 35 ilimizde kuralar\u0131m\u0131z\u0131 \u00e7ektik, 127 bin hak sahibi karde\u015fimizi belirledik. Allah&#8217;\u0131n izniyle \u00f6n\u00fcm\u00fczdeki g\u00fcnlerde \u0130stanbul&#8217;un kuralar\u0131 i\u00e7in yine bir araya gelece\u011fiz, 100 bin sosyal konutun hak sahiplerini belirleyece\u011fiz. \u0130stanbul&#8217;umuzda bir taraftan da kiral\u0131k konutlar\u0131m\u0131z olacak, onun da s\u00fcrecini ayr\u0131ca ilerletece\u011fiz.&#8221; dedi.<\/p>\n<p>Bakan Kurum, Fetihtepe Mahallesi&#8217;nde d\u00fczenlenen Beyo\u011flu Okmeydan\u0131 Kentsel D\u00f6n\u00fc\u015f\u00fcm Projesi 778 Konut Kura \u00c7ekim T\u00f6reni&#8217;nde yapt\u0131\u011f\u0131 konu\u015fmada, Kahramanmara\u015f merkezli 6 \u015eubat depremlerinin ard\u0131ndan b\u00f6lgede d\u00fcnyan\u0131n parmakla g\u00f6sterdi\u011fi bir ba\u015far\u0131ya imza atarak 455 bin yuvay\u0131 sahiplerine kavu\u015fturduklar\u0131n\u0131 s\u00f6yledi.<\/p>\n<p>D\u00f6n\u00fc\u015f\u00fcm\u00fc sadece konut olarak g\u00f6rmediklerini, buna topyekun bir anlay\u0131\u015fla bakt\u0131klar\u0131n\u0131 dile getiren Kurum, konutlar\u0131n bulundu\u011fu alanlara park, bah\u00e7e, okul, cami ve i\u015f yerleri yapt\u0131klar\u0131n\u0131, \u00e7ar\u015f\u0131 ve meydanlar\u0131 yenilediklerini, tarihi ve k\u00fclt\u00fcrel yap\u0131lar\u0131 asl\u0131na uygun \u015fekilde onard\u0131klar\u0131n\u0131, 11 ilde bu anlay\u0131\u015fla \u00e7al\u0131\u015ft\u0131klar\u0131n\u0131 ifade etti.<\/p>\n<p>Kurum, deprem b\u00f6lgesindeki \u00e7al\u0131\u015fmalarla T\u00fcrkiye&#8217;nin kentsel d\u00f6n\u00fc\u015f\u00fcm alan\u0131nda b\u00fcy\u00fck birikim ve tecr\u00fcbeye ula\u015ft\u0131\u011f\u0131n\u0131 vurgulayarak, &#8220;\u0130nan\u0131n d\u00fcnyada hi\u00e7bir \u00fclkenin alt\u0131ndan kalkamayaca\u011f\u0131 bir s\u00fcre\u00e7ten bahsediyorum. B\u0131rak\u0131n bu evleri bitirmek, bir\u00e7ok \u00fclke b\u00f6yle bir in\u015fa s\u00fcrecinin organizasyonunu bile yapamaz. \u0130\u015fte g\u00f6r\u00fcyorsunuz bug\u00fcn ABD&#8217;de, Almanya&#8217;da bir afet oldu\u011funda vatanda\u015f\u0131n\u0131 sigorta \u015firketinin insaf\u0131na terk eden bir anlay\u0131\u015f varken, bug\u00fcn T\u00fcrkiye art\u0131k afet \u00f6ncesi ve sonras\u0131 h\u0131zl\u0131, kaliteli konut \u00fcretiminde de kentsel d\u00f6n\u00fc\u015f\u00fcm tecr\u00fcbesinde de t\u00fcm d\u00fcnyada bir numarad\u0131r. Bu devletimizin, milletimizin g\u00fcc\u00fcd\u00fcr. Bu Cumhurba\u015fkan\u0131m\u0131z Recep Tayyip Erdo\u011fan&#8217;\u0131n orada milletimize olan sevgisidir.&#8221; diye konu\u015ftu.<\/p>\n<p>B\u00f6lgede kazand\u0131klar\u0131 tecr\u00fcbeyi \u0130stanbul ba\u015fta olmak \u00fczere 81 ile ta\u015f\u0131mak istediklerini kaydeden Kurum, Y\u00fczy\u0131l\u0131n Konut Projesi&#8217;ne ili\u015fkin \u015funlar\u0131 dile getirdi: <\/p>\n<p>&#8220;Cumhurba\u015fkan\u0131m\u0131z\u0131n a\u00e7\u0131klad\u0131\u011f\u0131 Y\u00fczy\u0131l\u0131n Konut Projesi ile 500 bin sosyal konutu milletimize kazand\u0131rmak i\u00e7in h\u0131zla \u00e7al\u0131\u015f\u0131yoruz. \u015eu ana kadar 35 ilimizde kuralar\u0131m\u0131z\u0131 \u00e7ektik, 127 bin hak sahibi karde\u015fimizi belirledik. Allah&#8217;\u0131n izniyle \u00f6n\u00fcm\u00fczdeki g\u00fcnlerde \u0130stanbul&#8217;un kuralar\u0131 i\u00e7in yine bir araya gelece\u011fiz, 100 bin sosyal konutun hak sahiplerini belirleyece\u011fiz. \u0130stanbul&#8217;umuzda bir taraftan da kiral\u0131k konutlar\u0131m\u0131z olacak, onun da s\u00fcrecini ayr\u0131ca ilerletece\u011fiz. Bu iki b\u00fcy\u00fck tecr\u00fcbenin h\u0131zla yans\u0131t\u0131lmas\u0131 gereken bir yer var. O da T\u00fcrkiye&#8217;nin ba\u011f\u0131ms\u0131zl\u0131\u011f\u0131n\u0131n anahtar\u0131 olarak g\u00f6rd\u00fc\u011f\u00fcm\u00fcz \u0130stanbul&#8217;umuzdur. \u0130stanbul&#8217;umuzun her an deprem tehdidiyle ya\u015fayan milyonlarca karde\u015fimize ev sahipli\u011fi yapt\u0131\u011f\u0131n\u0131 ve \u0130stanbul&#8217;un depreme haz\u0131rlanma s\u00fcrecinin bu \u00fclke i\u00e7in bir beka, varl\u0131k-yokluk meselesi oldu\u011funu her zaman ifade ediyoruz. Bu anlay\u0131\u015fla da hareket ediyoruz.&#8221;<\/p>\n<p>Bakan Kurum, \u0130stanbul&#8217;u kentsel d\u00f6n\u00fc\u015f\u00fcmle yenileyeceklerini, sosyal konutlarla g\u00fc\u00e7lendireceklerini, vatanda\u015flar\u0131 deprem korkusunun olmad\u0131\u011f\u0131 g\u00fcvenli bir kentte ya\u015fatmak i\u00e7in ne gerekiyorsa yapacaklar\u0131n\u0131 belirtti.<\/p>\n<p>&#8220;Buradaki kentsel d\u00f6n\u00fc\u015f\u00fcme ta\u015f koyanlar, bizleri kentsel d\u00f6n\u00fc\u015f\u00fcme engel olmakla su\u00e7luyor&#8221;<\/p>\n<p>Bu i\u015flerin tamam\u0131n\u0131 ana muhalefete ra\u011fmen yapt\u0131klar\u0131n\u0131 aktaran Kurum, &#8220;Biz Okmeydan\u0131&#8217;nda can\u0131m\u0131z\u0131 di\u015fimize takm\u0131\u015f \u00e7abalarken, mahkeme kap\u0131lar\u0131na ko\u015fanlar\u0131, yalanlarla insan\u0131m\u0131z\u0131 d\u00f6n\u00fc\u015f\u00fcmden uzakla\u015ft\u0131rmaya \u00e7al\u0131\u015fanlar\u0131 asla unutamay\u0131z. O g\u00fcn burada vatanda\u015f\u0131m\u0131z\u0131 kand\u0131rmaya \u00e7al\u0131\u015fanlar, \u015fimdi ayn\u0131 \u015feyi deprem b\u00f6lgesinde yap\u0131yorlar. 3 y\u0131ld\u0131r deprem b\u00f6lgesine u\u011framayanlar, \u015fimdi t\u00fcm mesaisini tek \u00e7ivi \u00e7akmad\u0131klar\u0131 11 ilimizde yap\u0131lanlar\u0131 karalamak i\u00e7in harc\u0131yor. Buradaki kentsel d\u00f6n\u00fc\u015f\u00fcme ta\u015f koyanlar, 8 ayd\u0131r bu proje bitmesine ra\u011fmen bekletenler &#8216;Bedeli ne olursa olsun kentsel d\u00f6n\u00fc\u015f\u00fcm\u00fc yapaca\u011f\u0131z.&#8217; diyerek, \u00e7al\u0131\u015fan bizleri kentsel d\u00f6n\u00fc\u015f\u00fcme engel olmakla su\u00e7luyor.&#8221; \u015feklinde konu\u015ftu.<\/p>\n<p>Kurum, CHP Genel Ba\u015fkan\u0131 \u00d6zg\u00fcr \u00d6zel&#8217;e seslenerek, konu\u015fmas\u0131n\u0131 \u015f\u00f6yle s\u00fcrd\u00fcrd\u00fc: <\/p>\n<p>&#8220;\u00d6zg\u00fcr Bey, senin y\u00f6netti\u011fin hangi \u015fehirde bir gayret ortaya konmu\u015f da Murat Kurum oraya destek olmam\u0131\u015f? Hangi belediye ba\u015fkan\u0131 kentsel d\u00f6n\u00fc\u015f\u00fcmde destek istemi\u015f de biz kap\u0131m\u0131z\u0131 kapatm\u0131\u015f\u0131z? Hangisi bir proje getirmi\u015f de biz &#8216;Hay\u0131r&#8217; demi\u015fiz? Bir tane s\u00f6yle, bir tane. Bizim ba\u015flatt\u0131\u011f\u0131m\u0131z ama partinize ge\u00e7ince yar\u0131m b\u0131rakt\u0131\u011f\u0131n\u0131z kentsel d\u00f6n\u00fc\u015f\u00fcm projeleri var ya o projeleri &#8216;Kentsel d\u00f6n\u00fc\u015f\u00fcme engel oluyor.&#8217; dedi\u011fin Murat bitiriyor. Ben \u0130stanbul&#8217;a her geldi\u011fimde bir kentsel d\u00f6n\u00fc\u015f\u00fcm projesine imza at\u0131yorum. Sen bug\u00fcne kadar ne yapt\u0131n?<\/p>\n<p>Ayn\u0131 \u00d6zg\u00fcr Bey gitmi\u015f, &#8216;Deprem b\u00f6lgesinde yan\u0131n\u0131zday\u0131z.&#8217; diyor. 3 y\u0131ld\u0131r neredeydin ya? Sen ne yapt\u0131n diye sormazlar m\u0131 adama? Bir \u00e7ivi \u00e7akmad\u0131n\u0131z, bir \u00e7ivi. 3 y\u0131ld\u0131r ortada yok, \u015fimdi biz evleri teslim ettik, ak\u0131llar\u0131 ba\u015flar\u0131na geldi. Panikledi, arka arkaya t\u00fcm adamlar\u0131n\u0131 g\u00f6nderiyor, kendi gidiyor. Kendisinin ruh sa\u011fl\u0131\u011f\u0131n\u0131 iyi g\u00f6rm\u00fcyorum. Onu da anlamak laz\u0131m, zor bir s\u00fcre\u00e7ten ge\u00e7iyor. Kendince bir taraftan Silivri&#8217;yi, di\u011fer taraftan Ankara&#8217;y\u0131 idare etti\u011fini zannediyor. Aradan &#8216;Acaba ben \u00e7\u0131kar m\u0131y\u0131m, aday olabilir miyim?&#8217; diye \u00e7\u0131rp\u0131n\u0131yor. San\u0131yor ki bunlar\u0131 da kimse g\u00f6rm\u00fcyor. Ama \u015funu da bilmiyor, vesayetle siyaset olmaz. G\u00f6lgede duran\u0131n g\u00f6lgesi olmaz \u00d6zg\u00fcr Bey, sen \u00f6nce o g\u00f6lgelerden \u00e7\u0131kacaks\u0131n.&#8221;<\/p>\n<p>Cumhurba\u015fkan\u0131 Erdo\u011fan&#8217;\u0131n liderli\u011finde 24 y\u0131ld\u0131r oldu\u011fu gibi millet i\u00e7in \u00e7al\u0131\u015facaklar\u0131n\u0131 vurgulayan Kurum, milleti daha ya\u015fanabilir \u015fehirlere, sa\u011flam yuvalara, huzurlu ye\u015fil alanlara kavu\u015fturmak i\u00e7in m\u00fccadele edeceklerini, bunu da kime ra\u011fmen yapmalar\u0131 gerekiyorsa yapacaklar\u0131n\u0131 kaydetti.<\/p>\n<p>&#8220;Yap\u0131lamaz&#8221; denilen Okmeydan\u0131&#8217;nda 939 ev ve i\u015f yerini, parklar\u0131, bah\u00e7esi, otopark\u0131, y\u00fcr\u00fcy\u00fc\u015f yollar\u0131yla tamamlad\u0131klar\u0131n\u0131, bundan sonras\u0131nda da ayn\u0131 gayretle \u00e7al\u0131\u015facaklar\u0131n\u0131 dile getiren Kurum, &#8220;Hat\u0131rlay\u0131n, dediler ki, &#8216;Yap\u0131lamaz, bu proje bitirilemez. Okmeydan\u0131&#8217;nda kentsel d\u00f6n\u00fc\u015f\u00fcm olmaz. Burada konutlar\u0131 yapacaklar, Katarl\u0131lara satacaklar.&#8217; Burada Beyo\u011flulu karde\u015fim d\u0131\u015f\u0131nda bir tane adam yok. Burada yine Beyo\u011flulu karde\u015flerimiz ya\u015fayacak. Okmeydan\u0131&#8217;nda ya\u015fayan karde\u015flerimiz ya\u015fayacak. Burada y\u00fcr\u00fcy\u00fc\u015f yollar\u0131yla, parklar\u0131yla, bah\u00e7eleriyle annelerimiz, yavrular\u0131m\u0131z in\u015fallah huzur i\u00e7erisinde ya\u015fayacak. Olas\u0131 bir depreme kar\u015f\u0131 g\u00fcven i\u00e7erisinde oturacak.&#8221; ifadelerini kulland\u0131.<\/p>\n<p>T\u00f6rende, \u0130stanbul Valisi Davut G\u00fcl, AK Parti \u0130stanbul \u0130l Ba\u015fkan\u0131 Abdullah \u00d6zdemir ve Emlak Konut GYO Genel M\u00fcd\u00fcr\u00fc Yasir Y\u0131lmaz da birer konu\u015fma yapt\u0131.<\/p>\n<p>Beyo\u011flu M\u00fcft\u00fcs\u00fc Dr. Mehmet \u0130zci&#8217;nin yapt\u0131\u011f\u0131 duan\u0131n ard\u0131ndan 778 konutun hak sahipleri kurayla belirlendi.<\/p>\n","protected":false},"excerpt":{"rendered":"<p>\u00c7evre, \u015eehircilik ve \u0130klim De\u011fi\u015fikli\u011fi Bakan\u0131 Murat Kurum, Cumhurba\u015fkan\u0131 Recep Tayyip Erdo\u011fan&#8217;\u0131n a\u00e7\u0131klad\u0131\u011f\u0131 Y\u00fczy\u0131l\u0131n Konut Projesi ile 500 bin sosyal konutu millete kazand\u0131rmak i\u00e7in h\u0131zla \u00e7al\u0131\u015ft\u0131klar\u0131n\u0131 belirterek, &#8220;\u015eu ana kadar 35 ilimizde kuralar\u0131m\u0131z\u0131 \u00e7ektik, 127 bin hak sahibi&#8230;<\/p>\n","protected":false},"author":1,"featured_media":15652,"comment_status":"open","ping_status":"open","sticky":false,"template":"","format":"standard","meta":{"footnotes":""},"categories":[12],"tags":[60,538,1685,818,1570],"class_list":["post-15651","post","type-post","status-publish","format-standard","has-post-thumbnail","hentry","category-siyaset","tag-deprem","tag-istanbul","tag-kentsel-donusum","tag-konut","tag-kurum"],"_links":{"self":[{"href":"https:\/\/bihavadis.com\/index.php\/wp-json\/wp\/v2\/posts\/15651","targetHints":{"allow":["GET"]}}],"collection":[{"href":"https:\/\/bihavadis.com\/index.php\/wp-json\/wp\/v2\/posts"}],"about":[{"href":"https:\/\/bihavadis.com\/index.php\/wp-json\/wp\/v2\/types\/post"}],"author":[{"embeddable":true,"href":"https:\/\/bihavadis.com\/index.php\/wp-json\/wp\/v2\/users\/1"}],"replies":[{"embeddable":true,"href":"https:\/\/bihavadis.com\/index.php\/wp-json\/wp\/v2\/comments?post=15651"}],"version-history":[{"count":1,"href":"https:\/\/bihavadis.com\/index.php\/wp-json\/wp\/v2\/posts\/15651\/revisions"}],"predecessor-version":[{"id":15653,"href":"https:\/\/bihavadis.com\/index.php\/wp-json\/wp\/v2\/posts\/15651\/revisions\/15653"}],"wp:featuredmedia":[{"embeddable":true,"href":"https:\/\/bihavadis.com\/index.php\/wp-json\/wp\/v2\/media\/15652"}],"wp:attachment":[{"href":"https:\/\/bihavadis.com\/index.php\/wp-json\/wp\/v2\/media?parent=15651"}],"wp:term":[{"taxonomy":"category","embeddable":true,"href":"https:\/\/bihavadis.com\/index.php\/wp-json\/wp\/v2\/categories?post=15651"},{"taxonomy":"post_tag","embeddable":true,"href":"https:\/\/bihavadis.com\/index.php\/wp-json\/wp\/v2\/tags?post=15651"}],"curies":[{"name":"wp","href":"https:\/\/api.w.org\/{rel}","templated":true}]}}