{"id":15746,"date":"2026-02-04T21:15:11","date_gmt":"2026-02-04T21:15:11","guid":{"rendered":"https:\/\/bihavadis.com\/?p=15746"},"modified":"2026-02-04T21:15:11","modified_gmt":"2026-02-04T21:15:11","slug":"karabaglar-da-temizlik-seferberliginin-3-turu-basliyor","status":"publish","type":"post","link":"https:\/\/bihavadis.com\/index.php\/2026\/02\/04\/karabaglar-da-temizlik-seferberliginin-3-turu-basliyor\/","title":{"rendered":"Karaba\u011flar &#8216;da Temizlik Seferberli\u011finin 3. Turu Ba\u015fl\u0131yor"},"content":{"rendered":"<p>Karaba\u011flar Belediyesi, il\u00e7eyi daha temiz ve sa\u011fl\u0131kl\u0131 hale getirmek amac\u0131yla y\u00fcr\u00fctt\u00fc\u011f\u00fc Temizlik Seferberli\u011fi\u2019nin \u00fc\u00e7\u00fcnc\u00fc turunu 4 \u015eubat\u2019ta ba\u015flat\u0131yor. Rutin temizlik \u00e7al\u0131\u015fmalar\u0131n\u0131n yan\u0131 s\u0131ra mahallelerde dip k\u00f6\u015fe temizlik yap\u0131lacak, konteynerler y\u0131kanacak ve hacimli at\u0131klar \u00f6zel ara\u00e7larla toplanacak.<\/p>\n<p>\u00c7al\u0131\u015fmalar her hafta \u00fc\u00e7 mahallede, yakla\u015f\u0131k 20 personel, mobilya toplama arac\u0131 ve konteyner y\u0131kama arac\u0131yla \u00c7ar\u015famba ve Cuma g\u00fcnleri ger\u00e7ekle\u015ftirilecek. Program kapsam\u0131nda \u015eubat, Mart ve Nisan aylar\u0131nda Karaba\u011flar\u2019\u0131n 58 mahallesinin tamam\u0131na ula\u015f\u0131lmas\u0131 hedefleniyor.<\/p>\n<p><b>Ba\u015fkan K\u0131nay: \u201cTemizlik, ortak sorumlulu\u011fumuz\u201d<\/b><\/p>\n<p>Karaba\u011flar Belediye Ba\u015fkan\u0131 Helil K\u0131nay, temizlik \u00e7al\u0131\u015fmalar\u0131n\u0131n kararl\u0131l\u0131kla s\u00fcrd\u00fc\u011f\u00fcn\u00fc belirterek \u201cTemiz bir Karaba\u011flar yaln\u0131zca belediyenin de\u011fil, hepimizin ortak sorumlulu\u011fudur. \u0130l\u00e7emizin 58 mahallesinin tamam\u0131 i\u00e7in planlamam\u0131z\u0131 yapt\u0131k ve sokak sokak dip k\u00f6\u015fe temizlik \u00e7al\u0131\u015fmalar\u0131m\u0131z\u0131 s\u00fcrd\u00fcr\u00fcyoruz. Amac\u0131m\u0131z daha sa\u011fl\u0131kl\u0131, daha ya\u015fanabilir bir kent olu\u015fturmak. Vatanda\u015flar\u0131m\u0131zdan ricam\u0131z \u00e7\u00f6plerini \u00e7\u00f6p kutular\u0131na atmalar\u0131 ve \u00e7evre temizli\u011fi konusunda duyarl\u0131 olmalar\u0131d\u0131r. Hep birlikte daha temiz bir Karaba\u011flar i\u00e7in \u00e7al\u0131\u015f\u0131yoruz\u201d diye konu\u015ftu.<\/p>\n<p><b>Temizlik Seferberli\u011fi G\u00fcn G\u00fcn Program\u0131<\/b><\/p>\n<p><b>\u015eubat Ay\u0131<\/b><\/p>\n<p>4 \u015eubat \u00c7ar\u015famba: Peker, \u0130hsan Alyanak, Abdi \u0130pek\u00e7i<\/p>\n<p>6 \u015eubat Cuma: \u00dc\u00e7kuyular, Fahrettin Altay, Esentepe<\/p>\n<p>11 \u015eubat \u00c7ar\u015famba: U\u011fur Mumcu, Karaba\u011flar, Sar\u0131yer<\/p>\n<p>13 \u015eubat Cuma: Poligon, General Kaz\u0131m \u00d6zalp, Muammer Akar<\/p>\n<p>18 \u015eubat \u00c7ar\u015famba: \u00d6zg\u00fcr, Gazi, Devrim<\/p>\n<p>20 \u015eubat Cuma: Bah\u00e7elievler, Arap Hasan, Bas\u0131n Sitesi<\/p>\n<p>25 \u015eubat \u00c7ar\u015famba: G\u00fcnaltay, Bar\u0131\u015f, Kibar<\/p>\n<p>27 \u015eubat Cuma: Ya\u015far Kemal, Cennet\u00e7e\u015fme, Umut<\/p>\n<p><b>Mart Ay\u0131<\/b><\/p>\n<p>4 Mart \u00c7ar\u015famba: Adnan S\u00fcvari, Esenyal\u0131, Metin Oktay<\/p>\n<p>6 Mart Cuma: Maliyeciler, \u015eehitler, Salih Omurtak<\/p>\n<p>11 Mart \u00c7ar\u015famba: Tahsin Yaz\u0131c\u0131, Kaz\u0131m Karabekir, Vatan<\/p>\n<p>13 Mart Cuma: Yunus Emre, Ayd\u0131n, Selvili<\/p>\n<p>18 Mart \u00c7ar\u015famba: Esenlik, Reis, Do\u011fanay<\/p>\n<p>25 Mart \u00c7ar\u015famba: Cenneto\u011flu, \u00c7al\u0131ku\u015fu, General As\u0131m G\u00fcnd\u00fcz<\/p>\n<p>27 Mart Cuma: Ali Fuat Cebesoy, Sevgi, Refet Bele<\/p>\n<p><b>Nisan Ay\u0131<\/b><\/p>\n<p>1 Nisan \u00c7ar\u015famba: G\u00fclyaka, Bahar, Bozyaka<\/p>\n<p>3 Nisan Cuma: Bahriye \u00dc\u00e7ok, Ali Fuat Erden, Limontepe<\/p>\n<p>8 Nisan \u00c7ar\u015famba: Yurdo\u011flu, Y\u00fczba\u015f\u0131 \u015eerafettin<\/p>\n<p>10 Nisan Cuma: Uzundere, T\u0131razl\u0131, Kavac\u0131k<\/p>\n<p>15 Nisan \u00c7ar\u015famba: Osman Aks\u00fcner, A\u015f\u0131k Veysel<\/p>\n<p>\u00a0<\/p>\n<p>Kaynak: (BYZHA) Beyaz Haber Ajans\u0131<\/p>\n","protected":false},"excerpt":{"rendered":"<p>Karaba\u011flar Belediyesi, il\u00e7eyi daha temiz ve sa\u011fl\u0131kl\u0131 hale getirmek amac\u0131yla y\u00fcr\u00fctt\u00fc\u011f\u00fc Temizlik Seferberli\u011fi\u2019nin \u00fc\u00e7\u00fcnc\u00fc turunu 4 \u015eubat\u2019ta ba\u015flat\u0131yor<\/p>\n","protected":false},"author":1,"featured_media":15747,"comment_status":"open","ping_status":"open","sticky":false,"template":"","format":"standard","meta":{"footnotes":""},"categories":[4],"tags":[2762,3083,3084,1652,673],"class_list":["post-15746","post","type-post","status-publish","format-standard","has-post-thumbnail","hentry","category-gundem","tag-carsamba","tag-cuma","tag-mart","tag-subat","tag-temiz"],"_links":{"self":[{"href":"https:\/\/bihavadis.com\/index.php\/wp-json\/wp\/v2\/posts\/15746","targetHints":{"allow":["GET"]}}],"collection":[{"href":"https:\/\/bihavadis.com\/index.php\/wp-json\/wp\/v2\/posts"}],"about":[{"href":"https:\/\/bihavadis.com\/index.php\/wp-json\/wp\/v2\/types\/post"}],"author":[{"embeddable":true,"href":"https:\/\/bihavadis.com\/index.php\/wp-json\/wp\/v2\/users\/1"}],"replies":[{"embeddable":true,"href":"https:\/\/bihavadis.com\/index.php\/wp-json\/wp\/v2\/comments?post=15746"}],"version-history":[{"count":1,"href":"https:\/\/bihavadis.com\/index.php\/wp-json\/wp\/v2\/posts\/15746\/revisions"}],"predecessor-version":[{"id":15748,"href":"https:\/\/bihavadis.com\/index.php\/wp-json\/wp\/v2\/posts\/15746\/revisions\/15748"}],"wp:featuredmedia":[{"embeddable":true,"href":"https:\/\/bihavadis.com\/index.php\/wp-json\/wp\/v2\/media\/15747"}],"wp:attachment":[{"href":"https:\/\/bihavadis.com\/index.php\/wp-json\/wp\/v2\/media?parent=15746"}],"wp:term":[{"taxonomy":"category","embeddable":true,"href":"https:\/\/bihavadis.com\/index.php\/wp-json\/wp\/v2\/categories?post=15746"},{"taxonomy":"post_tag","embeddable":true,"href":"https:\/\/bihavadis.com\/index.php\/wp-json\/wp\/v2\/tags?post=15746"}],"curies":[{"name":"wp","href":"https:\/\/api.w.org\/{rel}","templated":true}]}}