{"id":15814,"date":"2026-02-04T22:21:05","date_gmt":"2026-02-04T22:21:05","guid":{"rendered":"https:\/\/bihavadis.com\/?p=15814"},"modified":"2026-02-04T22:21:05","modified_gmt":"2026-02-04T22:21:05","slug":"gazzeden-filistin-davasini-destekleyen-pep-guardiolaya-tesekkur-mesaji","status":"publish","type":"post","link":"https:\/\/bihavadis.com\/index.php\/2026\/02\/04\/gazzeden-filistin-davasini-destekleyen-pep-guardiolaya-tesekkur-mesaji\/","title":{"rendered":"Gazze&#8217;den Filistin davas\u0131n\u0131 destekleyen Pep Guardiola&#8217;ya te\u015fekk\u00fcr mesaj\u0131"},"content":{"rendered":"<p>Gazze \u015eeridi&#8217;nde \u0130srail\u2019in iki y\u0131l s\u00fcren sald\u0131r\u0131lar\u0131nda uzuvlar\u0131n\u0131 kaybeden sporculardan olu\u015fan <em><b>&#8220;\u0130rade Ampute Futbol Tak\u0131m\u0131&#8221;<\/b><\/em>, Filistin&#8217;e destek a\u00e7\u0131klamas\u0131 yapan Manchester City Teknik Direkt\u00f6r\u00fc Pep Guardiola&#8217;ya te\u015fekk\u00fcr etti.<\/p>\n<p>\u0130rade Ampute Futbol Tak\u0131m\u0131 oyuncular\u0131, kaydettikleri videoyla Guardiola&#8217;y\u0131 tak\u0131m\u0131n onursal antren\u00f6r\u00fc olarak kabul etti.<\/p>\n<p><img decoding=\"async\" src=\"https:\/\/bihavadis.com\/wp-content\/uploads\/2026\/02\/gazzeden-filistin-davasini-destekleyen-pep-guardiolaya-tesekkur-mesaji-0-aLvNRaT5.jpg\"\/><\/p>\n<p><strong>&#8220;TE\u015eEKK\u00dcR EDER\u0130Z&#8221;<\/strong><\/p>\n<p>Tak\u0131mdan bir ampute futbolcu, <em><b>&#8220;D\u00fcnyaca \u00fcnl\u00fc teknik direkt\u00f6r Pep\u2019e insani duru\u015fu i\u00e7in y\u00fcrekten te\u015fekk\u00fcr ederiz. \u00d6zellikle Gazze genel olarak da Filistin halk\u0131n\u0131n yan\u0131nda duru\u015fu i\u00e7in de te\u015fekk\u00fcr ederiz.&#8221;<\/b><\/em> dedi.<\/p>\n<p><strong>&#8220;\u0130NSANLIK ADINA YAPILMI\u015e B\u0130R B\u0130LD\u0130R\u0130D\u0130R&#8221;<\/strong><\/p>\n<p>Filistinli futbolcu, Guardiola&#8217;n\u0131n g\u00fc\u00e7l\u00fcn\u00fcn yan\u0131nda de\u011fil Gazze&#8217;nin yan\u0131nda yer almas\u0131n\u0131n \u00f6nemli olud\u011funu aktararak, <em><b>&#8220;Bu, Filistin i\u00e7in bir bildiri olup ayn\u0131 zamanda insanl\u0131k ad\u0131na yap\u0131lm\u0131\u015f bir bildiridir.&#8221;<\/b><\/em> ifadesini kulland\u0131.<\/p>\n<p>Guardiola&#8217;n\u0131n Filistin kefiyesiyle foto\u011fraf\u0131n\u0131 ta\u015f\u0131yan ampute futbolcular, Gazze&#8217;de y\u0131k\u0131nt\u0131lar aras\u0131nda futbol oynad\u0131klar\u0131 g\u00f6r\u00fcnt\u00fcleri payla\u015ft\u0131.<\/p>\n<p><strong>NELER OLMU\u015eTU?<\/strong><\/p>\n<p>Guardiola, 30 Ocak&#8217;ta yapt\u0131\u011f\u0131 a\u00e7\u0131klamada,<em><b> &#8220;\u0130yi ak\u015famlar, selam\u00fcnaleyk\u00fcm&#8221; <\/b><\/em>diyerek konu\u015fmas\u0131na ba\u015flam\u0131\u015ft\u0131.<\/p>\n<p>\u0130spanyol teknik adam, <em><b>&#8220;Son iki y\u0131ld\u0131r sosyal medyada, televizyonda, enkaz\u0131n aras\u0131nda &#8216;annem nerede?&#8217; diye yalvaran, kendini videoya \u00e7eken bir \u00e7ocuk g\u00f6rd\u00fc\u011f\u00fcm\u00fczde ne d\u00fc\u015f\u00fcnd\u00fc\u011f\u00fcm\u00fcz\u00fc biliyorum. Ve ben her zaman \u015funu d\u00fc\u015f\u00fcn\u00fcyorum, onlar ne d\u00fc\u015f\u00fcn\u00fcyor olabilir? Bence onlar\u0131 yaln\u0131z b\u0131rakt\u0131k, terk ettik. Hep \u015f\u00f6yle dediklerini hayal ediyorum: &#8216;Neredesiniz? Gelin, bize yard\u0131m edin.&#8217; Ve \u015fu ana kadar, \u015fu anda bile bunu yapmad\u0131k.&#8221;<\/b><\/em> ifadelerini kullanm\u0131\u015ft\u0131.<\/p>\n","protected":false},"excerpt":{"rendered":"<p>\u0130rade Ampute Futbol Tak\u0131m\u0131 oyuncular\u0131, Manchester City Teknik Direkt\u00f6r\u00fc Pep Guardiola&#8217;ya te\u015fekk\u00fcr mesaj\u0131 g\u00f6nderdi.<\/p>\n","protected":false},"author":1,"featured_media":15815,"comment_status":"open","ping_status":"open","sticky":false,"template":"","format":"standard","meta":{"footnotes":""},"categories":[14],"tags":[414,365],"class_list":["post-15814","post","type-post","status-publish","format-standard","has-post-thumbnail","hentry","category-spor","tag-filistin","tag-futbol"],"_links":{"self":[{"href":"https:\/\/bihavadis.com\/index.php\/wp-json\/wp\/v2\/posts\/15814","targetHints":{"allow":["GET"]}}],"collection":[{"href":"https:\/\/bihavadis.com\/index.php\/wp-json\/wp\/v2\/posts"}],"about":[{"href":"https:\/\/bihavadis.com\/index.php\/wp-json\/wp\/v2\/types\/post"}],"author":[{"embeddable":true,"href":"https:\/\/bihavadis.com\/index.php\/wp-json\/wp\/v2\/users\/1"}],"replies":[{"embeddable":true,"href":"https:\/\/bihavadis.com\/index.php\/wp-json\/wp\/v2\/comments?post=15814"}],"version-history":[{"count":1,"href":"https:\/\/bihavadis.com\/index.php\/wp-json\/wp\/v2\/posts\/15814\/revisions"}],"predecessor-version":[{"id":15817,"href":"https:\/\/bihavadis.com\/index.php\/wp-json\/wp\/v2\/posts\/15814\/revisions\/15817"}],"wp:featuredmedia":[{"embeddable":true,"href":"https:\/\/bihavadis.com\/index.php\/wp-json\/wp\/v2\/media\/15815"}],"wp:attachment":[{"href":"https:\/\/bihavadis.com\/index.php\/wp-json\/wp\/v2\/media?parent=15814"}],"wp:term":[{"taxonomy":"category","embeddable":true,"href":"https:\/\/bihavadis.com\/index.php\/wp-json\/wp\/v2\/categories?post=15814"},{"taxonomy":"post_tag","embeddable":true,"href":"https:\/\/bihavadis.com\/index.php\/wp-json\/wp\/v2\/tags?post=15814"}],"curies":[{"name":"wp","href":"https:\/\/api.w.org\/{rel}","templated":true}]}}