{"id":15883,"date":"2026-02-04T23:18:08","date_gmt":"2026-02-04T23:18:08","guid":{"rendered":"https:\/\/bihavadis.com\/?p=15883"},"modified":"2026-02-04T23:18:08","modified_gmt":"2026-02-04T23:18:08","slug":"izsu-ekipleri-nobette","status":"publish","type":"post","link":"https:\/\/bihavadis.com\/index.php\/2026\/02\/04\/izsu-ekipleri-nobette\/","title":{"rendered":"\u0130ZSU ekipleri n\u00f6bette"},"content":{"rendered":"<p>Per\u015fembe g\u00fcn\u00fc \u0130zmir genelinde etkili olmas\u0131 beklenen \u015fiddetli ya\u011f\u0131\u015f, kuvvetli f\u0131rt\u0131na ve deniz seviyesindeki ge\u00e7ici y\u00fckselme \u00f6ncesinde \u0130ZSU ekipleri sahadaki haz\u0131rl\u0131klar\u0131n\u0131 yo\u011funla\u015ft\u0131rd\u0131. Olas\u0131 sel, su bask\u0131n\u0131 ve ula\u015f\u0131m aksakl\u0131klar\u0131na kar\u015f\u0131 kent genelinde \u00f6nleyici \u00e7al\u0131\u015fmalar aral\u0131ks\u0131z s\u00fcrd\u00fcr\u00fcl\u00fcyor.<\/p>\n<p>Meteoroloji Genel M\u00fcd\u00fcrl\u00fc\u011f\u00fc\u2019n\u00fcn de\u011ferlendirmelerine g\u00f6re 5 \u015eubat Per\u015fembe g\u00fcn\u00fc \u0130zmir genelinde kuvvetli sa\u011fanak ya\u011f\u0131\u015f ve f\u0131rt\u0131na beklenirken, deniz seviyesinde ge\u00e7ici y\u00fckselme (deniz kabarmas\u0131) riskine de dikkat \u00e7ekiliyor. \u00d6zellikle k\u0131y\u0131 kesimler ve deniz kotuna yak\u0131n b\u00f6lgelerde ya\u011fmur sular\u0131n\u0131n tahliyesinin zorla\u015fabilece\u011fine y\u00f6nelik \u00f6ng\u00f6r\u00fcler do\u011frultusunda \u0130ZSU ekipleri olas\u0131 olumsuzluklara kar\u015f\u0131 kent genelinde \u00f6nleyici \u00e7al\u0131\u015fmalar\u0131n\u0131 art\u0131rd\u0131. Bu kapsamda, ya\u011fmur suyu \u0131zgaralar\u0131, kanallar ve dere yataklar\u0131nda temizlik ve bak\u0131m faaliyetleri aral\u0131ks\u0131z s\u00fcrd\u00fcr\u00fcl\u00fcyor. Ya\u011fmur suyu hatlar\u0131nda biriken \u00e7amur, at\u0131k ve s\u00fcr\u00fcklenen malzemeler temizlenirken, dere yataklar\u0131nda su ak\u0131\u015f\u0131n\u0131 engelleyebilecek sazl\u0131klar, otlar ve evsel at\u0131klar kontroll\u00fc bi\u00e7imde ortadan kald\u0131r\u0131l\u0131yor.<\/p>\n<p><strong>Su birikintisi ya\u015fanan b\u00f6lgeler \u00f6ncelikli<\/strong><br \/>\u0130zmir\u2019de ocak ay\u0131nda metrekareye d\u00fc\u015fen 223,7 kilogram ya\u011f\u0131\u015fla\u00a0 88 y\u0131ll\u0131k ortalamalar\u0131n \u00fczerine \u00e7\u0131k\u0131ld\u0131. Ya\u011f\u0131\u015fl\u0131 havan\u0131n aral\u0131klarla etkisini s\u00fcrd\u00fcrmesi beklenirken, \u0130ZSU ekipleri ba\u015fta ge\u00e7mi\u015f d\u00f6nemlerde su birikintilerinin ya\u015fand\u0131\u011f\u0131 cadde ve sokaklarda \u0131zgara temizli\u011fi yaparak ya\u011fmur sular\u0131n\u0131n sa\u011fl\u0131kl\u0131 \u015fekilde tahliye edilmesini sa\u011fl\u0131yor.<\/p>\n<p><strong>Deniz y\u00fckselmesine kar\u015f\u0131 yo\u011fun \u00f6nlem<\/strong><br \/>\u015eiddetli ya\u011f\u0131\u015f ve f\u0131rt\u0131nayla birlikte ya\u015fanabilecek deniz y\u00fckselmesinin ya\u011fmur suyu de\u015farjlar\u0131n\u0131 olumsuz etkilememesi i\u00e7in k\u0131y\u0131 b\u00f6lgelerdeki hatlar, \u0131zgaralar ve terfi sistemleri kontrol edildi. Ekipler, deniz seviyesindeki ge\u00e7ici y\u00fckselmenin neden olabilece\u011fi geri tepmeler ve su bask\u0131nlar\u0131na kar\u015f\u0131 kritik noktalarda yo\u011fun \u00e7aba g\u00f6steriyor.<\/p>\n<p><strong>T\u00fcm birimler koordinasyon i\u00e7inde<\/strong><br \/>\u0130ZSU, ya\u011f\u0131\u015f s\u00fcresince \u0130zmir B\u00fcy\u00fck\u015fehir Belediyesi\u2019nin ilgili t\u00fcm birimleriyle koordinasyon i\u00e7inde \u00e7al\u0131\u015facak. Olas\u0131 ihbarlara h\u0131zl\u0131 m\u00fcdahale edilebilmesi i\u00e7in t\u00fcm ekipler sahada g\u00f6rev yapacak.<\/p>\n<p>\u00a0<\/p>\n<p>Kaynak: (BYZHA) Beyaz Haber Ajans\u0131<\/p>\n","protected":false},"excerpt":{"rendered":"<p>Per\u015fembe g\u00fcn\u00fc \u0130zmir genelinde etkili olmas\u0131 beklenen \u015fiddetli ya\u011f\u0131\u015f, kuvvetli f\u0131rt\u0131na ve deniz seviyesindeki ge\u00e7ici y\u00fckselme \u00f6ncesinde \u0130ZSU ekipleri sahadaki haz\u0131rl\u0131klar\u0131n\u0131 yo\u011funla\u015ft\u0131rd\u0131. Olas\u0131 sel, su bask\u0131n\u0131 ve ula\u015f\u0131m aksakl\u0131klar\u0131na kar\u015f\u0131 kent genelinde \u00f6nleyici \u00e7al\u0131\u015fmalar aral\u0131ks\u0131z s\u00fcrd\u00fcr\u00fcl\u00fcyor.<\/p>\n","protected":false},"author":1,"featured_media":15884,"comment_status":"open","ping_status":"open","sticky":false,"template":"","format":"standard","meta":{"footnotes":""},"categories":[4],"tags":[850,279,1165,1447,3110],"class_list":["post-15883","post","type-post","status-publish","format-standard","has-post-thumbnail","hentry","category-gundem","tag-deniz","tag-ekipler","tag-yagis","tag-yagmur","tag-yukselme"],"_links":{"self":[{"href":"https:\/\/bihavadis.com\/index.php\/wp-json\/wp\/v2\/posts\/15883","targetHints":{"allow":["GET"]}}],"collection":[{"href":"https:\/\/bihavadis.com\/index.php\/wp-json\/wp\/v2\/posts"}],"about":[{"href":"https:\/\/bihavadis.com\/index.php\/wp-json\/wp\/v2\/types\/post"}],"author":[{"embeddable":true,"href":"https:\/\/bihavadis.com\/index.php\/wp-json\/wp\/v2\/users\/1"}],"replies":[{"embeddable":true,"href":"https:\/\/bihavadis.com\/index.php\/wp-json\/wp\/v2\/comments?post=15883"}],"version-history":[{"count":1,"href":"https:\/\/bihavadis.com\/index.php\/wp-json\/wp\/v2\/posts\/15883\/revisions"}],"predecessor-version":[{"id":15885,"href":"https:\/\/bihavadis.com\/index.php\/wp-json\/wp\/v2\/posts\/15883\/revisions\/15885"}],"wp:featuredmedia":[{"embeddable":true,"href":"https:\/\/bihavadis.com\/index.php\/wp-json\/wp\/v2\/media\/15884"}],"wp:attachment":[{"href":"https:\/\/bihavadis.com\/index.php\/wp-json\/wp\/v2\/media?parent=15883"}],"wp:term":[{"taxonomy":"category","embeddable":true,"href":"https:\/\/bihavadis.com\/index.php\/wp-json\/wp\/v2\/categories?post=15883"},{"taxonomy":"post_tag","embeddable":true,"href":"https:\/\/bihavadis.com\/index.php\/wp-json\/wp\/v2\/tags?post=15883"}],"curies":[{"name":"wp","href":"https:\/\/api.w.org\/{rel}","templated":true}]}}