{"id":15924,"date":"2026-02-05T00:00:05","date_gmt":"2026-02-05T00:00:05","guid":{"rendered":"https:\/\/bihavadis.com\/?p=15924"},"modified":"2026-02-05T00:00:05","modified_gmt":"2026-02-05T00:00:05","slug":"fikirden-pazara-yeni-nesil-girisimcilik-modeli","status":"publish","type":"post","link":"https:\/\/bihavadis.com\/index.php\/2026\/02\/05\/fikirden-pazara-yeni-nesil-girisimcilik-modeli\/","title":{"rendered":"Fikirden Pazara Yeni Nesil Giri\u015fimcilik Modeli"},"content":{"rendered":"<p>Yeditepe \u00dcniversitesi Ar-GE ve \u0130novasyondan Sorumlu Rekt\u00f6r Yard\u0131mc\u0131s\u0131 Prof. Dr. O\u011fuz Bayat, \u00fcniversitelerde \u00fcretilen bilginin yaln\u0131zca akademik s\u0131n\u0131rlarda kalmamas\u0131n\u0131, ger\u00e7ek hayatta kar\u015f\u0131l\u0131k bulan, insana ve topluma dokunan bir de\u011fere d\u00f6n\u00fc\u015fmesini \u00f6nemsediklerini belirterek \u201cBu anlay\u0131\u015fla, bir fikrin ortaya \u00e7\u0131k\u0131\u015f\u0131ndan \u00fcr\u00fcne d\u00f6n\u00fc\u015fmesine, \u015firketle\u015fmesine, yat\u0131r\u0131m almas\u0131na ve uluslararas\u0131 pazarlara a\u00e7\u0131lmas\u0131na kadar uzanan, ba\u015ftan sona d\u00fc\u015f\u00fcn\u00fclm\u00fc\u015f bir yap\u0131 olu\u015fturduk; akademik bilgi ile giri\u015fimcilik k\u00fclt\u00fcr\u00fcn\u00fc bir araya getirerek bilginin kal\u0131c\u0131 ve somut bir faydaya d\u00f6n\u00fc\u015fmesini hedefliyoruz\u201d dedi. Prof. Dr. O\u011fuz Bayat, Yeditepe \u00dcniversitesi\u2019nde kurulan, yeni nesil teknoloji ve giri\u015fimcilik modelini anlatt\u0131:\u00a0<\/p>\n<p><strong>\u0130ki Alanda Birlikte \u00c7al\u0131\u015fan B\u00fct\u00fcnc\u00fcl Yap\u0131<\/strong><\/p>\n<p>Kurulan sistem, kamp\u00fcs i\u00e7indeki \u00e7al\u0131\u015fma alanlar\u0131 ile Teknopark \u0130stanbul b\u00fcnyesinde yer alan Teknoloji \u00dcss\u00fc olmak \u00fczere iki ayr\u0131 fiziksel alanda birlikte \u00e7al\u0131\u015fan, birbirini tamamlayan ve s\u00fcrekli etkile\u015fim i\u00e7inde olan bir yap\u0131dan olu\u015fmaktad\u0131r. Kamp\u00fcs i\u00e7indeki alanlar fikir \u00fcretimi ve \u00f6n kulu\u00e7ka s\u00fcrecine odaklan\u0131rken, Teknopark \u0130stanbul\u2019daki merkezler ticarile\u015fme, Ar-Ge ve \u00f6l\u00e7eklenme a\u015famalar\u0131n\u0131 kapsamaktad\u0131r. Bu iki alan aras\u0131nda do\u011fal ve s\u00fcrd\u00fcr\u00fclebilir bir ge\u00e7i\u015f mekanizmas\u0131 olu\u015fturulmu\u015ftur.\u00a0<\/p>\n<p><strong>Kamp\u00fcste Fikirden Ba\u015flayan S\u00fcre\u00e7: IdeaLab<\/strong><\/p>\n<p>Kamp\u00fcs i\u00e7indeki ilk a\u015famay\u0131 temsil eden IdeaLab, \u00f6n kulu\u00e7ka s\u00fcrecinin y\u00fcr\u00fct\u00fcld\u00fc\u011f\u00fc bir fikir laboratuvar\u0131 olarak konumlanmaktad\u0131r. Kamp\u00fcs\u00fcn giri\u015finde yer alan bu alanda \u00f6\u011frenciler, akademisyenler ve d\u0131\u015far\u0131dan gelen giri\u015fimciler birlikte \u00e7al\u0131\u015fmakta; hen\u00fcz \u015firketle\u015fmemi\u015f ancak potansiyel ta\u015f\u0131yan fikirler burada olgunla\u015ft\u0131r\u0131lmaktad\u0131r. IdeaLab\u2019de ama\u00e7, fikri netle\u015ftirmek, ekipleri olu\u015fturmak, ilk prototip ve i\u015f modeli \u00fczerinde \u00e7al\u0131\u015fmak olup, \u015firketle\u015fme s\u00fcreci bir sonraki a\u015famada ba\u015flamaktad\u0131r.<\/p>\n<p><strong>Teknoloji \u00dcss\u00fc\u2019nde Ara\u015ft\u0131rma, Ticarile\u015fme ve \u00d6l\u00e7eklenme<\/strong><\/p>\n<p>Fikirler olgunla\u015ft\u0131ktan sonra projeler, Teknopark \u0130stanbul\u2019daki Teknoloji \u00dcss\u00fc\u2019ne ta\u015f\u0131nmakta ve geli\u015fimlerini burada s\u00fcrd\u00fcrmektedir. Ayn\u0131 katta yer alan \u00fc\u00e7 farkl\u0131 merkez ise, bu s\u00fcrecin hem ara\u015ft\u0131rma hem de ticarile\u015fme boyutunu bir arada destekleyen b\u00fct\u00fcnl\u00fckl\u00fc bir yap\u0131 olu\u015fturmaktad\u0131r.<\/p>\n<p><strong>AI for Industry Ara\u015ft\u0131rma Merkezi<\/strong><\/p>\n<p>AI for Industry Ara\u015ft\u0131rma Merkezi, Fraunhofer Almanya ile ortak olarak faaliyet g\u00f6stermekte ve end\u00fcstri i\u00e7in yapay zeka odakl\u0131 \u00e7al\u0131\u015fmalar y\u00fcr\u00fctmektedir. Akademi ve sanayi i\u015f birli\u011fiyle geli\u015ftirilen projeler arac\u0131l\u0131\u011f\u0131yla uluslararas\u0131 i\u015f birlikleri kurulmakta ve kurumsal Ar-Ge faaliyetleri ger\u00e7ekle\u015ftirilmektedir. Merkezimizin a\u00e7\u0131l\u0131\u015f\u0131 Mart ay\u0131nda, uluslararas\u0131 payda\u015flar\u0131m\u0131z\u0131n ve \u00fcst d\u00fczey davetlilerin kat\u0131l\u0131m\u0131yla ger\u00e7ekle\u015ftirilecektir.<\/p>\n<p><strong>Venture Studio: \u015eirket \u00c7\u0131karma Modeli<\/strong><\/p>\n<p>Teknoloji \u00dcss\u00fc b\u00fcnyesinde yer alan Venture Studio, klasik kulu\u00e7ka modellerinden farkl\u0131 olarak, d\u00fcnyada yayg\u0131nla\u015fan \u015firket \u00e7\u0131karma merkezi yakla\u015f\u0131m\u0131yla yap\u0131land\u0131r\u0131lm\u0131\u015ft\u0131r. Venture Studio \u00e7at\u0131s\u0131 alt\u0131nda \u00f6\u011frenciler, akademisyenler, sanayi temsilcileri ve yat\u0131r\u0131mc\u0131lar ayn\u0131 yap\u0131 i\u00e7inde bir araya gelmekte; fikirler \u015firketle\u015fmekte, \u00fcr\u00fcnler ticarile\u015fmekte ve uluslararas\u0131 pazarlara a\u00e7\u0131lacak \u015fekilde haz\u0131rlanmaktad\u0131r. Bu yap\u0131 yaln\u0131zca \u00fcniversite i\u00e7inden de\u011fil, d\u0131\u015f payda\u015flara da a\u00e7\u0131k olup, ortalama on iki ay s\u00fcren s\u00fcre\u00e7 sonunda \u015firketler mezun edilmekte ve geli\u015fimleri yak\u0131ndan takip edilmektedir.<\/p>\n<p><strong>S\u00fcrd\u00fcr\u00fclebilirlik Odakl\u0131 \u00c7al\u0131\u015fmalar: Dekarbonizasyon Merkezi<\/strong><\/p>\n<p>Teknoloji \u00dcss\u00fc\u2019ndeki \u00fc\u00e7\u00fcnc\u00fc yap\u0131 olan Dekarbonizasyon Merkezi, proje bazl\u0131 \u00e7al\u0131\u015fmalar y\u00fcr\u00fctmekte ve \u0130SKA destekli bir T\u00dcB\u0130TAK projesi kapsam\u0131nda faaliyet g\u00f6stermektedir. Merkez, karbon ayak izi, enerji ve sanayi d\u00f6n\u00fc\u015f\u00fcm\u00fc alanlar\u0131nda s\u00fcrd\u00fcr\u00fclebilir \u00e7\u00f6z\u00fcmler geli\u015ftirmeyi hedeflemektedir.<\/p>\n<p><strong>350 Aktif Proje ve Somut \u00c7\u0131kt\u0131lar<\/strong><\/p>\n<p>Kurulan bu yap\u0131 kapsam\u0131nda bug\u00fcn yakla\u015f\u0131k 350 aktif proje e\u015f zamanl\u0131 olarak y\u00fcr\u00fct\u00fclmektedir. Bu projeler; \u00f6\u011frenciler ve akademisyenler taraf\u0131ndan geli\u015ftirilen \u00e7al\u0131\u015fmalar\u0131n yan\u0131 s\u0131ra, d\u0131\u015f payda\u015flarla kurulan i\u015f birliklerini de i\u00e7ermekte ve T\u00dcB\u0130TAK, Avrupa Birli\u011fi, \u00f6zel sekt\u00f6r ile uluslararas\u0131 fon kaynaklar\u0131 taraf\u0131ndan desteklenmektedir. \u00c7o\u011fu zaman k\u00fc\u00e7\u00fck \u00f6l\u00e7ekli fonlarla ba\u015flayan bu yolculuk, zamanla daha b\u00fcy\u00fck yat\u0131r\u0131mlara ve ticarile\u015fme a\u015famas\u0131na ula\u015fmaktad\u0131r. S\u00fcre\u00e7 yaln\u0131zca potansiyel \u00fcretmekle s\u0131n\u0131rl\u0131 kalmamakta; Teknofest ve uluslararas\u0131 yar\u0131\u015fmalarda elde edilen ba\u015far\u0131lar, Take Off gibi ulusal ve uluslararas\u0131 teknoloji fuarlar\u0131nda tan\u0131t\u0131lan ve yat\u0131r\u0131m alan giri\u015fimler gibi somut \u00e7\u0131kt\u0131larla da kendini g\u00f6stermektedir.<\/p>\n<p><strong>T\u00dcB\u0130TAK B\u0130GG Program\u0131 ile Ulusal \u00d6l\u00e7ekte Etki<\/strong><\/p>\n<p>Ekosistemin \u00f6nemli bile\u015fenlerinden biri de T\u00dcB\u0130TAK B\u0130GG Program\u0131\u2019d\u0131r. Yeditepe \u00dcniversitesi, Medipol \u00dcniversitesi ve K\u00fclt\u00fcr \u00dcniversitesi\u2019nin yer ald\u0131\u011f\u0131 konsorsiyum yap\u0131s\u0131 kapsam\u0131nda y\u00fcr\u00fct\u00fclen program arac\u0131l\u0131\u011f\u0131yla, T\u00fcrkiye genelinden gelen giri\u015fimcilik projeleri de\u011ferlendirilmektedir. Uygun bulunan projelere 1 ila 1,5 milyon TL aras\u0131nda fon sa\u011flanmakta; fon alan giri\u015fimler kamp\u00fcs i\u00e7inde, Teknopark \u0130stanbul\u2019da veya Venture Studio b\u00fcnyesinde \u00e7al\u0131\u015fmalar\u0131n\u0131 s\u00fcrd\u00fcrebilmektedir.<\/p>\n<p><strong>Uzun Vadeli Hedef: S\u00fcrd\u00fcr\u00fclebilir ve Uluslararas\u0131 Etki<\/strong><\/p>\n<p>Yeditepe \u00dcniversitesi olarak vizyonumuz; \u00fcniversitede \u00fcretilen bilginin giri\u015fimcilik, teknoloji ve sanayiyle bulu\u015farak s\u0131n\u0131rlar\u0131 a\u015fan, kal\u0131c\u0131 ve d\u00f6n\u00fc\u015ft\u00fcr\u00fcc\u00fc bir etki yaratmas\u0131d\u0131r. Gen\u00e7lerin, akademisyenlerin ve giri\u015fimcilerin potansiyelini ortak bir gelecek hedefinde bulu\u015fturan bu yakla\u015f\u0131m; T\u00fcrkiye\u2019nin teknoloji yolculu\u011funa y\u00f6n veren, ulusal \u00f6l\u00e7ekte g\u00fc\u00e7 kazanan ve uluslararas\u0131 alanda kar\u015f\u0131l\u0131k bulan s\u00fcrd\u00fcr\u00fclebilir bir model olarak kararl\u0131l\u0131kla ilerlemektedir<\/p>\n<p>\u00a0<\/p>\n<p>Kaynak: (BYZHA) Beyaz Haber Ajans\u0131<\/p>\n","protected":false},"excerpt":{"rendered":"<p>Yeditepe \u00dcniversitesi Ar-GE ve \u0130novasyondan Sorumlu Rekt\u00f6r Yard\u0131mc\u0131s\u0131 Prof. Dr. O\u011fuz Bayat, \u00fcniversitelerde \u00fcretilen bilginin yaln\u0131zca akademik s\u0131n\u0131rlarda kalmamas\u0131n\u0131, ger\u00e7ek hayatta kar\u015f\u0131l\u0131k bulan, insana ve topluma dokunan bir de\u011fere d\u00f6n\u00fc\u015fmesini \u00f6nemsediklerini belirterek \u201cBu anlay\u0131\u015fla, bir fikrin ortaya \u00e7\u0131k\u0131\u015f\u0131ndan \u00fcr\u00fcne d\u00f6n\u00fc\u015fmesine, \u015firketle\u015fmesine, yat\u0131r\u0131m almas\u0131na ve uluslararas\u0131 pazarlara a\u00e7\u0131lmas\u0131na kadar uzanan, ba\u015ftan sona d\u00fc\u015f\u00fcn\u00fclm\u00fc\u015f bir yap\u0131 olu\u015fturduk; akademik bilgi ile giri\u015fimcilik<\/p>\n","protected":false},"author":1,"featured_media":15925,"comment_status":"open","ping_status":"open","sticky":false,"template":"","format":"standard","meta":{"footnotes":""},"categories":[8],"tags":[382,378,234,922,587],"class_list":["post-15924","post","type-post","status-publish","format-standard","has-post-thumbnail","hentry","category-ekonomi","tag-alan","tag-calisma","tag-merkez","tag-sirket","tag-yapi"],"_links":{"self":[{"href":"https:\/\/bihavadis.com\/index.php\/wp-json\/wp\/v2\/posts\/15924","targetHints":{"allow":["GET"]}}],"collection":[{"href":"https:\/\/bihavadis.com\/index.php\/wp-json\/wp\/v2\/posts"}],"about":[{"href":"https:\/\/bihavadis.com\/index.php\/wp-json\/wp\/v2\/types\/post"}],"author":[{"embeddable":true,"href":"https:\/\/bihavadis.com\/index.php\/wp-json\/wp\/v2\/users\/1"}],"replies":[{"embeddable":true,"href":"https:\/\/bihavadis.com\/index.php\/wp-json\/wp\/v2\/comments?post=15924"}],"version-history":[{"count":1,"href":"https:\/\/bihavadis.com\/index.php\/wp-json\/wp\/v2\/posts\/15924\/revisions"}],"predecessor-version":[{"id":15926,"href":"https:\/\/bihavadis.com\/index.php\/wp-json\/wp\/v2\/posts\/15924\/revisions\/15926"}],"wp:featuredmedia":[{"embeddable":true,"href":"https:\/\/bihavadis.com\/index.php\/wp-json\/wp\/v2\/media\/15925"}],"wp:attachment":[{"href":"https:\/\/bihavadis.com\/index.php\/wp-json\/wp\/v2\/media?parent=15924"}],"wp:term":[{"taxonomy":"category","embeddable":true,"href":"https:\/\/bihavadis.com\/index.php\/wp-json\/wp\/v2\/categories?post=15924"},{"taxonomy":"post_tag","embeddable":true,"href":"https:\/\/bihavadis.com\/index.php\/wp-json\/wp\/v2\/tags?post=15924"}],"curies":[{"name":"wp","href":"https:\/\/api.w.org\/{rel}","templated":true}]}}