{"id":15998,"date":"2026-02-05T01:18:09","date_gmt":"2026-02-05T01:18:09","guid":{"rendered":"https:\/\/bihavadis.com\/?p=15998"},"modified":"2026-02-05T01:18:09","modified_gmt":"2026-02-05T01:18:09","slug":"diyarbakirlilar-terorsuz-turkiye-sureci-icin-devlet-bahceliye-tesekkur-etti","status":"publish","type":"post","link":"https:\/\/bihavadis.com\/index.php\/2026\/02\/05\/diyarbakirlilar-terorsuz-turkiye-sureci-icin-devlet-bahceliye-tesekkur-etti\/","title":{"rendered":"Diyarbak\u0131rl\u0131lar Ter\u00f6rs\u00fcz T\u00fcrkiye s\u00fcreci i\u00e7in Devlet Bah\u00e7eli&#8217;ye te\u015fekk\u00fcr etti"},"content":{"rendered":"<p>Milliyet\u00e7i Hareket Partisi (MHP), Diyarbak\u0131r\u2019\u0131n Sur il\u00e7esinde anlaml\u0131 anlara imza att\u0131. Berat Kandili dolay\u0131s\u0131yla Kur\u015funlu Camii \u00f6n\u00fcnde vatanda\u015flara kandil simidi, tatl\u0131 ve meyve suyu ikram eden MHP \u0130l Te\u015fkilat\u0131, vatanda\u015flar\u0131 dinleyerek bar\u0131\u015f mesaj\u0131 verdi.<\/p>\n<p><strong>TER\u00d6RS\u00dcZ T\u00dcRK\u0130YE DESTE\u011e\u0130 <\/strong><\/p>\n<p>Diyarbak\u0131r halk\u0131, MHP Genel Ba\u015fkan\u0131 Devlet Bah\u00e7eli\u2019ye \u201cTer\u00f6rs\u00fcz T\u00fcrkiye\u201d s\u00fcrecine verdi\u011fi destekten dolay\u0131 te\u015fekk\u00fcr etti.<\/p>\n<p>Bir d\u00f6nem ter\u00f6r olaylar\u0131yla an\u0131lan Sur il\u00e7esindeki tarihi Kur\u015funlu Cami \u00f6n\u00fcnde ger\u00e7ekle\u015ftirilen programda, vatanda\u015flara kandil simidi, tatl\u0131 ve meyve suyu ikram edildi. Vatanda\u015flar\u0131n yo\u011fun ilgi g\u00f6sterdi\u011fi etkinlikte birlik, beraberlik ve bar\u0131\u015f vurgusu \u00f6n plana \u00e7\u0131kt\u0131.\u00a0<\/p>\n<p><img decoding=\"async\" src=\"https:\/\/bihavadis.com\/wp-content\/uploads\/2026\/02\/diyarbakirlilar-terorsuz-turkiye-sureci-icin-devlet-bahceliye-tesekkur-etti-0-Wn9UnS2p.jpg\"\/><\/p>\n<p><strong>HALKTAN BAH\u00c7EL\u0130YE YO\u011eUN \u0130LG\u0130 <\/strong><\/p>\n<p>Devlet Bah\u00e7eli\u2019nin kandilini kutlayan vatanda\u015f, &#8216;<em><b>&#8216;Kandiliniz m\u00fcbarek olsun Say\u0131n Devlet Bah\u00e7eli&#8221;<\/b><\/em> ifadelerine yer verdi.<\/p>\n<p><img decoding=\"async\" src=\"https:\/\/bihavadis.com\/wp-content\/uploads\/2026\/02\/diyarbakirlilar-terorsuz-turkiye-sureci-icin-devlet-bahceliye-tesekkur-etti-1-4eg53iRm.jpg\"\/><\/p>\n<p><strong>&#8221;DEVLET BAH\u00c7EL\u0130N\u0130N ELLER\u0130NDEN \u00d6PER\u0130M&#8221;<\/strong><\/p>\n<p>Kandil vesilesi ile cami \u00f6n\u00fcnde toplanan halk Devlet Bah\u00e7eli&#8217;ye dua ettiklerini s\u00f6yledi.\u00a0<\/p>\n<p>Vatanda\u015flardan Mehmet Yener ise<b><em> &#8221;Devlet Bah\u00e7eli\u2019nin kandilini kutluyorum, ellerinden \u00f6perim. Bar\u0131\u015f \u00e7a\u011fr\u0131s\u0131 yapt\u0131\u011f\u0131 i\u00e7inde kendisine te\u015fekk\u00fcr ederim&#8221; <\/em><\/b>dedi.<\/p>\n<p>Bir di\u011fer vatanda\u015f Sabri Ak\u0131nc\u0131 da Devlet Bah\u00e7eli\u2019ye bar\u0131\u015f s\u00fcrecine verdi\u011fi desteklerden dolay\u0131 te\u015fekk\u00fcrlerini iletti.<\/p>\n","protected":false},"excerpt":{"rendered":"<p>Sur il\u00e7esinde ger\u00e7ekle\u015fen kandil ziyareti, Diyarbak\u0131r halk\u0131n\u0131n Devlet Bah\u00e7eli\u2019ye Ter\u00f6rs\u00fcz T\u00fcrkiye s\u00fcrecindeki duru\u015fu i\u00e7in te\u015fekk\u00fcr ve minnet duygular\u0131na sahne oldu.<\/p>\n","protected":false},"author":1,"featured_media":15999,"comment_status":"open","ping_status":"open","sticky":false,"template":"","format":"standard","meta":{"footnotes":""},"categories":[9,13],"tags":[1247,2753,1226],"class_list":["post-15998","post","type-post","status-publish","format-standard","has-post-thumbnail","hentry","category-genel","category-son-dakika","tag-devlet","tag-kandil","tag-vatandas"],"_links":{"self":[{"href":"https:\/\/bihavadis.com\/index.php\/wp-json\/wp\/v2\/posts\/15998","targetHints":{"allow":["GET"]}}],"collection":[{"href":"https:\/\/bihavadis.com\/index.php\/wp-json\/wp\/v2\/posts"}],"about":[{"href":"https:\/\/bihavadis.com\/index.php\/wp-json\/wp\/v2\/types\/post"}],"author":[{"embeddable":true,"href":"https:\/\/bihavadis.com\/index.php\/wp-json\/wp\/v2\/users\/1"}],"replies":[{"embeddable":true,"href":"https:\/\/bihavadis.com\/index.php\/wp-json\/wp\/v2\/comments?post=15998"}],"version-history":[{"count":1,"href":"https:\/\/bihavadis.com\/index.php\/wp-json\/wp\/v2\/posts\/15998\/revisions"}],"predecessor-version":[{"id":16002,"href":"https:\/\/bihavadis.com\/index.php\/wp-json\/wp\/v2\/posts\/15998\/revisions\/16002"}],"wp:featuredmedia":[{"embeddable":true,"href":"https:\/\/bihavadis.com\/index.php\/wp-json\/wp\/v2\/media\/15999"}],"wp:attachment":[{"href":"https:\/\/bihavadis.com\/index.php\/wp-json\/wp\/v2\/media?parent=15998"}],"wp:term":[{"taxonomy":"category","embeddable":true,"href":"https:\/\/bihavadis.com\/index.php\/wp-json\/wp\/v2\/categories?post=15998"},{"taxonomy":"post_tag","embeddable":true,"href":"https:\/\/bihavadis.com\/index.php\/wp-json\/wp\/v2\/tags?post=15998"}],"curies":[{"name":"wp","href":"https:\/\/api.w.org\/{rel}","templated":true}]}}