{"id":16051,"date":"2026-02-05T02:12:10","date_gmt":"2026-02-05T02:12:10","guid":{"rendered":"https:\/\/bihavadis.com\/?p=16051"},"modified":"2026-02-05T02:12:10","modified_gmt":"2026-02-05T02:12:10","slug":"ismail-kilicarslan-yazdi-epsteintan-sonra-batinin-yuksek-standartlari","status":"publish","type":"post","link":"https:\/\/bihavadis.com\/index.php\/2026\/02\/05\/ismail-kilicarslan-yazdi-epsteintan-sonra-batinin-yuksek-standartlari\/","title":{"rendered":"\u0130smail K\u0131l\u0131\u00e7arslan yazd\u0131: Epstein&#8217;tan sonra Bat\u0131&#8217;n\u0131n y\u00fcksek standartlar\u0131"},"content":{"rendered":"<p>ABD\u2019li milyarder Jeffrey Epstein, y\u0131llar boyunca kurdu\u011fu pedofili ve fuhu\u015f a\u011f\u0131 ile yaln\u0131zda bir adli bir dosya de\u011fil, \u00e7ok daha \u00f6tesi&#8230;<\/p>\n<p>Siyaset, i\u015f d\u00fcnyas\u0131 ve elit \u00e7evrelerle kurdu\u011fu ili\u015fkiler, Epstein dosyas\u0131n\u0131 s\u0131radan bir su\u00e7 soru\u015fturmas\u0131n\u0131n \u00f6tesine ta\u015f\u0131d\u0131.<\/p>\n<p>Son d\u00f6nemde kamuoyuna a\u00e7\u0131klanan yeni belge ve yaz\u0131\u015fmalar, Epstein\u2019in su\u00e7 a\u011f\u0131n\u0131n kapsam\u0131na ve temas etti\u011fi isimlere dair tart\u0131\u015fmalar\u0131 yeniden alevlendirdi.<\/p>\n<p>A\u00e7\u0131klanan belgelerde ba\u015fta ABD Ba\u015fkan\u0131 Donald Trump olmak \u00fczere bir\u00e7ok \u00fcnl\u00fc ismin ad\u0131 ge\u00e7erken\u00a0Yeni \u015eafak Gazetesi K\u00f6\u015fe Yazar\u0131 \u0130smail K\u0131l\u0131\u00e7arslan, sosyal medyada payla\u015ft\u0131\u011f\u0131 son yaz\u0131s\u0131nda konuyu g\u00fcndemine ta\u015f\u0131d\u0131.\u00a0<\/p>\n<p>Bat\u0131&#8217;y\u0131 iki y\u00fczl\u00fcl\u00fck ile su\u00e7layan K\u0131l\u0131\u00e7arslan, kaleme ald\u0131\u011f\u0131 yaz\u0131da sert ifadeler kulland\u0131.\u00a0<\/p>\n<p><em><b>&#8220;EPSTE\u0130N&#8217;TAN SONRA BATININ Y\u00dcKSEK STANDARTLARI&#8221;<\/b><\/em> ba\u015fl\u0131\u011f\u0131na yer veren K\u0131l\u0131\u00e7arslan, \u015funlar\u0131 kaydetti:\u00a0<\/p>\n<p><strong>&#8220;BATI KURUMLARI \u00c7OCUK KANI \u0130\u00c7EN A\u015eA\u011eILIK ADAMLARIN Y\u00d6NETT\u0130\u011e\u0130 KURUMLARMI\u015e&#8221;<\/strong><\/p>\n<p>Mustafa Yenero\u011flu mesela di mi bu anlat\u0131n\u0131n sembol ismi? (Burak Yenero\u011flu da bunun bir \u015feyi herhalde.) <\/p>\n<p>Ali Babacan mesela. Daron Acemo\u011flu mesela. Nefes almadan bize &#8220;bat\u0131n\u0131n y\u00fcksek standartlar\u0131&#8221;, &#8220;bat\u0131 kurumlar\u0131&#8221;, &#8220;bat\u0131n\u0131n kurumsall\u0131\u011f\u0131&#8221; falan diyerek \u00fczerimizde tepinen mebzul miktar libo\u015f yani. Noldu tam olarak, anlad\u0131lar m\u0131 acaba? <\/p>\n<p>Olan\u0131 s\u00f6yleyelim: &#8220;Bat\u0131 kurumu&#8221; dedi\u011finiz kurumlar \u00e7ocuk kan\u0131 i\u00e7en, pedofil, a\u015fa\u011f\u0131l\u0131k adamlar\u0131n y\u00f6netti\u011fi kurumlarm\u0131\u015f. &#8220;Standart&#8221; dedi\u011finiz de \u00e7ocuklara tecav\u00fcz etme al\u0131\u015fkanl\u0131\u011f\u0131ym\u0131\u015f.<\/p>\n<p><img decoding=\"async\" src=\"https:\/\/bihavadis.com\/wp-content\/uploads\/2026\/02\/ismail-kilicarslan-yazdi-epsteintan-sonra-batinin-yuksek-standartlari-0-6H5DAI6Y.jpg\"\/><\/p>\n<p><strong>&#8220;DAYILAR BATI HAKKINDA B\u0130Z\u0130M EZ\u0130KLERDEN DAHA FAZLA VER\u0130YE SAH\u0130PM\u0130\u015e&#8221;<\/strong><\/p>\n<p>Kahvedeki &#8220;d\u00fcnyay\u0131 be\u015f aile y\u00f6netiyor&#8221; deyip koz basan day\u0131lar bat\u0131 hakk\u0131nda bizim eziklerden \u00e7ok daha fazla veriye sahipmi\u015f, o \u00e7\u0131kt\u0131 ortaya. <\/p>\n<p>Gazze ve Epstein bat\u0131n\u0131n 300 y\u0131ll\u0131k s\u00fcsl\u00fc yalanlar\u0131n\u0131 balon patlat\u0131r gibi patlatt\u0131. Adamlar\u0131n kahraman\u0131n\u0131 Mamdani bile Epstein kuca\u011f\u0131nda b\u00fcy\u00fcm\u00fc\u015f lan. Ne anlatacaklar bize art\u0131k, \u00e7ok merak ediyorum. <\/p>\n<p>Kavala, Bar\u0131n falan hakk\u0131nda ne anlatacaklar lan bize art\u0131k? Valla \u00e7ok merak ediyorum. LGBT ideolojisi hakk\u0131nda mesela? Ne anlatacak, ne satacaklar bize art\u0131k?<\/p>\n<p><img decoding=\"async\" src=\"https:\/\/bihavadis.com\/wp-content\/uploads\/2026\/02\/ismail-kilicarslan-yazdi-epsteintan-sonra-batinin-yuksek-standartlari-1-dcItXIDm.jpg\"\/><\/p>\n<p><strong>&#8220;ACEMO\u011eULU&#8217;NUN KURUMLARI B\u0130R ADADA KAYBOLMU\u015e&#8221;<\/strong><\/p>\n<p>&#8220;Bat\u0131n\u0131n y\u00fcksek standartlar\u0131&#8221; he mi? Kurumlar\u0131, kurumsall\u0131\u011f\u0131 falan de\u011fil mi? Hamamlarda bitmi\u015f lan o standartlar. Acemo\u011flu&#8217;nun kurumlar\u0131 falan bir adada yok olmu\u015f. Destroyed lan:) <\/p>\n<p>Hadi \u015fimdi derin bir nefes al\u0131p &#8220;hukuk d\u00fczelmeden ekonomi asla d\u00fczelmez&#8221; falan gibi ola\u011fan\u00fcst\u00fc parlak fikirlerinizi satmaya devam edin bize. &#8220;\u00d6zg\u00fcrl\u00fckler \u015fey olmadan&#8221; falan diye nutuklar at\u0131n.<\/p>\n<p><img decoding=\"async\" src=\"https:\/\/bihavadis.com\/wp-content\/uploads\/2026\/02\/ismail-kilicarslan-yazdi-epsteintan-sonra-batinin-yuksek-standartlari-2-eHEDnV7S.jpg\"\/><\/p>\n<p><strong>&#8220;BATI STANDARTLARI H\u0130\u00c7 OLMAMI\u015eTI&#8221;<\/strong><\/p>\n<p>Yaz\u0131s\u0131n\u0131n sonunda <b><em>&#8220;Olan \u015fu&#8221;<\/em><\/b> diyen K\u0131l\u0131\u00e7arslan <em><b>&#8220;Bat\u0131 standartlar\u0131 yok art\u0131k. Asl\u0131nda hi\u00e7 olmam\u0131\u015ft\u0131. Sadece kuduz k\u00f6pekler gibi b\u00fct\u00fcn insanl\u0131\u011f\u0131 s\u00f6m\u00fcrerek alan a\u00e7m\u0131\u015f kendine. Bizim danalar da o alana inanm\u0131\u015ft\u0131. <\/b><\/em><\/p>\n<p><em><b>&#8220;Utans\u0131nlar&#8221; derdim ama utanmalar\u0131 yoktur ki onlar\u0131n. Sadece pozisyonunuz vard\u0131r. O pozisyonun ne oldu\u011fu da Epstein adas\u0131nda \u00e7\u0131kt\u0131 zaten ortaya.&#8221;<\/b><\/em> ifadelerini kulland\u0131.\u00a0<\/p>\n<p><img decoding=\"async\" src=\"https:\/\/bihavadis.com\/wp-content\/uploads\/2026\/02\/ismail-kilicarslan-yazdi-epsteintan-sonra-batinin-yuksek-standartlari-3-1XMtz5ez.jpg\"\/><\/p>\n","protected":false},"excerpt":{"rendered":"<p>Cezaevinde \u00f6l\u00fc bulunan ABD&#8217;li milyarder Jeffrey Epstein&#8217;\u0131n fuhu\u015f a\u011f\u0131na ili\u015fkin yay\u0131nlanan belgeler d\u00fcnyay\u0131 sarsarken konuyla ilgili bir yaz\u0131 kaleme alan \u0130smail K\u0131l\u0131\u00e7arslan, Bat\u0131&#8217;n\u0131n asla standartlar\u0131 olmad\u0131\u011f\u0131n\u0131 sadece b\u00fct\u00fcn insanl\u0131\u011f\u0131 s\u00f6m\u00fcrerek kendine alan a\u00e7t\u0131\u011f\u0131n\u0131 yazd\u0131.<\/p>\n","protected":false},"author":1,"featured_media":16052,"comment_status":"open","ping_status":"open","sticky":false,"template":"","format":"standard","meta":{"footnotes":""},"categories":[9,13],"tags":[3138,2183,3136,3139,3137],"class_list":["post-16051","post","type-post","status-publish","format-standard","has-post-thumbnail","hentry","category-genel","category-son-dakika","tag-bize","tag-epstein","tag-falan","tag-kurumlari","tag-standartlari"],"_links":{"self":[{"href":"https:\/\/bihavadis.com\/index.php\/wp-json\/wp\/v2\/posts\/16051","targetHints":{"allow":["GET"]}}],"collection":[{"href":"https:\/\/bihavadis.com\/index.php\/wp-json\/wp\/v2\/posts"}],"about":[{"href":"https:\/\/bihavadis.com\/index.php\/wp-json\/wp\/v2\/types\/post"}],"author":[{"embeddable":true,"href":"https:\/\/bihavadis.com\/index.php\/wp-json\/wp\/v2\/users\/1"}],"replies":[{"embeddable":true,"href":"https:\/\/bihavadis.com\/index.php\/wp-json\/wp\/v2\/comments?post=16051"}],"version-history":[{"count":1,"href":"https:\/\/bihavadis.com\/index.php\/wp-json\/wp\/v2\/posts\/16051\/revisions"}],"predecessor-version":[{"id":16057,"href":"https:\/\/bihavadis.com\/index.php\/wp-json\/wp\/v2\/posts\/16051\/revisions\/16057"}],"wp:featuredmedia":[{"embeddable":true,"href":"https:\/\/bihavadis.com\/index.php\/wp-json\/wp\/v2\/media\/16052"}],"wp:attachment":[{"href":"https:\/\/bihavadis.com\/index.php\/wp-json\/wp\/v2\/media?parent=16051"}],"wp:term":[{"taxonomy":"category","embeddable":true,"href":"https:\/\/bihavadis.com\/index.php\/wp-json\/wp\/v2\/categories?post=16051"},{"taxonomy":"post_tag","embeddable":true,"href":"https:\/\/bihavadis.com\/index.php\/wp-json\/wp\/v2\/tags?post=16051"}],"curies":[{"name":"wp","href":"https:\/\/api.w.org\/{rel}","templated":true}]}}