{"id":16060,"date":"2026-02-05T02:18:07","date_gmt":"2026-02-05T02:18:07","guid":{"rendered":"https:\/\/bihavadis.com\/?p=16060"},"modified":"2026-02-05T02:18:07","modified_gmt":"2026-02-05T02:18:07","slug":"menemende-afet-toplantisi","status":"publish","type":"post","link":"https:\/\/bihavadis.com\/index.php\/2026\/02\/05\/menemende-afet-toplantisi\/","title":{"rendered":"Menemen&#8217;de &#8216;afet&#8217; toplant\u0131s\u0131"},"content":{"rendered":"<p><b><i>Menemen&#8217;in olas\u0131 afetlere kar\u015f\u0131 haz\u0131r olmas\u0131 i\u00e7in il\u00e7edeki kamu kurulu\u015flar\u0131 ve STK&#8217;lar\u0131n kat\u0131l\u0131m\u0131yla &#8220;\u0130l\u00e7e Afet ve Acil Durum M\u00fcdahale Plan\u0131&#8221; toplant\u0131s\u0131 ger\u00e7ekle\u015ftirildi. Menemen Belediye Ba\u015fkan\u0131 Ayd\u0131n Pehlivan, &#8220;Menemen, afetlere kar\u015f\u0131 haz\u0131rl\u0131\u011f\u0131 bir tercih de\u011fil, vicdani bir sorumluluk olarak g\u00f6ren bir il\u00e7edir. \u00c7\u00fcnk\u00fc afet dedi\u011fimiz \u015fey yaln\u0131zca binalar\u0131 de\u011fil; aileleri, umutlar\u0131 ve hayalleri etkiler.&#8221; dedi.<\/i><\/b><\/p>\n<p>Menemen&#8217;in deprem ba\u015fta olmak \u00fczere t\u00fcm olas\u0131 afetlere haz\u0131r olmas\u0131 i\u00e7in ba\u015flat\u0131lan \u00e7al\u0131\u015fmalar t\u00fcm h\u0131z\u0131yla devam ediyor. Daha \u00f6nce Manisa merkezli bir deprem senaryosu \u00fczerinden ger\u00e7ekle\u015ftirilen b\u00fcy\u00fck tatbikat ve ard\u0131ndan Menemen \u0130ZBAN \u0130stasyonu&#8217;nda yap\u0131lan tatbikat\u0131n ard\u0131ndan son olarak Menemen Belediyesi K\u00fclt\u00fcr Merkezi&#8217;nde \u0130l\u00e7e Afet ve Acil Durum M\u00fcdahale Plan\u0131 toplant\u0131s\u0131 ger\u00e7ekle\u015ftirildi. Toplant\u0131ya, \u0130zmir Vali Yard\u0131mc\u0131s\u0131 \u0130smail \u00c7orumluo\u011flu, Menemen Kaymakam\u0131 Vedat Y\u0131lmaz, \u0130l\u00e7e Garnizon Komutan\u0131 Top\u00e7u Albay Zekeriya Tosun, Menemen Cumhuriyet Ba\u015fsavc\u0131s\u0131 H\u00fcseyin Ka\u00e7ar, \u0130l Afet ve Acil Durum M\u00fcd\u00fcr\u00fc Nazif Ekinci, kamu kurum ve kurulu\u015flar\u0131 ile STK temsilcileri ve muhtarlar kat\u0131ld\u0131.<\/p>\n<p><b>&#8220;Afet planlar\u0131m\u0131z\u0131 g\u00fcncelledik&#8221;<\/b><\/p>\n<p>Toplant\u0131da Menemen&#8217;in d\u00f6rt bir taraf\u0131n\u0131n olas\u0131 afet senaryolar\u0131 masaya yat\u0131r\u0131l\u0131rken, Menemen Belediye Ba\u015fkan\u0131 Ayd\u0131n Pehlivan, Menemen Belediyesi&#8217;nin afetlere kar\u015f\u0131 bug\u00fcne kadar yapt\u0131\u011f\u0131 \u00e7al\u0131\u015fmalar\u0131 ve hedeflerini payla\u015ft\u0131. Ba\u015fkan Pehlivan, &#8220;Menemen Belediyesi olarak g\u00f6reve geldi\u011fimiz ilk g\u00fcnden itibaren bu konuyu sadece bir g\u00f6rev de\u011fil, insani ve vicdani bir sorumluluk olarak ele ald\u0131k. Bu anlay\u0131\u015fla, g\u00f6reve gelir gelmez ilk i\u015f olarak Menemen Arama Kurtarma ve Kent Afet G\u00f6n\u00fcll\u00fcleri \u2013 MAKUR ekibimizi kurduk. Kuruldu\u011fu g\u00fcnden bu yana MAKUR ekibimiz; yaln\u0131zca bir arama kurtarma birimi de\u011fil, Menemen\u2019in afetlere kar\u015f\u0131 refleksini, dayan\u0131\u015fma ruhunu ve vicdan\u0131n\u0131 temsil eden, e\u011fitimli, disiplinli ve her an sahaya \u00e7\u0131kmaya haz\u0131r bir yap\u0131 haline gelmi\u015ftir. Bununla birlikte sadece ekip kurmakla yetinmeyerek Afet \u0130\u015fleri M\u00fcd\u00fcrl\u00fc\u011f\u00fcm\u00fcz\u00fc k\u0131sa s\u00fcrede g\u00fc\u00e7lendirdik ve yakla\u015f\u0131k 60 milyon liral\u0131k ekipman yat\u0131r\u0131m\u0131yla orta d\u00fczey akreditasyona uygun, profesyonel ve organize bir m\u00fcdahale kapasitesine ula\u015ft\u0131rd\u0131k. Bu s\u00fcre\u00e7te afet planlar\u0131m\u0131z\u0131 g\u00fcncelledik, kurumlar aras\u0131 g\u00f6rev payla\u015f\u0131mlar\u0131m\u0131z\u0131 netle\u015ftirdik ve deprem ba\u015fta olmak \u00fczere bir\u00e7ok afet tatbikat\u0131n\u0131 sahada uygulayarak planlar\u0131m\u0131z\u0131n ka\u011f\u0131t \u00fcst\u00fcnde kalmamas\u0131n\u0131 sa\u011flad\u0131k.&#8221; dedi.<\/p>\n<p><b>&#8220;\u0130nsanl\u0131k onuruna yak\u0131\u015f\u0131r ya\u015fam alanlar\u0131 olu\u015fturaca\u011f\u0131z&#8221;<\/b><\/p>\n<p>\u00d6n\u00fcm\u00fczdeki s\u00fcre\u00e7te Menemen Belediyesi olarak yapacaklar\u0131ndan da bahseden Ba\u015fkan Pehlivan, &#8220;\u00c7ok yak\u0131nda Ulukent\u2019te hayata ge\u00e7irece\u011fimiz Menemen Belediyesi Sosyal Ya\u015fam Rehabilitasyon Merkezi ile olas\u0131 bir afet sonras\u0131 vatanda\u015flar\u0131m\u0131z i\u00e7in ge\u00e7ici \u00e7\u00f6z\u00fcmler de\u011fil, insan onuruna yak\u0131\u015f\u0131r ya\u015fam alanlar\u0131 olu\u015fturmay\u0131 planl\u0131yoruz. 20 adet 110 metrekarelik \u00e7ad\u0131r ve 65 adet konteynerle; bar\u0131nmadan \u0131s\u0131nmaya, temel ya\u015fam ihtiya\u00e7lar\u0131ndan sosyal rehabilitasyona kadar her detay\u0131 d\u00fc\u015f\u00fcn\u00fclm\u00fc\u015f bir kapasiteyi il\u00e7emize kazand\u0131rmay\u0131 hedefliyoruz. Ayr\u0131ca MAKUR ekibimizin e\u011fitimlerini, g\u00f6n\u00fcll\u00fc say\u0131s\u0131n\u0131 ve teknik donan\u0131m\u0131n\u0131 art\u0131rarak;<br \/>Menemen\u2019i sadece kendi s\u0131n\u0131rlar\u0131 i\u00e7inde de\u011fil, \u00e7evre il\u00e7elere de umut ve destek olabilen g\u00fc\u00e7l\u00fc bir merkez haline getirmeyi ama\u00e7l\u0131yoruz.&#8221; dedi.<\/p>\n<p>Kaynak: (BYZHA) Beyaz Haber Ajans\u0131<\/p>\n","protected":false},"excerpt":{"rendered":"<p>Menemen&#8217;in olas\u0131 afetlere kar\u015f\u0131 haz\u0131r olmas\u0131 i\u00e7in il\u00e7edeki kamu kurulu\u015flar\u0131 ve STK&#8217;lar\u0131n kat\u0131l\u0131m\u0131yla &#8220;\u0130l\u00e7e Afet ve Acil Durum M\u00fcdahale Plan\u0131&#8221; toplant\u0131s\u0131 ger\u00e7ekle\u015ftirildi.<\/p>\n","protected":false},"author":1,"featured_media":16061,"comment_status":"open","ping_status":"open","sticky":false,"template":"","format":"standard","meta":{"footnotes":""},"categories":[4],"tags":[1194,3141,1125,1128],"class_list":["post-16060","post","type-post","status-publish","format-standard","has-post-thumbnail","hentry","category-gundem","tag-afet","tag-afetlere","tag-menemen","tag-menemen-belediye"],"_links":{"self":[{"href":"https:\/\/bihavadis.com\/index.php\/wp-json\/wp\/v2\/posts\/16060","targetHints":{"allow":["GET"]}}],"collection":[{"href":"https:\/\/bihavadis.com\/index.php\/wp-json\/wp\/v2\/posts"}],"about":[{"href":"https:\/\/bihavadis.com\/index.php\/wp-json\/wp\/v2\/types\/post"}],"author":[{"embeddable":true,"href":"https:\/\/bihavadis.com\/index.php\/wp-json\/wp\/v2\/users\/1"}],"replies":[{"embeddable":true,"href":"https:\/\/bihavadis.com\/index.php\/wp-json\/wp\/v2\/comments?post=16060"}],"version-history":[{"count":1,"href":"https:\/\/bihavadis.com\/index.php\/wp-json\/wp\/v2\/posts\/16060\/revisions"}],"predecessor-version":[{"id":16062,"href":"https:\/\/bihavadis.com\/index.php\/wp-json\/wp\/v2\/posts\/16060\/revisions\/16062"}],"wp:featuredmedia":[{"embeddable":true,"href":"https:\/\/bihavadis.com\/index.php\/wp-json\/wp\/v2\/media\/16061"}],"wp:attachment":[{"href":"https:\/\/bihavadis.com\/index.php\/wp-json\/wp\/v2\/media?parent=16060"}],"wp:term":[{"taxonomy":"category","embeddable":true,"href":"https:\/\/bihavadis.com\/index.php\/wp-json\/wp\/v2\/categories?post=16060"},{"taxonomy":"post_tag","embeddable":true,"href":"https:\/\/bihavadis.com\/index.php\/wp-json\/wp\/v2\/tags?post=16060"}],"curies":[{"name":"wp","href":"https:\/\/api.w.org\/{rel}","templated":true}]}}