{"id":16100,"date":"2026-02-05T02:54:07","date_gmt":"2026-02-05T02:54:07","guid":{"rendered":"https:\/\/bihavadis.com\/?p=16100"},"modified":"2026-02-05T02:54:07","modified_gmt":"2026-02-05T02:54:07","slug":"ozgur-ozel-millet-icin-iktidar-olmaya-kararliyiz","status":"publish","type":"post","link":"https:\/\/bihavadis.com\/index.php\/2026\/02\/05\/ozgur-ozel-millet-icin-iktidar-olmaya-kararliyiz\/","title":{"rendered":"\u00d6zg\u00fcr \u00d6zel: Millet i\u00e7in iktidar olmaya kararl\u0131y\u0131z"},"content":{"rendered":"<p>CHP Genel Ba\u015fkan\u0131 \u00d6zg\u00fcr \u00d6zel, &#8220;Millet i\u00e7in siyaset yapmaya, t\u00fcm sorunlar\u0131 \u00e7\u00f6zmek i\u00e7in de iktidar olmaya kararl\u0131y\u0131z.&#8221; ifadesini kulland\u0131.<\/p>\n<p>\u00d6zel, beraberindeki heyetle Yeniden Refah Partisi Genel Ba\u015fkan\u0131 Fatih Erbakan&#8217;\u0131 ziyaret etti.<\/p>\n<p>Yeniden Refah Partisi Genel Merkezi&#8217;nde yakla\u015f\u0131k 1 saat s\u00fcren bas\u0131na kapal\u0131 g\u00f6r\u00fc\u015fmenin ard\u0131ndan d\u00fczenlenen ortak bas\u0131n toplant\u0131s\u0131nda konu\u015fan \u00d6zel, Yeniden Refah Partisi&#8217;nin 3. Ola\u011fan B\u00fcy\u00fck Kongresi&#8217;nde tekrar genel ba\u015fkan se\u00e7ilen Erbakan&#8217;a &#8220;hay\u0131rl\u0131 olsun&#8221; ziyaretinde bulunduklar\u0131n\u0131 s\u00f6yledi.<\/p>\n<p>\u00d6zel, g\u00f6r\u00fc\u015fmenin en temel konusunun vatanda\u015f\u0131n i\u00e7inde bulundu\u011fu ge\u00e7im s\u0131k\u0131nt\u0131s\u0131 ve yoksulluk oldu\u011funu belirtti.<\/p>\n<p>Ayd\u0131n B\u00fcy\u00fck\u015fehir Belediye Ba\u015fkan\u0131 \u00d6zlem \u00c7er\u00e7io\u011flu&#8217;nun kendisi hakk\u0131nda su\u00e7 duyurusunda bulunmas\u0131n\u0131 de\u011ferlendiren \u00d6zel, \u015funlar\u0131 kaydetti: <\/p>\n<p>&#8220;Biz \u00e7ok sert tepki g\u00f6sterdik Ayd\u0131n&#8217;da. Bin pi\u015fman oldu. Ge\u00e7en g\u00fcn de kendisinin durumunu s\u00f6yledi\u011fimde kurnaz ya hakk\u0131mda su\u00e7 duyurusunda bulunmu\u015f. Dokunulmazl\u0131k var, hakk\u0131mda su\u00e7 duyurusunda bulunuyor. Neden dava a\u00e7m\u0131yorsun? Mesela bir tazminat davas\u0131 a\u00e7sayd\u0131n da g\u00f6rseydim. Mahkeme bana deseydi ki, &#8216;\u00d6zlem \u00c7er\u00e7io\u011flu, hangi faturas\u0131n\u0131 Aziz \u0130hsan Akta\u015f&#8217;a \u00f6detmi\u015f? Ben de &#8216;\u0130ftira atmad\u0131m efendim, i\u015fte faturas\u0131 burada.&#8217; deseydim.<\/p>\n<p>Madem \u00f6yle bir \u015fey yapacak \u00d6zlem \u00c7er\u00e7io\u011flu, bunu ibretialem olsun diye s\u00f6yl\u00fcyorum. Kendisine g\u00fcvenen, ahlak\u0131na g\u00fcvenen, temiz belediyecilik yapt\u0131\u011f\u0131na g\u00fcvenen, iftiraya ve \u015fantaja direnenler namusuyla Silivri&#8217;de yat\u0131yorlar. AK Parti&#8217;ye teslim olanlara, Silivri&#8217;ye at\u0131lmak yerine AK Parti&#8217;ye kat\u0131lmay\u0131 tercih edenlere ibretialem olsun. Bu i\u015f bir se\u00e7imle de bitmez. Bu se\u00e7imden sonras\u0131 var. Ondan sonras\u0131n\u0131 g\u00f6rece\u011fim. AK Parti i\u015fi g\u00fcc\u00fc b\u0131rakm\u0131\u015f, &#8216;Yeniden Refah&#8217;tan belediye ba\u015fkan\u0131 dev\u015fireyim, CHP&#8217;den belediye ba\u015fkan\u0131 dev\u015fireyim.&#8217; Biz onlar\u0131 neyin rahats\u0131z etti\u011finin fark\u0131nday\u0131z. Bizi izlemeye devam etsinler. Onlar\u0131 rahats\u0131z etmeye, milleti memnun etmeye, millet i\u00e7in siyaset yapmaya, t\u00fcm sorunlar\u0131 \u00e7\u00f6zmek i\u00e7in de iktidar olmaya kararl\u0131y\u0131z. Yapt\u0131klar\u0131 zul\u00fcm, milletin vicdan\u0131ndan d\u00f6nmektedir.&#8221;<\/p>\n<p>Bir bas\u0131n mensubunun tutuklu belediye ba\u015fkanlar\u0131na y\u00f6nelik sorusuna \u00d6zel, &#8220;B\u00fct\u00fcn belediye ba\u015fkanlar\u0131m\u0131z su\u00e7lanamad\u0131klar\u0131 i\u00e7in ve \u00e7\u0131karlarsa su\u00e7suzluklar\u0131 anla\u015f\u0131lacak ya da belediyeye g\u00f6revlerinin ba\u015f\u0131na d\u00f6necekler diye orada tutulan arkada\u015flar\u0131m\u0131zd\u0131r. Bir an \u00f6nce iddianamelerini bekliyoruz, aileleri de bekliyor. B\u00fcy\u00fck bir haks\u0131zl\u0131kla kar\u015f\u0131 kar\u015f\u0131yay\u0131z.&#8221; dedi.<\/p>\n<p>Olas\u0131 erken se\u00e7ime y\u00f6nelik g\u00f6r\u00fc\u015f al\u0131\u015fveri\u015fi yap\u0131ld\u0131<\/p>\n<p>Yeniden Refah Partisi Genel Ba\u015fkan\u0131 Fatih Erbakan ise \u00d6zel&#8217;e ziyaretinden dolay\u0131 te\u015fekk\u00fcr etti.<\/p>\n<p>G\u00f6r\u00fc\u015fmede, olas\u0131 bir erken se\u00e7imin tarihiyle ilgili de g\u00f6r\u00fc\u015f al\u0131\u015fveri\u015flerinde bulunduklar\u0131n\u0131 dile getiren Erbakan, \u015funlar\u0131 payla\u015ft\u0131: <\/p>\n<p>&#8220;Bu se\u00e7imin bize g\u00f6re, muhalefet partilerine g\u00f6re bir an evvel yap\u0131lmas\u0131 gerekti\u011fini ve milletin de b\u00f6yle bir istek i\u00e7erisinde oldu\u011funu burada kar\u015f\u0131l\u0131kl\u0131 olarak m\u00fczakere ettik. Yap\u0131lan ara\u015ft\u0131rmalarda parti ba\u015fkanlar\u0131 olarak, parti te\u015fkilatlar\u0131 olarak sahada, Anadolu&#8217;da, Trakya&#8217;da g\u00f6rd\u00fc\u011f\u00fcm\u00fcz de milletin kahir ekseriyetinin bir an evvel bir erken se\u00e7im yap\u0131lmas\u0131 ve bu ekonomik s\u0131k\u0131nt\u0131lardan, bu ekonomik krizden, bu adaletsizlikten kurtulmak oldu\u011funu m\u00fc\u015fahede etti\u011fimizi ifade ettik.&#8221;<\/p>\n","protected":false},"excerpt":{"rendered":"<p>CHP Genel Ba\u015fkan\u0131 \u00d6zg\u00fcr \u00d6zel, yoksulluk sorununa dikkat \u00e7ekerek iktidar hedeflerini vurgulad\u0131.<\/p>\n","protected":false},"author":1,"featured_media":16101,"comment_status":"open","ping_status":"open","sticky":false,"template":"","format":"standard","meta":{"footnotes":""},"categories":[12],"tags":[986,372,2113,563,2020],"class_list":["post-16100","post","type-post","status-publish","format-standard","has-post-thumbnail","hentry","category-siyaset","tag-baskani","tag-belediye","tag-millet","tag-parti","tag-secim"],"_links":{"self":[{"href":"https:\/\/bihavadis.com\/index.php\/wp-json\/wp\/v2\/posts\/16100","targetHints":{"allow":["GET"]}}],"collection":[{"href":"https:\/\/bihavadis.com\/index.php\/wp-json\/wp\/v2\/posts"}],"about":[{"href":"https:\/\/bihavadis.com\/index.php\/wp-json\/wp\/v2\/types\/post"}],"author":[{"embeddable":true,"href":"https:\/\/bihavadis.com\/index.php\/wp-json\/wp\/v2\/users\/1"}],"replies":[{"embeddable":true,"href":"https:\/\/bihavadis.com\/index.php\/wp-json\/wp\/v2\/comments?post=16100"}],"version-history":[{"count":1,"href":"https:\/\/bihavadis.com\/index.php\/wp-json\/wp\/v2\/posts\/16100\/revisions"}],"predecessor-version":[{"id":16102,"href":"https:\/\/bihavadis.com\/index.php\/wp-json\/wp\/v2\/posts\/16100\/revisions\/16102"}],"wp:featuredmedia":[{"embeddable":true,"href":"https:\/\/bihavadis.com\/index.php\/wp-json\/wp\/v2\/media\/16101"}],"wp:attachment":[{"href":"https:\/\/bihavadis.com\/index.php\/wp-json\/wp\/v2\/media?parent=16100"}],"wp:term":[{"taxonomy":"category","embeddable":true,"href":"https:\/\/bihavadis.com\/index.php\/wp-json\/wp\/v2\/categories?post=16100"},{"taxonomy":"post_tag","embeddable":true,"href":"https:\/\/bihavadis.com\/index.php\/wp-json\/wp\/v2\/tags?post=16100"}],"curies":[{"name":"wp","href":"https:\/\/api.w.org\/{rel}","templated":true}]}}