{"id":16122,"date":"2026-02-05T03:18:08","date_gmt":"2026-02-05T03:18:08","guid":{"rendered":"https:\/\/bihavadis.com\/?p=16122"},"modified":"2026-02-05T03:18:08","modified_gmt":"2026-02-05T03:18:08","slug":"yilmazdan-hasar-goren-ciftcilere-gecmis-olsun-ziyareti","status":"publish","type":"post","link":"https:\/\/bihavadis.com\/index.php\/2026\/02\/05\/yilmazdan-hasar-goren-ciftcilere-gecmis-olsun-ziyareti\/","title":{"rendered":"Y\u0131lmaz&#8217;dan Hasar G\u00f6ren \u00c7ift\u00e7ilere Ge\u00e7mi\u015f Olsun Ziyareti"},"content":{"rendered":"<p> Cumhurba\u015fkan\u0131 Yard\u0131mc\u0131s\u0131 Cevdet Y\u0131lmaz, Antalya&#8217;n\u0131n Aksu il\u00e7esinde, son g\u00fcnlerde etkili olan olumsuz hava ko\u015fullar\u0131 nedeniyle seralar\u0131 zarar g\u00f6ren \u00e7ift\u00e7ileri ziyaret etti.<\/p>\n<p>Y\u0131lmaz, Aksu il\u00e7esindeki seralarda incelemelerde bulunarak, sahada y\u00fcr\u00fct\u00fclen hasar tespit \u00e7al\u0131\u015fmalar\u0131na ili\u015fkin yetkililerden bilgi ald\u0131. \u00c7ift\u00e7ilerle bir s\u00fcre sohbet eden Y\u0131lmaz, &#8220;ge\u00e7mi\u015f olsun&#8221; dileklerini iletti.<\/p>\n<p>Tar\u0131m ve Orman Bakan\u0131 \u0130brahim Yumakl\u0131&#8217;n\u0131n konuyu yak\u0131ndan takip etti\u011fini, sahadaki g\u00f6zlemlerini de kendisiyle payla\u015faca\u011f\u0131n\u0131 belirten Y\u0131lmaz, &#8220;\u00d6nemli olan cana bir \u015fey olmamas\u0131. Cana \u00e7ok \u015f\u00fck\u00fcr bir \u015fey yok. Geri kalan i\u015fler toparlan\u0131r Allah&#8217;\u0131n izniyle. Her y\u0131l bunlar\u0131 ya\u015famak de\u011fil de daha kal\u0131c\u0131 \u00e7\u00f6z\u00fcmler ne olabilir, bu yap\u0131lar\u0131 daha dayan\u0131kl\u0131 hale nas\u0131l getiririz diye \u00e7ift\u00e7ilerimizle, sizlerle birlikte kafa yormakta, riskleri nas\u0131l azalt\u0131r\u0131z perspektifiyle bakmakta fayda var.&#8221; dedi.<\/p>\n<p>Y\u0131lmaz, hasar tespit \u00e7al\u0131\u015fmalar\u0131n\u0131n ard\u0131ndan, gerekli ad\u0131mlar\u0131n at\u0131laca\u011f\u0131n\u0131 ifade etti.<\/p>\n<p>Y\u0131lmaz&#8217;a, Antalya Valisi Hulusi \u015eahin, AK Parti Antalya Milletvekilleri Serap Yaz\u0131c\u0131 \u00d6zbudun, Mustafa K\u00f6se, \u0130brahim Ethem Ta\u015f, Tuba Vural \u00c7okal ve AK Parti \u0130l Ba\u015fkan\u0131 Ali \u00c7etin de e\u015flik etti.<\/p>\n<p>Cumhurba\u015fkan\u0131 Yard\u0131mc\u0131s\u0131 Y\u0131lmaz, daha sonra, Antalya Valili\u011fi ve AK Parti \u0130l Ba\u015fkanl\u0131\u011f\u0131na ziyarette bulundu.<\/p>\n","protected":false},"excerpt":{"rendered":"<p>Cumhurba\u015fkan\u0131 Yard\u0131mc\u0131s\u0131 Y\u0131lmaz, Aksu&#8217;daki olumsuz hava ko\u015fullar\u0131ndan etkilenen \u00e7ift\u00e7ileri ziyaret etti.<\/p>\n","protected":false},"author":1,"featured_media":16123,"comment_status":"open","ping_status":"open","sticky":false,"template":"","format":"standard","meta":{"footnotes":""},"categories":[12],"tags":[320],"class_list":["post-16122","post","type-post","status-publish","format-standard","has-post-thumbnail","hentry","category-siyaset","tag-yilmaz"],"_links":{"self":[{"href":"https:\/\/bihavadis.com\/index.php\/wp-json\/wp\/v2\/posts\/16122","targetHints":{"allow":["GET"]}}],"collection":[{"href":"https:\/\/bihavadis.com\/index.php\/wp-json\/wp\/v2\/posts"}],"about":[{"href":"https:\/\/bihavadis.com\/index.php\/wp-json\/wp\/v2\/types\/post"}],"author":[{"embeddable":true,"href":"https:\/\/bihavadis.com\/index.php\/wp-json\/wp\/v2\/users\/1"}],"replies":[{"embeddable":true,"href":"https:\/\/bihavadis.com\/index.php\/wp-json\/wp\/v2\/comments?post=16122"}],"version-history":[{"count":1,"href":"https:\/\/bihavadis.com\/index.php\/wp-json\/wp\/v2\/posts\/16122\/revisions"}],"predecessor-version":[{"id":16124,"href":"https:\/\/bihavadis.com\/index.php\/wp-json\/wp\/v2\/posts\/16122\/revisions\/16124"}],"wp:featuredmedia":[{"embeddable":true,"href":"https:\/\/bihavadis.com\/index.php\/wp-json\/wp\/v2\/media\/16123"}],"wp:attachment":[{"href":"https:\/\/bihavadis.com\/index.php\/wp-json\/wp\/v2\/media?parent=16122"}],"wp:term":[{"taxonomy":"category","embeddable":true,"href":"https:\/\/bihavadis.com\/index.php\/wp-json\/wp\/v2\/categories?post=16122"},{"taxonomy":"post_tag","embeddable":true,"href":"https:\/\/bihavadis.com\/index.php\/wp-json\/wp\/v2\/tags?post=16122"}],"curies":[{"name":"wp","href":"https:\/\/api.w.org\/{rel}","templated":true}]}}