{"id":16128,"date":"2026-02-05T03:24:10","date_gmt":"2026-02-05T03:24:10","guid":{"rendered":"https:\/\/bihavadis.com\/?p=16128"},"modified":"2026-02-05T03:24:10","modified_gmt":"2026-02-05T03:24:10","slug":"domenico-tedescodan-jhon-duran-sozleri","status":"publish","type":"post","link":"https:\/\/bihavadis.com\/index.php\/2026\/02\/05\/domenico-tedescodan-jhon-duran-sozleri\/","title":{"rendered":"Domenico Tedesco&#8217;dan Jhon Duran s\u00f6zleri!"},"content":{"rendered":"<p>S\u00fcper Lig&#8217;in 20. haftas\u0131nda Fenerbah\u00e7e, deplasmanda Kocaelispor&#8217;a konuk olacak.<\/p>\n<p>Ma\u00e7tan hemen \u00f6nce sar\u0131-lacivetlilerin teknik direkt\u00f6r\u00fc Domenico Tedesco a\u00e7\u0131klamalarda bulundu.<\/p>\n<p><strong>&#8220;BURADA OLDU\u011eUM \u0130\u00c7\u0130N MUTLUYUM&#8221;<\/strong><\/p>\n<p>Yeni transfer i\u00e7in <em><b>&#8220;Fenerbah\u00e7e, kadrosunu Sidiki Cherif ile g\u00fc\u00e7lendirdi. Bu oyuncunun oyun planlar\u0131nda nas\u0131l bir rol almas\u0131n\u0131 bekliyor?&#8221;<\/b><\/em> sorusuna cevap veren Tedesco, <em><b>&#8220;Mutluyum onun gibi yetenekli bir oyuncunun transferinden dolay\u0131. Hem potansiyelini hem kalitesini g\u00f6sterdi. Onu bu kadar gen\u00e7 ya\u015fta buraya getirdi\u011fimiz i\u00e7in mutluyum. Burada oldu\u011fum i\u00e7in mutluyum.&#8221;<\/b><\/em> \u015feklinde cevap verdi.<\/p>\n<p><img decoding=\"async\" src=\"https:\/\/bihavadis.com\/wp-content\/uploads\/2026\/02\/domenico-tedescodan-jhon-duran-sozleri-0-MvExrvqh.jpg\"\/><\/p>\n<p><strong>&#8220;JHON, B\u0130Z\u0130M OYUNCUMUZ&#8221;<\/strong><\/p>\n<p>Kadroda yer almayan Jhon Duran i\u00e7in konu\u015fan deneyimli teknik adam, <em><b>&#8220;Ben ayn\u0131 yoldan ilerlemeye devam edece\u011fim. S\u00f6ylentiler hakk\u0131nda net bir yorum yapmayaca\u011f\u0131m. Jhon, bizim oyuncumuz. Aya\u011f\u0131nda bir a\u011fr\u0131 hissediyor ve tedavisi devam ediyor. Tedavisi devam etti\u011fi i\u00e7in kolay de\u011fil.&#8221;<\/b><\/em> ifadelerini kulland\u0131.<\/p>\n<p><img decoding=\"async\" src=\"https:\/\/bihavadis.com\/wp-content\/uploads\/2026\/02\/domenico-tedescodan-jhon-duran-sozleri-1-SmdhEeKO.jpg\"\/><\/p>\n<p><strong>&#8220;MA\u00c7 BA\u015eLAYINCA G\u00d6RECE\u011e\u0130Z&#8221;<\/strong><\/p>\n<p>Guendouizi ile orta sahada ilk kez oynayacak olan Alvarez i\u00e7in a\u00e7\u0131klama yapan Tedesco <em><b>&#8220;Nas\u0131l bir dizilimle oynayaca\u011f\u0131m\u0131z\u0131 ma\u00e7 ba\u015flay\u0131nca g\u00f6rece\u011fiz. Edson Alvarez, geri d\u00f6nd\u00fc\u011f\u00fc ve Guendouzi ile birlikte oynayacaklar\u0131 i\u00e7in mutluyum. Uzun s\u00fcre bizimle birlikte olamad\u0131. Onunla ve onsuz Fenerbah\u00e7e aras\u0131nda fark var. Bizim oyun sistemimizde \u00e7ok \u00f6nemli. Ofansif bir anlay\u0131\u015fla sahaya \u00e7\u0131k\u0131yoruz ve dengeye de ihtiyac\u0131n\u0131z var. Bu anlamda harika bir oyuncu. Uzun s\u00fcredir yoktu. Bug\u00fcn ne kadar s\u00fcre al\u0131rsa y\u00fczde y\u00fcz\u00fcne ula\u015fmak daha kolay olacakt\u0131r.&#8221; <\/b><\/em>\u015feklinde konu\u015ftu.<\/p>\n<p><img decoding=\"async\" src=\"https:\/\/bihavadis.com\/wp-content\/uploads\/2026\/02\/domenico-tedescodan-jhon-duran-sozleri-2-UKjyFZVg.jpg\"\/><\/p>\n<p><strong>DURAN ZENIT YOLCUSU<\/strong><\/p>\n<p>Zenit, Fenerbah\u00e7e&#8217;nin kiral\u0131k golc\u00fcs\u00fc Jhon Duran&#8217;\u0131n transferinde mutlu sona ula\u015ft\u0131.<\/p>\n<p>Kolombiyal\u0131 golc\u00fc, Rus ekibiyle s\u00f6zle\u015fme imzalamak \u00fczere St. Petersburg&#8217;a u\u00e7tu.<\/p>\n<p>Duran&#8217;\u0131n sal\u0131 g\u00fcn\u00fc sa\u011fl\u0131k kontrol\u00fcnden ge\u00e7mesi beklenirken, Zenit&#8217;in hem oyuncu hem de Al Nassr ile t\u00fcm \u015fartlarda anla\u015fma sa\u011flad\u0131\u011f\u0131 \u00f6\u011frenildi.<\/p>\n<p>Anla\u015fmaya g\u00f6re Zenit, Kolombiyal\u0131 futbolcuyu sezon sonuna kadar \u00fccretsiz olarak kiralayacak.<\/p>\n<p>S\u00f6zle\u015fmede 35 milyon euroluk sat\u0131n alma opsiyonu da yer alacak.<\/p>\n<p>Zenit, Duran i\u00e7in 4 milyon euro \u00f6deme yaparken, oyuncunun maa\u015f\u0131n\u0131n kalan 6 milyon Euro&#8217;luk k\u0131sm\u0131 Al Nassr taraf\u0131ndan kar\u015f\u0131lanacak.<\/p>\n<p><img decoding=\"async\" src=\"https:\/\/bihavadis.com\/wp-content\/uploads\/2026\/02\/domenico-tedescodan-jhon-duran-sozleri-3-R4s9h3fL.jpg\"\/><\/p>\n","protected":false},"excerpt":{"rendered":"<p>Fenerbah\u00e7e Teknik Direkt\u00f6r\u00fc Domenico Tedesco, Kocaelispor ma\u00e7\u0131n\u0131n kadrosunda olmayan Jhon Duran hakk\u0131nda konu\u015ftu.<\/p>\n","protected":false},"author":1,"featured_media":16129,"comment_status":"open","ping_status":"open","sticky":false,"template":"","format":"standard","meta":{"footnotes":""},"categories":[14],"tags":[333,1036,278],"class_list":["post-16128","post","type-post","status-publish","format-standard","has-post-thumbnail","hentry","category-spor","tag-duran","tag-mutlu","tag-oyun"],"_links":{"self":[{"href":"https:\/\/bihavadis.com\/index.php\/wp-json\/wp\/v2\/posts\/16128","targetHints":{"allow":["GET"]}}],"collection":[{"href":"https:\/\/bihavadis.com\/index.php\/wp-json\/wp\/v2\/posts"}],"about":[{"href":"https:\/\/bihavadis.com\/index.php\/wp-json\/wp\/v2\/types\/post"}],"author":[{"embeddable":true,"href":"https:\/\/bihavadis.com\/index.php\/wp-json\/wp\/v2\/users\/1"}],"replies":[{"embeddable":true,"href":"https:\/\/bihavadis.com\/index.php\/wp-json\/wp\/v2\/comments?post=16128"}],"version-history":[{"count":1,"href":"https:\/\/bihavadis.com\/index.php\/wp-json\/wp\/v2\/posts\/16128\/revisions"}],"predecessor-version":[{"id":16134,"href":"https:\/\/bihavadis.com\/index.php\/wp-json\/wp\/v2\/posts\/16128\/revisions\/16134"}],"wp:featuredmedia":[{"embeddable":true,"href":"https:\/\/bihavadis.com\/index.php\/wp-json\/wp\/v2\/media\/16129"}],"wp:attachment":[{"href":"https:\/\/bihavadis.com\/index.php\/wp-json\/wp\/v2\/media?parent=16128"}],"wp:term":[{"taxonomy":"category","embeddable":true,"href":"https:\/\/bihavadis.com\/index.php\/wp-json\/wp\/v2\/categories?post=16128"},{"taxonomy":"post_tag","embeddable":true,"href":"https:\/\/bihavadis.com\/index.php\/wp-json\/wp\/v2\/tags?post=16128"}],"curies":[{"name":"wp","href":"https:\/\/api.w.org\/{rel}","templated":true}]}}