{"id":16211,"date":"2026-02-05T04:27:07","date_gmt":"2026-02-05T04:27:07","guid":{"rendered":"https:\/\/bihavadis.com\/?p=16211"},"modified":"2026-02-05T04:27:07","modified_gmt":"2026-02-05T04:27:07","slug":"yariyil-tatilinde-yesilay-kis-okulu","status":"publish","type":"post","link":"https:\/\/bihavadis.com\/index.php\/2026\/02\/05\/yariyil-tatilinde-yesilay-kis-okulu\/","title":{"rendered":"Yar\u0131y\u0131l Tatilinde Ye\u015filay K\u0131\u015f Okulu"},"content":{"rendered":"<p>Ye\u015filay Kars \u015eubesince, yar\u0131y\u0131l tatilinde \u00e7ocuklara y\u00f6nelik, ailelerin de kat\u0131l\u0131m\u0131yla &#8220;K\u0131\u015f Okulu&#8221; etkinli\u011fi d\u00fczenlendi.<\/p>\n<p>Yar\u0131y\u0131l tatilini verimli de\u011ferlendirmek amac\u0131yla Ye\u015filay Kars \u015eubesinde d\u00fczenlenen etkinlikler kapsam\u0131nda, anneler ve \u00e7ocuklar\u0131n kat\u0131l\u0131m\u0131yla kitap okuma at\u00f6lyesi yap\u0131ld\u0131. \u00c7al\u0131\u015fmayla \u00e7ocuklara okuma al\u0131\u015fkanl\u0131\u011f\u0131 kazand\u0131r\u0131lmas\u0131 ve aile i\u00e7i etkile\u015fimin g\u00fc\u00e7lendirilmesi ama\u00e7land\u0131.<\/p>\n<p>Programda \u00e7ocuklar, &#8220;Ye\u015filcan&#8217;dan Mektup Var&#8221; projesi \u00e7er\u00e7evesinde mektup yazd\u0131.<\/p>\n<p>Ye\u015filay Kars \u015eube Ba\u015fkan\u0131 Gamze \u0130lgar, bu etkinlikle \u00e7ocuklar\u0131n el becerilerini geli\u015ftirebilecekleri faaliyetlere y\u00f6neldiklerini s\u00f6yledi.<\/p>\n<p>\u00c7ocuklara sa\u011fl\u0131kl\u0131 ya\u015fam becerilerini kazand\u0131rabilmek ad\u0131na sa\u011fl\u0131kl\u0131 ya\u015fam e\u011fitimi verdiklerini dile getiren \u0130lgar, &#8220;Sa\u011fl\u0131kl\u0131 ya\u015fam becerileri kazand\u0131rmak i\u00e7in, dijitalden, telefondan, tabletten ve bu gibi dijital aletlerden uzak durulmas\u0131na y\u00f6nelik destekleyici programlar y\u00fcr\u00fctmekteyiz. Aileleriyle birlikte misafir etti\u011fimiz \u00e7ocuklar\u0131m\u0131za fark\u0131ndal\u0131k e\u011fitimleri ger\u00e7ekle\u015ftirirken, ailelere de sa\u011fl\u0131kl\u0131 ya\u015fam ve ba\u011f\u0131ml\u0131l\u0131kla m\u00fccadele e\u011fitimi verilmekte, ayn\u0131 zamanda \u00e7ocuklar\u0131m\u0131z\u0131n yar\u0131y\u0131l tatillerini dolu dolu ge\u00e7irmelerine vesile olmak bizim i\u00e7in \u00e7ok gurur verici.&#8221; ifadesini kulland\u0131.<\/p>\n<p>Etkinliklere kat\u0131lan \u00f6\u011frencilerden Ela Asel Arapo\u011flu da &#8220;Burada yapt\u0131\u011f\u0131m etkinlikler beni \u00e7ok mutlu etti ve e\u011flendim. Boyama yapt\u0131k, Ye\u015filaya mektup yazd\u0131k.&#8221; dedi.<\/p>\n<p>Medine G\u00fcl Topta\u015f ise keyifli vakit ge\u00e7irdiklerini anlatarak, &#8220;Bug\u00fcn burada Ye\u015filayda boyama yapt\u0131k, Mavi K\u0131rlang\u0131\u00e7 dergisinden bulmacalar \u00e7\u00f6zd\u00fck, r\u00fczgar g\u00fcl\u00fc yapt\u0131k. Ye\u015filayda olmak ger\u00e7ekten \u00e7ok g\u00fczel bir \u015fey. Ye\u015filay k\u00f6t\u00fc al\u0131\u015fkanl\u0131klar\u0131 olan insanlara yard\u0131m ediyor ve onlar\u0131 k\u00f6t\u00fc al\u0131\u015fkanl\u0131klar\u0131ndan vazge\u00e7irmeye \u00e7al\u0131\u015f\u0131yor. \u0130yi ki Ye\u015filay var.&#8221; dedi.<\/p>\n","protected":false},"excerpt":{"rendered":"<p>Ye\u015filay Kars \u015eubesi, tatilde \u00e7ocuklara ve ailelere y\u00f6nelik &#8216;K\u0131\u015f Okulu&#8217; etkinli\u011fi d\u00fczenledi.<\/p>\n","protected":false},"author":1,"featured_media":16212,"comment_status":"open","ping_status":"open","sticky":false,"template":"","format":"standard","meta":{"footnotes":""},"categories":[9,4,13],"tags":[2143],"class_list":["post-16211","post","type-post","status-publish","format-standard","has-post-thumbnail","hentry","category-genel","category-gundem","category-son-dakika","tag-yesilay"],"_links":{"self":[{"href":"https:\/\/bihavadis.com\/index.php\/wp-json\/wp\/v2\/posts\/16211","targetHints":{"allow":["GET"]}}],"collection":[{"href":"https:\/\/bihavadis.com\/index.php\/wp-json\/wp\/v2\/posts"}],"about":[{"href":"https:\/\/bihavadis.com\/index.php\/wp-json\/wp\/v2\/types\/post"}],"author":[{"embeddable":true,"href":"https:\/\/bihavadis.com\/index.php\/wp-json\/wp\/v2\/users\/1"}],"replies":[{"embeddable":true,"href":"https:\/\/bihavadis.com\/index.php\/wp-json\/wp\/v2\/comments?post=16211"}],"version-history":[{"count":1,"href":"https:\/\/bihavadis.com\/index.php\/wp-json\/wp\/v2\/posts\/16211\/revisions"}],"predecessor-version":[{"id":16213,"href":"https:\/\/bihavadis.com\/index.php\/wp-json\/wp\/v2\/posts\/16211\/revisions\/16213"}],"wp:featuredmedia":[{"embeddable":true,"href":"https:\/\/bihavadis.com\/index.php\/wp-json\/wp\/v2\/media\/16212"}],"wp:attachment":[{"href":"https:\/\/bihavadis.com\/index.php\/wp-json\/wp\/v2\/media?parent=16211"}],"wp:term":[{"taxonomy":"category","embeddable":true,"href":"https:\/\/bihavadis.com\/index.php\/wp-json\/wp\/v2\/categories?post=16211"},{"taxonomy":"post_tag","embeddable":true,"href":"https:\/\/bihavadis.com\/index.php\/wp-json\/wp\/v2\/tags?post=16211"}],"curies":[{"name":"wp","href":"https:\/\/api.w.org\/{rel}","templated":true}]}}