{"id":16214,"date":"2026-02-05T04:30:06","date_gmt":"2026-02-05T04:30:06","guid":{"rendered":"https:\/\/bihavadis.com\/?p=16214"},"modified":"2026-02-05T04:30:06","modified_gmt":"2026-02-05T04:30:06","slug":"nevsehir-belediyesi-emittte-buyuk-cekilis-duzenliyor","status":"publish","type":"post","link":"https:\/\/bihavadis.com\/index.php\/2026\/02\/05\/nevsehir-belediyesi-emittte-buyuk-cekilis-duzenliyor\/","title":{"rendered":"Nev\u015fehir Belediyesi EMITT&#8217;te B\u00fcy\u00fck \u00c7ekili\u015f D\u00fczenliyor"},"content":{"rendered":"<p>Nev\u015fehir Belediyesi, d\u00fcnyan\u0131n en b\u00fcy\u00fck turizm fuarlar\u0131 aras\u0131nda yer alan EMITT Do\u011fu Akdeniz Uluslararas\u0131 Turizm ve Seyahat Fuar\u0131\u2019nda ziyaret\u00e7ileri i\u00e7in \u00f6zel bir \u00e7ekili\u015f d\u00fczenleyecek.\u00a0<br \/>05\u201307 \u015eubat 2026 tarihleri aras\u0131nda \u0130stanbul Fuar Merkezi (\u0130FM)\u2019nde ger\u00e7ekle\u015ftirilecek EMITT Fuar\u0131\u2019nda 1. Hol 1531 nolu stantta yerini alacak olan Nev\u015fehir Belediyesi, Kapadokya\u2019n\u0131n simgesi haline gelen s\u0131cak hava balonlar\u0131 ile unutulmaz bir deneyim hediye ediyor.\u00a0<br \/>Fuar s\u00fcresince Nev\u015fehir Belediyesi stand\u0131n\u0131 ziyaret eden, stantta foto\u011fraf \u00e7ektirerek bu foto\u011fraf\u0131 payla\u015fan ve Nev\u015fehir Belediyesi ile Nev\u015fehir Belediye Ba\u015fkan\u0131 Rasim Ar\u0131\u2019n\u0131n sosyal medya hesaplar\u0131n\u0131 takip eden ziyaret\u00e7iler \u00e7ekili\u015fe kat\u0131lma hakk\u0131 kazanacak.\u00a0<br \/>\u00c7ekili\u015f sonucunda 10 ki\u015fiye s\u0131cak hava balonu turu hediye edilecek.\u00a0<br \/>Nev\u015fehir Belediyesi, EMITT Fuar\u0131\u2019nda kentin do\u011fal, tarihi ve k\u00fclt\u00fcrel de\u011ferlerini tan\u0131tman\u0131n yan\u0131 s\u0131ra ziyaret\u00e7ilere s\u00fcrpriz ikram ve hediyeler sunarak Kapadokya\u2019n\u0131n benzersiz deneyimini daha geni\u015f kitlelerle bulu\u015fturmay\u0131 hedefliyor.<\/p>\n<p>Kaynak: (BYZHA) Beyaz Haber Ajans\u0131<\/p>\n","protected":false},"excerpt":{"rendered":"<p>Nev\u015fehir Belediyesi, d\u00fcnyan\u0131n en b\u00fcy\u00fck turizm fuarlar\u0131 aras\u0131nda yer alan EMITT Do\u011fu Akdeniz Uluslararas\u0131 Turizm ve Seyahat Fuar\u0131\u2019nda ziyaret\u00e7ileri i\u00e7in \u00f6zel bir \u00e7ekili\u015f d\u00fczenleyecek.\u00a0<\/p>\n","protected":false},"author":1,"featured_media":16215,"comment_status":"open","ping_status":"open","sticky":false,"template":"","format":"standard","meta":{"footnotes":""},"categories":[4],"tags":[433,3160],"class_list":["post-16214","post","type-post","status-publish","format-standard","has-post-thumbnail","hentry","category-gundem","tag-fuar","tag-nevsehir-belediye"],"_links":{"self":[{"href":"https:\/\/bihavadis.com\/index.php\/wp-json\/wp\/v2\/posts\/16214","targetHints":{"allow":["GET"]}}],"collection":[{"href":"https:\/\/bihavadis.com\/index.php\/wp-json\/wp\/v2\/posts"}],"about":[{"href":"https:\/\/bihavadis.com\/index.php\/wp-json\/wp\/v2\/types\/post"}],"author":[{"embeddable":true,"href":"https:\/\/bihavadis.com\/index.php\/wp-json\/wp\/v2\/users\/1"}],"replies":[{"embeddable":true,"href":"https:\/\/bihavadis.com\/index.php\/wp-json\/wp\/v2\/comments?post=16214"}],"version-history":[{"count":1,"href":"https:\/\/bihavadis.com\/index.php\/wp-json\/wp\/v2\/posts\/16214\/revisions"}],"predecessor-version":[{"id":16216,"href":"https:\/\/bihavadis.com\/index.php\/wp-json\/wp\/v2\/posts\/16214\/revisions\/16216"}],"wp:featuredmedia":[{"embeddable":true,"href":"https:\/\/bihavadis.com\/index.php\/wp-json\/wp\/v2\/media\/16215"}],"wp:attachment":[{"href":"https:\/\/bihavadis.com\/index.php\/wp-json\/wp\/v2\/media?parent=16214"}],"wp:term":[{"taxonomy":"category","embeddable":true,"href":"https:\/\/bihavadis.com\/index.php\/wp-json\/wp\/v2\/categories?post=16214"},{"taxonomy":"post_tag","embeddable":true,"href":"https:\/\/bihavadis.com\/index.php\/wp-json\/wp\/v2\/tags?post=16214"}],"curies":[{"name":"wp","href":"https:\/\/api.w.org\/{rel}","templated":true}]}}