{"id":16257,"date":"2026-02-05T04:39:04","date_gmt":"2026-02-05T04:39:04","guid":{"rendered":"https:\/\/bihavadis.com\/?p=16257"},"modified":"2026-02-05T04:39:04","modified_gmt":"2026-02-05T04:39:04","slug":"baskan-altay-spor-ve-konyanin-birlikte-daha-cok-konusulmasini-hedefliyoruz","status":"publish","type":"post","link":"https:\/\/bihavadis.com\/index.php\/2026\/02\/05\/baskan-altay-spor-ve-konyanin-birlikte-daha-cok-konusulmasini-hedefliyoruz\/","title":{"rendered":"Ba\u015fkan Altay: &#8220;Spor ve Konya&#8217;n\u0131n Birlikte Daha \u00c7ok Konu\u015fulmas\u0131n\u0131 Hedefliyoruz&#8221;"},"content":{"rendered":"<p><strong>Konya B\u00fcy\u00fck\u015fehir Belediye Ba\u015fkan\u0131 U\u011fur \u0130brahim Altay, &#8220;2026 UEC Elit Avrupa Pist Bisikleti \u015eampiyonas\u0131&#8221;n\u0131 takip etmek \u00fczere \u015fehre gelen ulusal ve uluslararas\u0131 bas\u0131n mensuplar\u0131yla birlikte Velespit M\u00fczesi\u2019ni ziyaret etti. Velespit M\u00fczesi\u2019nin T\u00fcrkiye \u00f6rnek olacak \u015fekilde \u00f6zellikle \u00e7ocuklar\u0131n bisikleti sevmeleri ad\u0131na dizayn edilmi\u015f bir yap\u0131 oldu\u011funa belirten Ba\u015fkan Altay, 2026 Avrupa Bisiklet Ba\u015fkenti ilan edilen Konya\u2019da y\u0131l boyunca bisiklet festivalleri, \u00e7ocuklara y\u00f6nelik \u00e7e\u015fitli e\u011flenceler ve uluslararas\u0131 arenada \u00fcn yapm\u0131\u015f isimlerin \u015fehri ziyareti gibi \u00e7e\u015fitli programlar planlad\u0131klar\u0131n\u0131 s\u00f6yledi. Ba\u015fkan Altay, \u201cAvrupa Bisiklet Ba\u015fkenti ruhuna uygun olarak \u00e7e\u015fitli etkinliklerin yap\u0131lmas\u0131yla ilgili \u00e7al\u0131\u015fmalar y\u00fcr\u00fct\u00fcyoruz. Konya\u2019n\u0131n spor alt yap\u0131s\u0131n\u0131 g\u00fc\u00e7lendirmeye \u00e7al\u0131\u015f\u0131yoruz. Spor ve Konya\u2019n\u0131n birlikte daha \u00e7ok konu\u015fulmas\u0131n\u0131 hedefliyoruz\u201d ifadelerine yer verdi.<\/strong><\/p>\n<hr\/>\n<p>2026 Avrupa Bisiklet Ba\u015fkenti Konya\u2019n\u0131n ev sahipli\u011fi yapt\u0131\u011f\u0131 &#8220;2026 UEC Elit Avrupa Pist Bisikleti \u015eampiyonas\u0131&#8221;n\u0131 takip etmek \u00fczere \u015fehre gelen ulusal ve uluslararas\u0131 bas\u0131n mensuplar\u0131 Konya B\u00fcy\u00fck\u015fehir Belediyesi Velespit M\u00fczesi\u2019ni ziyaret etti.<\/p>\n<p>Konya B\u00fcy\u00fck\u015fehir Belediyesi\u2019nin K\u0131l\u0131\u00e7arslan Meydan\u0131\u2019ndaki Meydan Evlerinde hayata ge\u00e7irdi\u011fi Velespit M\u00fczesi\u2019ni tan\u0131tan Konya B\u00fcy\u00fck\u015fehir Belediye Ba\u015fkan\u0131 U\u011fur \u0130brahim Altay, T\u00fcrkiye \u00f6rnek olacak Velespit M\u00fczesi\u2019nin \u00f6zellikle \u00e7ocuklar\u0131n bisikleti sevmeleri ad\u0131na dizayn edilmi\u015f bir yap\u0131 oldu\u011funu s\u00f6yledi. Bisiklet tarihinin ve Konya&#8217;da bisikletle ilgili yap\u0131lan \u00e7al\u0131\u015fmalar\u0131n m\u00fczede anlat\u0131ld\u0131\u011f\u0131n\u0131 kaydeden Ba\u015fkan Altay, \u201cBuras\u0131 interaktif bir yap\u0131. Sadece ziyaret etti\u011finiz de\u011fil, i\u00e7inde oldu\u011funuz, baz\u0131 etkinliklere kat\u0131labildi\u011finiz alanlar var. Ayr\u0131ca g\u00f6rsel olarak da destekledi\u011fimiz b\u00f6l\u00fcmlerimizle birlikte gelenlere hem Konya\u2019m\u0131z\u0131 hem bisikleti anlatma f\u0131rsat\u0131 buldu\u011fumuz bir m\u00fcze olu\u015fturduk\u201d diye konu\u015ftu.<\/p>\n<p><strong>\u201cT\u00dcRK\u0130YE&#8217;N\u0130N \u0130LK, D\u00dcNYANIN 20 OL\u0130MP\u0130K VELEDROMUNDAN B\u0130R\u0130S\u0130 KONYA VELEDROMU B\u0130R\u00c7OK ETK\u0130NL\u0130\u011eE EV SAH\u0130PL\u0130\u011e\u0130 YAPIYOR\u201d<\/strong><\/p>\n<p>Konya\u2019n\u0131n bir bisiklet \u015fehri oldu\u011funu, bisikleti ge\u00e7mi\u015ften itibaren insanlar\u0131n \u00f6zellikle ula\u015f\u0131m i\u00e7in kulland\u0131\u011f\u0131n\u0131 kaydeden Ba\u015fkan Altay, \u201c1923&#8217;l\u00fc y\u0131llardan itibaren \u015fehrimizde bisiklet yar\u0131\u015flar\u0131 yap\u0131ld\u0131\u011f\u0131n\u0131 biliyoruz. 1949&#8217;da ilk veledromun yap\u0131lmas\u0131 ile birlikte m\u00fcsabakalarda \u015fehrimizde yap\u0131lmaya ba\u015fland\u0131 ve bug\u00fcn gelinen noktada T\u00fcrkiye&#8217;nin ilk, d\u00fcnyan\u0131n 20 olimpik veledromundan birisi Konya Veledromu bir\u00e7ok etkinli\u011fe ev sahipli\u011fi yap\u0131yor. G\u00f6rsel olarak da seyir keyfi y\u00fcksek yar\u0131\u015flara ev sahipli\u011fi yap\u0131yoruz. Ge\u00e7ti\u011fimiz y\u0131l Uluslar Kupas\u0131n\u0131 d\u00fczenlemi\u015ftik. Bu y\u0131ld a Avrupa \u015eampiyonas\u0131\u2019n\u0131 birlikte icra ediyoruz. 30\u2019dan fazla \u00fclkeden 300&#8217;den fazla sporcu yar\u0131\u015fmalara kat\u0131l\u0131yor. Seyirci ilgisi de bizi \u00e7ok mutlu etti, umar\u0131m artarak devam eder. T\u00fcm sporculara ba\u015far\u0131lar diliyor, \u015fehrimize ho\u015f geldiniz diyoruz\u201d ifadelerini kulland\u0131.<\/p>\n<p><strong>TES\u0130S\u0130 KONYA\u2019YA KAZANDIRAN CUMHURBA\u015eKANI ERDO\u011eAN\u2019A TE\u015eEKK\u00dcR ETT\u0130<\/strong><\/p>\n<p>Ba\u015fkan Altay, organizasyona b\u00fcy\u00fck katk\u0131s\u0131 olan T\u00fcrkiye Bisiklet Federasyonu\u2019na te\u015fekk\u00fcr ederek, \u201cAvrupa Bisiklet Birli\u011fi Ba\u015fkan\u0131m\u0131z\u0131 da d\u00fcn bu m\u00fczede a\u011f\u0131rlad\u0131k. Konya&#8217;da bisiklet ad\u0131na yapt\u0131\u011f\u0131m\u0131z \u015feylerden bahsetme imkan\u0131 bulduk. Konya \u00e7ok h\u0131zl\u0131 bir \u015fekilde spor \u015fehrine d\u00f6n\u00fc\u015f\u00fcyor \u00e7\u00fcnk\u00fc \u00e7ok uygun yap\u0131da spor tesislerimiz var. Her y\u0131l bir\u00e7ok uluslararas\u0131 m\u00fcsabakaya ev sahipli\u011fi yap\u0131yoruz. Art\u0131k \u015fehirde bu k\u00fclt\u00fcr de olu\u015ftu. Bu manada veledrom bizim en \u00f6nemli yap\u0131lar\u0131m\u0131zdan birisi oldu. Cumhurba\u015fkan\u0131m\u0131z Say\u0131n Recep Tayyip Erdo\u011fan\u2019a ve Spor Bakanlar\u0131m\u0131za \u015fehrimize b\u00f6yle bir tesis kazand\u0131rd\u0131\u011f\u0131 i\u00e7in te\u015fekk\u00fcr ediyoruz\u201d de\u011ferlendirmesini yapt\u0131.<\/p>\n<p><strong>KONYA\u2019DAK\u0130 B\u0130S\u0130KLET \u00c7ALI\u015eMALARINI ANLATTI<\/strong><\/p>\n<p>680 kilometre bisiklet yoluyla Konya\u2019n\u0131n T\u00fcrkiye&#8217;de a\u00e7\u0131k ara en fazla bisiklet yoluna sahip \u015fehri oldu\u011funu vurgulayan Ba\u015fkan Altay konu\u015fmas\u0131na \u015fu s\u00f6zlerle devam etti:<\/p>\n<p>\u201c\u015eehirde bisiklet kullan\u0131m\u0131n\u0131 artt\u0131rmak i\u00e7in \u00e7e\u015fitli etkinlikler ve organizasyonlar ger\u00e7ekle\u015ftiriyoruz. \u00d6zellikle Emniyet M\u00fcd\u00fcrl\u00fc\u011f\u00fcm\u00fczle birlikte yeni denemeye ba\u015flad\u0131\u011f\u0131m\u0131z bisiklet servisiyle \u00e7ocuklar\u0131n okula bisikletle gitmelerini sa\u011fl\u0131yoruz. Ayr\u0131ca g\u00fcnl\u00fck kullan\u0131mda bisikletle ilgili ihtiya\u00e7lar\u0131n giderilebilece\u011fi her \u015fey d\u00fc\u015f\u00fcn\u00fclm\u00fc\u015f durumda. Bisiklet parklar\u0131ndan ak\u0131llar\u0131 bisiklet ula\u015f\u0131m\u0131na kadar bir\u00e7ok etkinlik olu\u015fturuyoruz. B\u00fct\u00fcn otoparklar\u0131m\u0131zda bisiklet alanlar\u0131m\u0131z mevcut. Bisiklet yollar\u0131m\u0131zda bisiklet say\u0131mlar\u0131m\u0131z\u0131 ger\u00e7ekle\u015ftiriyoruz ve Konya&#8217;da bisiklet kullan\u0131m\u0131n\u0131 art\u0131r\u0131lmas\u0131 i\u00e7in bug\u00fcne kadar 100 binden fazla bisikleti \u00e7ocuklar\u0131m\u0131zla bulu\u015fturduk.\u201d<\/p>\n<p><strong>\u201cKONYA, 3 M\u0130LYONDAN FAZLA TUR\u0130ST ALAN B\u0130R \u015eEH\u0130R\u201d<\/strong><\/p>\n<p>Ba\u015fkan Altay, bisikletin \u015fehirde toplu ula\u015f\u0131mda aktif olarak kullan\u0131ld\u0131\u011f\u0131n\u0131 ve bu kapsamda bisiklet tramvay\u0131n\u0131n T\u00fcrkiye\u2019ye \u00f6rnek bir i\u015f oldu\u011funu an\u0131msatarak, \u201cBisikletinizle tramvaya binip istedi\u011finiz yere gidebiliyorsunuz. Velespit M\u00fczesi de bununla ilgili art\u0131k Konya\u2019ya gelenler i\u00e7in bir ziyaret mekan\u0131na d\u00f6n\u00fc\u015ft\u00fc. Buras\u0131 Konya\u2019n\u0131n kalbinde K\u0131l\u0131\u00e7arslan Meydan\u0131\u2019nda Meydan Evleri\u2019nin bir par\u00e7as\u0131. Burada kafelerden otellere kadar bir dizi d\u00fczenleme ger\u00e7ekle\u015ftirdik ve Velespit M\u00fczesi ile de bunu ta\u00e7land\u0131rd\u0131k. Konya\u2019ya gelenlerin ziyaret edece\u011fi yeni bir m\u00fcze daha olu\u015fmu\u015f oldu. Konya, 3 milyondan fazla turist alan bir \u015fehir ve her ge\u00e7en g\u00fcn yeni a\u00e7t\u0131\u011f\u0131m\u0131z m\u00fczeler, etkinlik alanlar\u0131m\u0131zla birlikte insanlar\u0131n hem konaklama s\u00fcreleri art\u0131yor hem de \u015fehirde kendilerinin ilgi alanlar\u0131na g\u00f6re alanlar bulma imkan\u0131na kavu\u015fuyorlar&#8221; s\u00f6zlerini sarf etti.<\/p>\n<p><strong>\u201cAVRUPA B\u0130S\u0130KLET BA\u015eKENT\u0130 RUHUNA UYGUN OLARAK \u00c7E\u015e\u0130TL\u0130 ETK\u0130NL\u0130KLER YAPILACAK\u201d<\/strong><\/p>\n<p>Konya\u2019n\u0131n Avrupa Spor Ba\u015fkentleri ve \u015eehirleri Federasyonu (ACES) taraf\u0131ndan \u201c2023 D\u00fcnya Spor Ba\u015fkenti\u201d olarak ilan edildi\u011fini hat\u0131rlatan Ba\u015fkan Altay, \u201c2026\u2019da da Avrupa Bisiklet Ba\u015fkenti se\u00e7ildik. \u00d6nce detayl\u0131 bir inceleme yap\u0131larak \u015fehrin bisikletle ilgili ne yapt\u0131\u011f\u0131n\u0131 incelediler ve Konya\u2019y\u0131 Avrupa Bisiklet Ba\u015fkenti olarak ilan ettiler. Asl\u0131nda Avrupa \u015eampiyonas\u0131 da bu manada \u00e7ok iyi bir ba\u015flang\u0131\u00e7 oldu. \u015eu anda \u015fehrimizde bisiklet kullan\u0131m\u0131n\u0131n art\u0131r\u0131lmas\u0131, Avrupa Bisiklet Ba\u015fkenti ruhuna uygun olarak \u00e7e\u015fitli etkinliklerin yap\u0131lmas\u0131yla ilgili \u00e7al\u0131\u015fmalar y\u00fcr\u00fct\u00fcyoruz. Y\u0131l boyunca bisiklet festivalleri, \u00f6zellikle hafta sonlar\u0131nda insanlar\u0131n trafikten ar\u0131nd\u0131r\u0131lm\u0131\u015f alanlarda bisiklet kullan\u0131m\u0131n\u0131n art\u0131r\u0131lmas\u0131, \u00e7ocuklara d\u00f6n\u00fck \u00e7e\u015fitli e\u011flenceler ve uluslararas\u0131 arenada \u00fcn yapm\u0131\u015f isimlerin \u015fehrimize ziyareti gibi \u00e7e\u015fitli programlar\u0131 d\u00fc\u015f\u00fcn\u00fcyoruz. Yapm\u0131\u015f oldu\u011fumuz i\u015flerin g\u00f6r\u00fcn\u00fcp \u015fehrimize b\u00f6yle bir paye verilmesi asl\u0131nda ne kadar do\u011fru bir yolda oldu\u011fumuzun g\u00f6stergesidir. Biz de bunu en iyi \u015fekilde de\u011ferlendirerek Konya\u2019n\u0131n spor alt yap\u0131s\u0131n\u0131 g\u00fc\u00e7lendirmeye \u00e7al\u0131\u015f\u0131yoruz. Spor ve Konya\u2019n\u0131n birlikte daha \u00e7ok konu\u015fulmas\u0131n\u0131 hedefliyoruz\u201d ifadelerine yer verdi.<\/p>\n<p><strong>\u201cKONYA VELEDROMUNUN ULUSLARARASI ANLAMDA NE KADAR KABUL G\u00d6RD\u00dc\u011e\u00dcNE \u015eAH\u0130T OLUYORUZ\u201d<\/strong><\/p>\n<p>T\u00fcrkiye Bisiklet Federasyonu Y\u00f6netim Kurulu \u00dcyesi Ercan Okur da Konya Veledromu i\u00e7in 10 y\u0131ll\u0131k akreditasyon ald\u0131klar\u0131n\u0131 ve hemen akabinde Avrupa \u015eampiyonas\u0131\u2019n\u0131 d\u00fczenliyor olman\u0131n gururunu ya\u015fad\u0131klar\u0131n\u0131 ifade ederek, \u201cM\u00fcsabakalar\u0131n d\u00f6rd\u00fcnc\u00fc g\u00fcn\u00fcn\u00fc ge\u00e7iriyoruz. 30 \u00fclkeden 315 sporcunun kat\u0131l\u0131m\u0131yla ger\u00e7ekle\u015fiyor. Pist bisikleti, federasyonumuz a\u00e7\u0131s\u0131ndan en \u00f6nemli bran\u015flardan bir tanesi. Burada sporcu e\u011fitim merkeziyle ilgili yapaca\u011f\u0131m\u0131z i\u015f birli\u011fiyle sporcu say\u0131m\u0131z h\u0131zl\u0131ca art\u0131r\u0131larak ba\u015far\u0131l\u0131 g\u00fcnlere ula\u015faca\u011f\u0131m\u0131z kanaatindeyiz. Konya Veledromu\u2019nun uluslararas\u0131 anlamda ne kadar kabul g\u00f6rd\u00fc\u011f\u00fcne \u015fahit oluyoruz. B\u00fct\u00fcn kat\u0131l\u0131mc\u0131 \u00fclkeler, sporcular, herkes memnuniyetini belirtiyor\u201d diye konu\u015ftu.\u00a0<\/p>\n<p>Velespit M\u00fczesi\u2019nin k\u00fclt\u00fcrel anlamda \u00e7ok \u00f6nem arz etti\u011fini de kaydeden Okur, \u201cKonya\u2019n\u0131n co\u011frafi yap\u0131s\u0131 sebebiyle de bisiklet bizim i\u00e7in \u00e7ok \u00f6nemli bir unsur. Biz \u00e7ok memnunuz. Biz federasyon olarak B\u00fcy\u00fck\u015fehir Belediyesiyle i\u015f birli\u011fi yapmaktan son derece mutluyuz\u201d dedi.<\/p>\n<p>\u00a0<\/p>\n<p>\u00a0<\/p>\n<p>Kaynak: (BYZHA) Beyaz Haber Ajans\u0131<\/p>\n","protected":false},"excerpt":{"rendered":"<p>Konya B\u00fcy\u00fck\u015fehir Belediye Ba\u015fkan\u0131 U\u011fur \u0130brahim Altay, &#8220;2026 UEC Elit Avrupa Pist Bisikleti \u015eampiyonas\u0131&#8221;n\u0131 takip etmek \u00fczere \u015fehre gelen ulusal ve uluslararas\u0131 bas\u0131n mensuplar\u0131yla birlikte Velespit M\u00fczesi\u2019ni ziyaret etti.<\/p>\n","protected":false},"author":1,"featured_media":16258,"comment_status":"open","ping_status":"open","sticky":false,"template":"","format":"standard","meta":{"footnotes":""},"categories":[14],"tags":[441,426,968,440,587],"class_list":["post-16257","post","type-post","status-publish","format-standard","has-post-thumbnail","hentry","category-spor","tag-bisiklet","tag-konya","tag-sehri","tag-spor","tag-yapi"],"_links":{"self":[{"href":"https:\/\/bihavadis.com\/index.php\/wp-json\/wp\/v2\/posts\/16257","targetHints":{"allow":["GET"]}}],"collection":[{"href":"https:\/\/bihavadis.com\/index.php\/wp-json\/wp\/v2\/posts"}],"about":[{"href":"https:\/\/bihavadis.com\/index.php\/wp-json\/wp\/v2\/types\/post"}],"author":[{"embeddable":true,"href":"https:\/\/bihavadis.com\/index.php\/wp-json\/wp\/v2\/users\/1"}],"replies":[{"embeddable":true,"href":"https:\/\/bihavadis.com\/index.php\/wp-json\/wp\/v2\/comments?post=16257"}],"version-history":[{"count":1,"href":"https:\/\/bihavadis.com\/index.php\/wp-json\/wp\/v2\/posts\/16257\/revisions"}],"predecessor-version":[{"id":16259,"href":"https:\/\/bihavadis.com\/index.php\/wp-json\/wp\/v2\/posts\/16257\/revisions\/16259"}],"wp:featuredmedia":[{"embeddable":true,"href":"https:\/\/bihavadis.com\/index.php\/wp-json\/wp\/v2\/media\/16258"}],"wp:attachment":[{"href":"https:\/\/bihavadis.com\/index.php\/wp-json\/wp\/v2\/media?parent=16257"}],"wp:term":[{"taxonomy":"category","embeddable":true,"href":"https:\/\/bihavadis.com\/index.php\/wp-json\/wp\/v2\/categories?post=16257"},{"taxonomy":"post_tag","embeddable":true,"href":"https:\/\/bihavadis.com\/index.php\/wp-json\/wp\/v2\/tags?post=16257"}],"curies":[{"name":"wp","href":"https:\/\/api.w.org\/{rel}","templated":true}]}}